{"id":6458,"date":"2013-05-15T12:00:49","date_gmt":"2013-05-15T10:00:49","guid":{"rendered":"http:\/\/arquitecturadegalicia.eu\/blog\/?p=6458"},"modified":"2015-06-13T20:24:28","modified_gmt":"2015-06-13T18:24:28","slug":"intervencion-no-mosterio-de-caaveiro","status":"publish","type":"post","link":"https:\/\/arquitecturadegalicia.eu\/blog\/intervencion-no-mosterio-de-caaveiro\/","title":{"rendered":"Intervenci\u00f3n na contorna do mosteiro de Caaveiro"},"content":{"rendered":"<h6 style=\"text-align: right;\"><img fetchpriority=\"high\" decoding=\"async\" class=\"size-full wp-image-6461 aligncenter\" src=\"http:\/\/arquitecturadegalicia.eu\/blog\/wp-content\/uploads\/2013\/05\/iasbelaguirre_Monasterio-de-Caaveiro-Carlos-Pardellas_10.jpg\" alt=\"isabelaguirre_Monasterio de Caaveiro Carlos Pardellas\" width=\"620\" height=\"321\" srcset=\"https:\/\/arquitecturadegalicia.eu\/blog\/wp-content\/uploads\/2013\/05\/iasbelaguirre_Monasterio-de-Caaveiro-Carlos-Pardellas_10.jpg 620w, https:\/\/arquitecturadegalicia.eu\/blog\/wp-content\/uploads\/2013\/05\/iasbelaguirre_Monasterio-de-Caaveiro-Carlos-Pardellas_10-300x155.jpg 300w\" sizes=\"(max-width: 620px) 100vw, 620px\" \/><br \/>\n<span style=\"color: #999999;\"><a style=\"color: #999999;\" href=\"http:\/\/www.laopinioncoruna.es\/servicios\/lupa\/lupa.jsp?pIdFoto=2239466&amp;pRef=2011022200_3_470188__Metro-Concluyen-rehabilitacion-monasterio-Caaveiro\" target=\"_blank\"> Carlos Pardellas<\/a><\/span><\/h6>\n<table border=\"0\" width=\"620\" cellspacing=\"0\" cellpadding=\"0\">\n<tbody>\n<tr>\n<td width=\"180\"><strong>Obra:<\/strong><\/td>\n<td>Intervenci\u00f3n na contorna do mosteiro de Caaveiro<\/td>\n<\/tr>\n<tr>\n<td><strong>Arquitecto:<\/strong><\/td>\n<td>Isabel Aguirre Urcola e Celestino Garc\u00eda Bra\u00f1a<\/td>\n<\/tr>\n<tr>\n<td><strong>Provincia:<\/strong><\/td>\n<td>A Coru\u00f1a<\/td>\n<\/tr>\n<tr>\n<td><strong>Localidade:<\/strong><\/td>\n<td>Fragas do Eume, A Capela<\/td>\n<\/tr>\n<tr>\n<td><strong>Ano:<\/strong><\/td>\n<td>2002 &#8211; 2009<\/td>\n<\/tr>\n<tr>\n<td><strong>Xeolocalizaci\u00f3n:<\/strong><\/td>\n<td><a href=\"https:\/\/www.google.com\/fusiontables\/embedviz?q=select+col6+from+1SDgapi_D5DlY376iYYP9rfBhe0o6WliHne9w0EmJ&amp;viz=MAP&amp;h=false&amp;lat=43.41538877033577&amp;lng=-8.069309666540214&amp;t=3&amp;z=16&amp;l=col6&amp;y=2&amp;tmplt=2&amp;hml=KML\" target=\"_blank\"><strong>43.417599, -8.068551<\/strong><\/a><\/td>\n<\/tr>\n<\/tbody>\n<\/table>\n<table border=\"0\" width=\"620\" cellspacing=\"0\" cellpadding=\"0\">\n<tbody>\n<tr>\n<td colspan=\"3\"><strong>Outros Datos:<\/strong><\/td>\n<\/tr>\n<tr>\n<td width=\"20\"><\/td>\n<td colspan=\"2\"><strong>Premios:<\/strong><\/td>\n<\/tr>\n<tr>\n<td width=\"20\"><\/td>\n<td width=\"20\"><\/td>\n<td width=\"580\">Ga\u00f1ador | Premio Intervenci\u00f3n no Patrimonio AADIPA. Espazos exteriores | 2015<\/td>\n<\/tr>\n<tr>\n<td width=\"20\"><\/td>\n<td colspan=\"2\"><strong>Publicaci\u00f3ns:<\/strong><\/td>\n<\/tr>\n<tr>\n<td width=\"20\"><\/td>\n<td width=\"20\"><\/td>\n<td>Avance dunha Continxencia | CGAC 2007<em><em><br \/>\n<\/em><\/em><\/p>\n<div data-canvas-width=\"247.99986965273635\">PaiseaDos 3. North Spain | n.3 | 2010<\/div>\n<\/td>\n<\/tr>\n<tr>\n<td width=\"20\"><\/td>\n<td colspan=\"2\"><strong>Informaci\u00f3n na rede:<br \/>\n<\/strong><\/td>\n<\/tr>\n<tr>\n<td width=\"20\"><\/td>\n<td width=\"20\"><\/td>\n<td><a href=\"http:\/\/www.laopinioncoruna.es\/metro\/2011\/02\/22\/concluyen-rehabilitacion-monasterio-caaveiro\/470188.html\" target=\"_blank\"><strong>laopinioncoruna.es<br \/>\n<\/strong><\/a><a href=\"http:\/\/www.lavozdegalicia.es\/ocioycultura\/2011\/02\/23\/0003_201102G23P46991.htm\" target=\"_blank\"><strong>lavozdegalicia.es<\/strong><\/a><\/td>\n<\/tr>\n<tr>\n<td width=\"20\"><\/td>\n<td colspan=\"2\"><strong>Descripci\u00f3n do proxecto: <\/strong><strong><br \/>\n<\/strong><\/td>\n<\/tr>\n<tr>\n<td width=\"20\"><\/td>\n<td width=\"20\"><\/td>\n<td style=\"text-align: justify;\">\u00abO proxecto fundam\u00e9ntase na necesidade de po\u00f1er en valor a relaci\u00f3n entre a potente natureza do Parque Natural das Fragas do Eume, onde se asenta o mosteiro, e o esp\u00edrito da soidade, recollemento e austeridade que se respira no recinto monacal. Ser\u00e1 a rehabilitaci\u00f3n da contorna e os cami\u00f1os onde se condensara esta filosof\u00eda. O longo tempo que durou o proceso serviunos para pensar e repensar cada pedra que toc\u00e1bamos.<br \/>\nOs condicionares do cami\u00f1o con, a s\u00faa forte pendente irregular e o trazado sinuoso, engad\u00edanselle as ra\u00edces das \u00e1rbores e as pedras xurdindo constantemente. Baixo a b\u00f3veda da vexetaci\u00f3n dunha beleza sobrecolledora a trav\u00e9s da cal soaba o r\u00edo. Non perturbar esta beleza foi o noso reto.<br \/>\nA elecci\u00f3n da cuarcita negra co corte de canteira en pezas de forma e espesor variables foi fundamental. A s\u00faa cor profunda como o bosque, a textura irregular como a terra, o brillo baixo a chuvia como as follas das \u00e1rbores, van incrustando o pavimento nos bordos inacabados do cami\u00f1o, entre as ra\u00edces, nas pedras. E o bosque penetra nel\u00bb<br \/>\nIsabel Aguirre<\/td>\n<\/tr>\n<tr>\n<td width=\"20\"><\/td>\n<td colspan=\"2\"><b>Reportaxe fotogr\u00e1fica:<\/b><b><br \/>\n<\/b><\/td>\n<\/tr>\n<tr>\n<td width=\"20\"><\/td>\n<td colspan=\"2\">\u00a0&#8211;<\/td>\n<\/tr>\n<tr>\n<td width=\"20\"><\/td>\n<td colspan=\"2\"><strong>Planos:<\/strong><\/td>\n<\/tr>\n<tr>\n<td width=\"20\"><\/td>\n<td colspan=\"2\"><a href=\"http:\/\/4.bp.blogspot.com\/-0uz9LbGS2bs\/TZIw8EmPrEI\/AAAAAAAAAQM\/PVcY4KRwKEo\/s400\/plano-01aaa.jpg\" target=\"_blank\">4.bp.blogspot.com<\/a><\/td>\n<\/tr>\n<\/tbody>\n<\/table>\n <\/p>\n","protected":false},"excerpt":{"rendered":"<p>\u00abO esp\u00edrito da soidade, recollemento e austeridade que se respira no recinto monacal. Ser\u00e1 a rehabilitaci\u00f3n da contorna e os cami\u00f1os onde se condensara esta filosof\u00eda\u00bb<br \/>\nIsabel Aguirre<\/p>\n","protected":false},"author":8,"featured_media":6461,"comment_status":"open","ping_status":"open","sticky":false,"template":"","format":"standard","meta":{"jetpack_post_was_ever_published":false,"_jetpack_newsletter_access":"","_jetpack_dont_email_post_to_subs":false,"_jetpack_newsletter_tier_id":0,"_jetpack_memberships_contains_paywalled_content":false,"_jetpack_memberships_contains_paid_content":false,"footnotes":"","jetpack_publicize_message":"","jetpack_publicize_feature_enabled":true,"jetpack_social_post_already_shared":true,"jetpack_social_options":{"image_generator_settings":{"template":"highway","enabled":false},"version":2}},"categories":[513],"tags":[54,141,154,99,167,100],"ano":[],"arquitectos":[],"tipoloxia":[],"class_list":["post-6458","post","type-post","status-publish","format-standard","has-post-thumbnail","hentry","category-a-capela","tag-54","tag-celestino-garcia-brana","tag-isabel-aguirre","tag-rehabilitacion","tag-relixioso","tag-remodelacion-urbana","content-print"],"jetpack_publicize_connections":[],"yoast_head":"<!-- This site is optimized with the Yoast SEO plugin v24.1 - https:\/\/yoast.com\/wordpress\/plugins\/seo\/ -->\n<title>Intervenci\u00f3n na contorna do mosteiro de Caaveiro | AG<\/title>\n<meta name=\"robots\" content=\"index, follow, max-snippet:-1, max-image-preview:large, max-video-preview:-1\" \/>\n<link rel=\"canonical\" href=\"http:\/\/arquitecturadegalicia.eu\/blog\/intervencion-no-mosterio-de-caaveiro\/\" \/>\n<meta property=\"og:locale\" content=\"es_ES\" \/>\n<meta property=\"og:type\" content=\"article\" \/>\n<meta property=\"og:title\" content=\"Intervenci\u00f3n na contorna do mosteiro de Caaveiro | AG\" \/>\n<meta property=\"og:description\" content=\"&quot;O esp\u00edrito da soidade, recollemento e austeridade que se respira no recinto monacal. Ser\u00e1 a rehabilitaci\u00f3n da contorna e os cami\u00f1os onde se condensara esta filosof\u00eda&quot; Isabel Aguirre\" \/>\n<meta property=\"og:url\" content=\"http:\/\/arquitecturadegalicia.eu\/blog\/intervencion-no-mosterio-de-caaveiro\/\" \/>\n<meta property=\"og:site_name\" content=\"AG\" \/>\n<meta property=\"article:publisher\" content=\"https:\/\/www.facebook.com\/ArquitecturadeGalicia\/\" \/>\n<meta property=\"article:published_time\" content=\"2013-05-15T10:00:49+00:00\" \/>\n<meta property=\"article:modified_time\" content=\"2015-06-13T18:24:28+00:00\" \/>\n<meta property=\"og:image\" content=\"http:\/\/arquitecturadegalicia.eu\/blog\/wp-content\/uploads\/2013\/05\/iasbelaguirre_Monasterio-de-Caaveiro-Carlos-Pardellas_10.jpg\" \/>\n\t<meta property=\"og:image:width\" content=\"620\" \/>\n\t<meta property=\"og:image:height\" content=\"321\" \/>\n\t<meta property=\"og:image:type\" content=\"image\/jpeg\" \/>\n<meta name=\"author\" content=\"Iago Valverde\" \/>\n<meta name=\"twitter:card\" content=\"summary_large_image\" \/>\n<meta name=\"twitter:creator\" content=\"@arquigaliciaeu\" \/>\n<meta name=\"twitter:site\" content=\"@arquigaliciaeu\" \/>\n<meta name=\"twitter:label1\" content=\"Escrito por\" \/>\n\t<meta name=\"twitter:data1\" content=\"Iago Valverde\" \/>\n\t<meta name=\"twitter:label2\" content=\"Tiempo de lectura\" \/>\n\t<meta name=\"twitter:data2\" content=\"1 minuto\" \/>\n<script type=\"application\/ld+json\" class=\"yoast-schema-graph\">{\"@context\":\"https:\/\/schema.org\",\"@graph\":[{\"@type\":\"Article\",\"@id\":\"http:\/\/arquitecturadegalicia.eu\/blog\/intervencion-no-mosterio-de-caaveiro\/#article\",\"isPartOf\":{\"@id\":\"http:\/\/arquitecturadegalicia.eu\/blog\/intervencion-no-mosterio-de-caaveiro\/\"},\"author\":{\"name\":\"Iago Valverde\",\"@id\":\"https:\/\/arquitecturadegalicia.eu\/blog\/#\/schema\/person\/a51297ea3eeddd32ccbd89a218e148f1\"},\"headline\":\"Intervenci\u00f3n na contorna do mosteiro de Caaveiro\",\"datePublished\":\"2013-05-15T10:00:49+00:00\",\"dateModified\":\"2015-06-13T18:24:28+00:00\",\"mainEntityOfPage\":{\"@id\":\"http:\/\/arquitecturadegalicia.eu\/blog\/intervencion-no-mosterio-de-caaveiro\/\"},\"wordCount\":294,\"commentCount\":0,\"publisher\":{\"@id\":\"https:\/\/arquitecturadegalicia.eu\/blog\/#organization\"},\"image\":{\"@id\":\"http:\/\/arquitecturadegalicia.eu\/blog\/intervencion-no-mosterio-de-caaveiro\/#primaryimage\"},\"thumbnailUrl\":\"https:\/\/arquitecturadegalicia.eu\/blog\/wp-content\/uploads\/2013\/05\/iasbelaguirre_Monasterio-de-Caaveiro-Carlos-Pardellas_10.jpg\",\"keywords\":[\"2009\",\"Celestino Garc\u00eda Bra\u00f1a\",\"Isabel Aguirre\",\"rehabilitaci\u00f3n\",\"relixioso\",\"remodelaci\u00f3n urbana\"],\"articleSection\":[\"A Capela\"],\"inLanguage\":\"es\",\"potentialAction\":[{\"@type\":\"CommentAction\",\"name\":\"Comment\",\"target\":[\"http:\/\/arquitecturadegalicia.eu\/blog\/intervencion-no-mosterio-de-caaveiro\/#respond\"]}]},{\"@type\":\"WebPage\",\"@id\":\"http:\/\/arquitecturadegalicia.eu\/blog\/intervencion-no-mosterio-de-caaveiro\/\",\"url\":\"http:\/\/arquitecturadegalicia.eu\/blog\/intervencion-no-mosterio-de-caaveiro\/\",\"name\":\"Intervenci\u00f3n na contorna do mosteiro de Caaveiro | AG\",\"isPartOf\":{\"@id\":\"https:\/\/arquitecturadegalicia.eu\/blog\/#website\"},\"primaryImageOfPage\":{\"@id\":\"http:\/\/arquitecturadegalicia.eu\/blog\/intervencion-no-mosterio-de-caaveiro\/#primaryimage\"},\"image\":{\"@id\":\"http:\/\/arquitecturadegalicia.eu\/blog\/intervencion-no-mosterio-de-caaveiro\/#primaryimage\"},\"thumbnailUrl\":\"https:\/\/arquitecturadegalicia.eu\/blog\/wp-content\/uploads\/2013\/05\/iasbelaguirre_Monasterio-de-Caaveiro-Carlos-Pardellas_10.jpg\",\"datePublished\":\"2013-05-15T10:00:49+00:00\",\"dateModified\":\"2015-06-13T18:24:28+00:00\",\"breadcrumb\":{\"@id\":\"http:\/\/arquitecturadegalicia.eu\/blog\/intervencion-no-mosterio-de-caaveiro\/#breadcrumb\"},\"inLanguage\":\"es\",\"potentialAction\":[{\"@type\":\"ReadAction\",\"target\":[\"http:\/\/arquitecturadegalicia.eu\/blog\/intervencion-no-mosterio-de-caaveiro\/\"]}]},{\"@type\":\"ImageObject\",\"inLanguage\":\"es\",\"@id\":\"http:\/\/arquitecturadegalicia.eu\/blog\/intervencion-no-mosterio-de-caaveiro\/#primaryimage\",\"url\":\"https:\/\/arquitecturadegalicia.eu\/blog\/wp-content\/uploads\/2013\/05\/iasbelaguirre_Monasterio-de-Caaveiro-Carlos-Pardellas_10.jpg\",\"contentUrl\":\"https:\/\/arquitecturadegalicia.eu\/blog\/wp-content\/uploads\/2013\/05\/iasbelaguirre_Monasterio-de-Caaveiro-Carlos-Pardellas_10.jpg\",\"width\":620,\"height\":321},{\"@type\":\"BreadcrumbList\",\"@id\":\"http:\/\/arquitecturadegalicia.eu\/blog\/intervencion-no-mosterio-de-caaveiro\/#breadcrumb\",\"itemListElement\":[{\"@type\":\"ListItem\",\"position\":1,\"name\":\"Portada\",\"item\":\"https:\/\/arquitecturadegalicia.eu\/blog\/\"},{\"@type\":\"ListItem\",\"position\":2,\"name\":\"Intervenci\u00f3n na contorna do mosteiro de Caaveiro\"}]},{\"@type\":\"WebSite\",\"@id\":\"https:\/\/arquitecturadegalicia.eu\/blog\/#website\",\"url\":\"https:\/\/arquitecturadegalicia.eu\/blog\/\",\"name\":\"AG\",\"description\":\"Arquitectura de Galicia\",\"publisher\":{\"@id\":\"https:\/\/arquitecturadegalicia.eu\/blog\/#organization\"},\"potentialAction\":[{\"@type\":\"SearchAction\",\"target\":{\"@type\":\"EntryPoint\",\"urlTemplate\":\"https:\/\/arquitecturadegalicia.eu\/blog\/?s={search_term_string}\"},\"query-input\":{\"@type\":\"PropertyValueSpecification\",\"valueRequired\":true,\"valueName\":\"search_term_string\"}}],\"inLanguage\":\"es\"},{\"@type\":\"Organization\",\"@id\":\"https:\/\/arquitecturadegalicia.eu\/blog\/#organization\",\"name\":\"Arquitectura de Galicia\",\"url\":\"https:\/\/arquitecturadegalicia.eu\/blog\/\",\"logo\":{\"@type\":\"ImageObject\",\"inLanguage\":\"es\",\"@id\":\"https:\/\/arquitecturadegalicia.eu\/blog\/#\/schema\/logo\/image\/\",\"url\":\"https:\/\/arquitecturadegalicia.eu\/blog\/wp-content\/uploads\/2017\/01\/arquitecturacurrents2.png\",\"contentUrl\":\"https:\/\/arquitecturadegalicia.eu\/blog\/wp-content\/uploads\/2017\/01\/arquitecturacurrents2.png\",\"width\":840,\"height\":640,\"caption\":\"Arquitectura de Galicia\"},\"image\":{\"@id\":\"https:\/\/arquitecturadegalicia.eu\/blog\/#\/schema\/logo\/image\/\"},\"sameAs\":[\"https:\/\/www.facebook.com\/ArquitecturadeGalicia\/\",\"https:\/\/x.com\/arquigaliciaeu\",\"https:\/\/www.instagram.com\/arquigaliciaeu\/\"]},{\"@type\":\"Person\",\"@id\":\"https:\/\/arquitecturadegalicia.eu\/blog\/#\/schema\/person\/a51297ea3eeddd32ccbd89a218e148f1\",\"name\":\"Iago Valverde\",\"image\":{\"@type\":\"ImageObject\",\"inLanguage\":\"es\",\"@id\":\"https:\/\/arquitecturadegalicia.eu\/blog\/#\/schema\/person\/image\/\",\"url\":\"https:\/\/secure.gravatar.com\/avatar\/eb8a9f2f10ff79db5c78989d92f1e8b2?s=96&d=mm&r=g\",\"contentUrl\":\"https:\/\/secure.gravatar.com\/avatar\/eb8a9f2f10ff79db5c78989d92f1e8b2?s=96&d=mm&r=g\",\"caption\":\"Iago Valverde\"},\"description\":\"Nigr\u00e1n | Edici\u00f3n de artigos e xeolocalizaci\u00f3n | Arquitecto en formaci\u00f3n na ETSAC e cursando PFC. Interesado en urbanismo, arquitectura, pol\u00edtica, e todo aquilo que \u00e9 complexo e vital\",\"url\":\"https:\/\/arquitecturadegalicia.eu\/blog\/author\/iago-valverde\/\"}]}<\/script>\n<!-- \/ Yoast SEO plugin. -->","yoast_head_json":{"title":"Intervenci\u00f3n na contorna do mosteiro de Caaveiro | AG","robots":{"index":"index","follow":"follow","max-snippet":"max-snippet:-1","max-image-preview":"max-image-preview:large","max-video-preview":"max-video-preview:-1"},"canonical":"http:\/\/arquitecturadegalicia.eu\/blog\/intervencion-no-mosterio-de-caaveiro\/","og_locale":"es_ES","og_type":"article","og_title":"Intervenci\u00f3n na contorna do mosteiro de Caaveiro | AG","og_description":"\"O esp\u00edrito da soidade, recollemento e austeridade que se respira no recinto monacal. Ser\u00e1 a rehabilitaci\u00f3n da contorna e os cami\u00f1os onde se condensara esta filosof\u00eda\" Isabel Aguirre","og_url":"http:\/\/arquitecturadegalicia.eu\/blog\/intervencion-no-mosterio-de-caaveiro\/","og_site_name":"AG","article_publisher":"https:\/\/www.facebook.com\/ArquitecturadeGalicia\/","article_published_time":"2013-05-15T10:00:49+00:00","article_modified_time":"2015-06-13T18:24:28+00:00","og_image":[{"width":620,"height":321,"url":"http:\/\/arquitecturadegalicia.eu\/blog\/wp-content\/uploads\/2013\/05\/iasbelaguirre_Monasterio-de-Caaveiro-Carlos-Pardellas_10.jpg","type":"image\/jpeg"}],"author":"Iago Valverde","twitter_card":"summary_large_image","twitter_creator":"@arquigaliciaeu","twitter_site":"@arquigaliciaeu","twitter_misc":{"Escrito por":"Iago Valverde","Tiempo de lectura":"1 minuto"},"schema":{"@context":"https:\/\/schema.org","@graph":[{"@type":"Article","@id":"http:\/\/arquitecturadegalicia.eu\/blog\/intervencion-no-mosterio-de-caaveiro\/#article","isPartOf":{"@id":"http:\/\/arquitecturadegalicia.eu\/blog\/intervencion-no-mosterio-de-caaveiro\/"},"author":{"name":"Iago Valverde","@id":"https:\/\/arquitecturadegalicia.eu\/blog\/#\/schema\/person\/a51297ea3eeddd32ccbd89a218e148f1"},"headline":"Intervenci\u00f3n na contorna do mosteiro de Caaveiro","datePublished":"2013-05-15T10:00:49+00:00","dateModified":"2015-06-13T18:24:28+00:00","mainEntityOfPage":{"@id":"http:\/\/arquitecturadegalicia.eu\/blog\/intervencion-no-mosterio-de-caaveiro\/"},"wordCount":294,"commentCount":0,"publisher":{"@id":"https:\/\/arquitecturadegalicia.eu\/blog\/#organization"},"image":{"@id":"http:\/\/arquitecturadegalicia.eu\/blog\/intervencion-no-mosterio-de-caaveiro\/#primaryimage"},"thumbnailUrl":"https:\/\/arquitecturadegalicia.eu\/blog\/wp-content\/uploads\/2013\/05\/iasbelaguirre_Monasterio-de-Caaveiro-Carlos-Pardellas_10.jpg","keywords":["2009","Celestino Garc\u00eda Bra\u00f1a","Isabel Aguirre","rehabilitaci\u00f3n","relixioso","remodelaci\u00f3n urbana"],"articleSection":["A Capela"],"inLanguage":"es","potentialAction":[{"@type":"CommentAction","name":"Comment","target":["http:\/\/arquitecturadegalicia.eu\/blog\/intervencion-no-mosterio-de-caaveiro\/#respond"]}]},{"@type":"WebPage","@id":"http:\/\/arquitecturadegalicia.eu\/blog\/intervencion-no-mosterio-de-caaveiro\/","url":"http:\/\/arquitecturadegalicia.eu\/blog\/intervencion-no-mosterio-de-caaveiro\/","name":"Intervenci\u00f3n na contorna do mosteiro de Caaveiro | AG","isPartOf":{"@id":"https:\/\/arquitecturadegalicia.eu\/blog\/#website"},"primaryImageOfPage":{"@id":"http:\/\/arquitecturadegalicia.eu\/blog\/intervencion-no-mosterio-de-caaveiro\/#primaryimage"},"image":{"@id":"http:\/\/arquitecturadegalicia.eu\/blog\/intervencion-no-mosterio-de-caaveiro\/#primaryimage"},"thumbnailUrl":"https:\/\/arquitecturadegalicia.eu\/blog\/wp-content\/uploads\/2013\/05\/iasbelaguirre_Monasterio-de-Caaveiro-Carlos-Pardellas_10.jpg","datePublished":"2013-05-15T10:00:49+00:00","dateModified":"2015-06-13T18:24:28+00:00","breadcrumb":{"@id":"http:\/\/arquitecturadegalicia.eu\/blog\/intervencion-no-mosterio-de-caaveiro\/#breadcrumb"},"inLanguage":"es","potentialAction":[{"@type":"ReadAction","target":["http:\/\/arquitecturadegalicia.eu\/blog\/intervencion-no-mosterio-de-caaveiro\/"]}]},{"@type":"ImageObject","inLanguage":"es","@id":"http:\/\/arquitecturadegalicia.eu\/blog\/intervencion-no-mosterio-de-caaveiro\/#primaryimage","url":"https:\/\/arquitecturadegalicia.eu\/blog\/wp-content\/uploads\/2013\/05\/iasbelaguirre_Monasterio-de-Caaveiro-Carlos-Pardellas_10.jpg","contentUrl":"https:\/\/arquitecturadegalicia.eu\/blog\/wp-content\/uploads\/2013\/05\/iasbelaguirre_Monasterio-de-Caaveiro-Carlos-Pardellas_10.jpg","width":620,"height":321},{"@type":"BreadcrumbList","@id":"http:\/\/arquitecturadegalicia.eu\/blog\/intervencion-no-mosterio-de-caaveiro\/#breadcrumb","itemListElement":[{"@type":"ListItem","position":1,"name":"Portada","item":"https:\/\/arquitecturadegalicia.eu\/blog\/"},{"@type":"ListItem","position":2,"name":"Intervenci\u00f3n na contorna do mosteiro de Caaveiro"}]},{"@type":"WebSite","@id":"https:\/\/arquitecturadegalicia.eu\/blog\/#website","url":"https:\/\/arquitecturadegalicia.eu\/blog\/","name":"AG","description":"Arquitectura de Galicia","publisher":{"@id":"https:\/\/arquitecturadegalicia.eu\/blog\/#organization"},"potentialAction":[{"@type":"SearchAction","target":{"@type":"EntryPoint","urlTemplate":"https:\/\/arquitecturadegalicia.eu\/blog\/?s={search_term_string}"},"query-input":{"@type":"PropertyValueSpecification","valueRequired":true,"valueName":"search_term_string"}}],"inLanguage":"es"},{"@type":"Organization","@id":"https:\/\/arquitecturadegalicia.eu\/blog\/#organization","name":"Arquitectura de Galicia","url":"https:\/\/arquitecturadegalicia.eu\/blog\/","logo":{"@type":"ImageObject","inLanguage":"es","@id":"https:\/\/arquitecturadegalicia.eu\/blog\/#\/schema\/logo\/image\/","url":"https:\/\/arquitecturadegalicia.eu\/blog\/wp-content\/uploads\/2017\/01\/arquitecturacurrents2.png","contentUrl":"https:\/\/arquitecturadegalicia.eu\/blog\/wp-content\/uploads\/2017\/01\/arquitecturacurrents2.png","width":840,"height":640,"caption":"Arquitectura de Galicia"},"image":{"@id":"https:\/\/arquitecturadegalicia.eu\/blog\/#\/schema\/logo\/image\/"},"sameAs":["https:\/\/www.facebook.com\/ArquitecturadeGalicia\/","https:\/\/x.com\/arquigaliciaeu","https:\/\/www.instagram.com\/arquigaliciaeu\/"]},{"@type":"Person","@id":"https:\/\/arquitecturadegalicia.eu\/blog\/#\/schema\/person\/a51297ea3eeddd32ccbd89a218e148f1","name":"Iago Valverde","image":{"@type":"ImageObject","inLanguage":"es","@id":"https:\/\/arquitecturadegalicia.eu\/blog\/#\/schema\/person\/image\/","url":"https:\/\/secure.gravatar.com\/avatar\/eb8a9f2f10ff79db5c78989d92f1e8b2?s=96&d=mm&r=g","contentUrl":"https:\/\/secure.gravatar.com\/avatar\/eb8a9f2f10ff79db5c78989d92f1e8b2?s=96&d=mm&r=g","caption":"Iago Valverde"},"description":"Nigr\u00e1n | Edici\u00f3n de artigos e xeolocalizaci\u00f3n | Arquitecto en formaci\u00f3n na ETSAC e cursando PFC. Interesado en urbanismo, arquitectura, pol\u00edtica, e todo aquilo que \u00e9 complexo e vital","url":"https:\/\/arquitecturadegalicia.eu\/blog\/author\/iago-valverde\/"}]}},"jetpack_featured_media_url":"https:\/\/arquitecturadegalicia.eu\/blog\/wp-content\/uploads\/2013\/05\/iasbelaguirre_Monasterio-de-Caaveiro-Carlos-Pardellas_10.jpg","jetpack_shortlink":"https:\/\/wp.me\/p2NHs2-1Ga","jetpack_sharing_enabled":true,"_links":{"self":[{"href":"https:\/\/arquitecturadegalicia.eu\/blog\/wp-json\/wp\/v2\/posts\/6458","targetHints":{"allow":["GET"]}}],"collection":[{"href":"https:\/\/arquitecturadegalicia.eu\/blog\/wp-json\/wp\/v2\/posts"}],"about":[{"href":"https:\/\/arquitecturadegalicia.eu\/blog\/wp-json\/wp\/v2\/types\/post"}],"author":[{"embeddable":true,"href":"https:\/\/arquitecturadegalicia.eu\/blog\/wp-json\/wp\/v2\/users\/8"}],"replies":[{"embeddable":true,"href":"https:\/\/arquitecturadegalicia.eu\/blog\/wp-json\/wp\/v2\/comments?post=6458"}],"version-history":[{"count":14,"href":"https:\/\/arquitecturadegalicia.eu\/blog\/wp-json\/wp\/v2\/posts\/6458\/revisions"}],"predecessor-version":[{"id":13673,"href":"https:\/\/arquitecturadegalicia.eu\/blog\/wp-json\/wp\/v2\/posts\/6458\/revisions\/13673"}],"wp:featuredmedia":[{"embeddable":true,"href":"https:\/\/arquitecturadegalicia.eu\/blog\/wp-json\/wp\/v2\/media\/6461"}],"wp:attachment":[{"href":"https:\/\/arquitecturadegalicia.eu\/blog\/wp-json\/wp\/v2\/media?parent=6458"}],"wp:term":[{"taxonomy":"category","embeddable":true,"href":"https:\/\/arquitecturadegalicia.eu\/blog\/wp-json\/wp\/v2\/categories?post=6458"},{"taxonomy":"post_tag","embeddable":true,"href":"https:\/\/arquitecturadegalicia.eu\/blog\/wp-json\/wp\/v2\/tags?post=6458"},{"taxonomy":"ano","embeddable":true,"href":"https:\/\/arquitecturadegalicia.eu\/blog\/wp-json\/wp\/v2\/ano?post=6458"},{"taxonomy":"arquitectos","embeddable":true,"href":"https:\/\/arquitecturadegalicia.eu\/blog\/wp-json\/wp\/v2\/arquitectos?post=6458"},{"taxonomy":"tipoloxia","embeddable":true,"href":"https:\/\/arquitecturadegalicia.eu\/blog\/wp-json\/wp\/v2\/tipoloxia?post=6458"}],"curies":[{"name":"wp","href":"https:\/\/api.w.org\/{rel}","templated":true}]}}