{"id":7063,"date":"2013-07-05T20:00:08","date_gmt":"2013-07-05T18:00:08","guid":{"rendered":"http:\/\/arquitecturadegalicia.eu\/blog\/?p=7063"},"modified":"2013-06-22T18:10:45","modified_gmt":"2013-06-22T16:10:45","slug":"centro-de-saude-en-monterroso","status":"publish","type":"post","link":"https:\/\/arquitecturadegalicia.eu\/blog\/centro-de-saude-en-monterroso\/","title":{"rendered":"Centro de Sa\u00fade en Monterroso"},"content":{"rendered":"<p><img fetchpriority=\"high\" decoding=\"async\" class=\"aligncenter size-full wp-image-7065\" alt=\"Centro de Salud | Monterroso | abaloalonso | santos diez\" src=\"http:\/\/arquitecturadegalicia.eu\/blog\/wp-content\/uploads\/2013\/06\/aa_mtr_001_55761.jpg\" width=\"620\" height=\"349\" srcset=\"https:\/\/arquitecturadegalicia.eu\/blog\/wp-content\/uploads\/2013\/06\/aa_mtr_001_55761.jpg 620w, https:\/\/arquitecturadegalicia.eu\/blog\/wp-content\/uploads\/2013\/06\/aa_mtr_001_55761-300x168.jpg 300w\" sizes=\"(max-width: 620px) 100vw, 620px\" \/><\/p>\n<p style=\"text-align: right;\"><a style=\"font-size: 0.75em; text-align: right;\" href=\"http:\/\/www.santos-diez.com\/\" target=\"_blank\"><span style=\"color: #c0c0c0;\">Santos-D\u00edez<\/span><\/a> | <a style=\"font-size: 0.75em; text-align: right;\" href=\"http:\/\/www.bisimages.com\/\" target=\"_blank\"><span style=\"color: #c0c0c0;\">BISimages<\/span><\/a><\/p>\n<table class=\"aligncenter\" width=\"620\" border=\"0\" cellspacing=\"0\" cellpadding=\"0\">\n<tbody>\n<tr>\n<td width=\"180\"><strong>Obra:<\/strong><\/td>\n<td>\u00a0Centro de Sa\u00fade en Monterroso<\/td>\n<\/tr>\n<tr>\n<td><strong>Arquitecto:<\/strong><\/td>\n<td>\u00a0Abalo Alonso Arquitectos<\/td>\n<\/tr>\n<tr>\n<td><strong>Provincia:<\/strong><\/td>\n<td>\u00a0Lugo<\/td>\n<\/tr>\n<tr>\n<td><strong>Localidade:<\/strong><\/td>\n<td>\u00a0Monterroso<\/td>\n<\/tr>\n<tr>\n<td><strong>Ano:<\/strong><\/td>\n<td>\u00a02013<\/td>\n<\/tr>\n<tr>\n<td><strong>Xeolocalizaci\u00f3n:<\/strong><\/td>\n<td>\u00a0<strong><a href=\"https:\/\/maps.google.com\/maps\/ms?ie=UTF8&amp;t=h&amp;vpsrc=6&amp;hl=es&amp;oe=UTF8&amp;dg=feature&amp;msa=0&amp;msid=205584753861089304839.0004b3590a9baff01c53d&amp;num=200&amp;start=400&amp;ll=42.793055,-7.836417&amp;spn=0.005165,0.011362&amp;z=17&amp;iwloc=0004df38bbafdecad741a\" target=\"_blank\">42.793,-7.836<\/a><\/strong><\/td>\n<\/tr>\n<\/tbody>\n<\/table>\n<table class=\" aligncenter\" width=\"620\" border=\"0\" cellspacing=\"0\" cellpadding=\"0\">\n<tbody>\n<tr>\n<td colspan=\"3\"><strong>Outros Datos:<\/strong><\/td>\n<\/tr>\n<tr>\n<td width=\"20\"><\/td>\n<td colspan=\"2\"><strong>Premios:<\/strong><\/td>\n<\/tr>\n<tr>\n<td width=\"20\"><\/td>\n<td width=\"20\"><\/td>\n<td width=\"580\"><\/td>\n<\/tr>\n<tr>\n<td width=\"20\"><\/td>\n<td colspan=\"2\"><strong>Publicaci\u00f3ns:<\/strong><\/td>\n<\/tr>\n<tr>\n<td width=\"20\"><\/td>\n<td width=\"20\"><\/td>\n<td><\/td>\n<\/tr>\n<tr>\n<td width=\"20\"><\/td>\n<td colspan=\"2\"><strong>Informaci\u00f3n na rede:<\/strong><\/td>\n<\/tr>\n<tr>\n<td width=\"20\"><\/td>\n<td width=\"20\"><\/td>\n<td><strong><a href=\"http:\/\/www.abaloalonso.es\/trabajo\/centro-de-salud-2\/\" target=\"_blank\">abaloalonso.es<\/a><br \/>\n<a href=\"http:\/\/veredes.es\/blog\/centro-de-salud-en-monterroso-abalo-alonso-arquitectos\/\" target=\"_blank\">veredes.es<\/a><br \/>\n<a href=\"http:\/\/blogs.elpais.com\/del-tirador-a-la-ciudad\/2013\/05\/el-edificio-pizarra.html\" target=\"_blank\">blog.elpais.com<\/a><br \/>\n<a href=\"http:\/\/hicarquitectura.com\/2013\/04\/abalo-alonso-arquitectos-centro-de-salud-lugo\/\" target=\"_blank\">hicarquitectura.com<\/a><\/strong><\/td>\n<\/tr>\n<tr>\n<td width=\"20\"><\/td>\n<td colspan=\"2\"><strong>Descripci\u00f3n do proxecto:<\/strong><\/td>\n<\/tr>\n<tr>\n<td width=\"20\"><\/td>\n<td width=\"20\"><\/td>\n<td>\u00ab<em><span style=\"line-height: 19px;\">Monterroso es una peque\u00f1a villa del interior de la provincia de Lugo, \u00a0famosa por su feria anual, \u00a0que se celebra el d\u00eda de difuntos\u00a0desde hace \u00a0m\u00e1s de quinientos a\u00f1os. Como suele ocurrir en estos casos, el servicio del centro de salud cubre un \u00e1rea mayor que el propio n\u00facleo principal del Ayuntamiento, y con una poblaci\u00f3n sensiblemente envejecida. Adquiere, por tanto, una importancia significativa el apeadero de autobuses, ubicado en el extremo noroeste de la manzana, y quiz\u00e1s no tanto la posible relaci\u00f3n con la cercana sede municipal, al noreste.<br \/>\n<\/span><\/em><span style=\"line-height: 19px;\"><em>El inmueble ocupa la totalidad de la parcela. Linda al este y sur con v\u00edas urbanas y al oeste con una peque\u00f1a zona verde compartida con el mencionado apeadero. Tanto la pendiente existente, como la ubicaci\u00f3n de dicho apeadero nos sugieren acceder, a nivel, por la esquina suroeste, de tal forma que el edificio se hunde ligeramente y favorece no solo el soleamiento de la calle superior, sino su lectura como tapia, m\u00e1s acorde en cuesti\u00f3n de escala con el entorno rural en que nos encontramos. En esta planta de acceso se encuentran, hacia el sur, pediatr\u00eda, hacia el norte, las consultas generales, y en el centro, la recepci\u00f3n, con los servicios auxiliares detr\u00e1s. Dos vol\u00famenes emergen de la compacta construcci\u00f3n; el \u00e1rea privada de m\u00e9dicos, con un vac\u00edo a doble altura sobre el acceso principal, y un lucernario que, con los entrantes en el alzado oeste, animan la zona de espera. Cuatro patios matizan el contacto con el exterior. En la planta s\u00f3tano se sit\u00faan las \u00e1reas de mujer, fisioterapia, odontolog\u00eda e instalaciones, iluminadas y ventiladas por estos patios ingleses para favorecer la intimidad de vistas. Una piel continua de pizarra cubre fachadas y cubiertas, con roturas estrat\u00e9gicas de acero galvanizado en acceso, patios y huecos principales, y contrasta con el c\u00e1lido interior forrado de roble.<\/em>\u00bb Abalo Alonso Arquitectos<\/span><\/td>\n<\/tr>\n<tr>\n<td width=\"20\"><\/td>\n<td colspan=\"2\"><b>Reportaxe fotogr\u00e1fica: \u00a0<a href=\"http:\/\/santos-diez.com\/\" target=\"_blank\">Santos-D\u00edez<\/a> | <a href=\"http:\/\/www.bisimages.com\/\" target=\"_blank\">Bisimages<\/a><\/b><\/td>\n<\/tr>\n<tr>\n<td width=\"20\"><\/td>\n<td colspan=\"2\"><\/td>\n<\/tr>\n<tr>\n<td width=\"20\"><\/td>\n<td colspan=\"2\"><strong>Planos:<\/strong><\/td>\n<\/tr>\n<tr>\n<td width=\"20\"><\/td>\n<td colspan=\"2\"><\/td>\n<\/tr>\n<\/tbody>\n<\/table>\n","protected":false},"excerpt":{"rendered":"<p>Monterroso es una peque\u00f1a villa del interior de la provincia de Lugo,  famosa por su feria anual,  que se celebra el d\u00eda de difuntos desde hace  m\u00e1s de quinientos a\u00f1os. Como suele ocurrir en estos casos, el servicio del centro de salud cubre un \u00e1rea mayor que el propio n\u00facleo principal del Ayuntamiento, y con una poblaci\u00f3n sensiblemente envejecida.<\/p>\n","protected":false},"author":7,"featured_media":7065,"comment_status":"open","ping_status":"open","sticky":false,"template":"","format":"standard","meta":{"jetpack_post_was_ever_published":false,"_jetpack_newsletter_access":"","_jetpack_dont_email_post_to_subs":false,"_jetpack_newsletter_tier_id":0,"_jetpack_memberships_contains_paywalled_content":false,"_jetpack_memberships_contains_paid_content":false,"footnotes":"","jetpack_publicize_message":"","jetpack_publicize_feature_enabled":true,"jetpack_social_post_already_shared":true,"jetpack_social_options":{"image_generator_settings":{"template":"highway","enabled":false},"version":2}},"categories":[552],"tags":[539,58,74],"ano":[],"arquitectos":[],"tipoloxia":[],"class_list":["post-7063","post","type-post","status-publish","format-standard","has-post-thumbnail","hentry","category-monterroso","tag-539","tag-abaloalonso","tag-centro-de-saude","content-print"],"jetpack_publicize_connections":[],"yoast_head":"<!-- This site is optimized with the Yoast SEO plugin v24.1 - https:\/\/yoast.com\/wordpress\/plugins\/seo\/ -->\n<title>Centro de Sa\u00fade en Monterroso | AG<\/title>\n<meta name=\"robots\" content=\"index, follow, max-snippet:-1, max-image-preview:large, max-video-preview:-1\" \/>\n<link rel=\"canonical\" href=\"https:\/\/arquitecturadegalicia.eu\/blog\/centro-de-saude-en-monterroso\/\" \/>\n<meta property=\"og:locale\" content=\"es_ES\" \/>\n<meta property=\"og:type\" content=\"article\" \/>\n<meta property=\"og:title\" content=\"Centro de Sa\u00fade en Monterroso | AG\" \/>\n<meta property=\"og:description\" content=\"Monterroso es una peque\u00f1a villa del interior de la provincia de Lugo, famosa por su feria anual, que se celebra el d\u00eda de difuntos desde hace m\u00e1s de quinientos a\u00f1os. Como suele ocurrir en estos casos, el servicio del centro de salud cubre un \u00e1rea mayor que el propio n\u00facleo principal del Ayuntamiento, y con una poblaci\u00f3n sensiblemente envejecida.\" \/>\n<meta property=\"og:url\" content=\"https:\/\/arquitecturadegalicia.eu\/blog\/centro-de-saude-en-monterroso\/\" \/>\n<meta property=\"og:site_name\" content=\"AG\" \/>\n<meta property=\"article:publisher\" content=\"https:\/\/www.facebook.com\/ArquitecturadeGalicia\/\" \/>\n<meta property=\"article:published_time\" content=\"2013-07-05T18:00:08+00:00\" \/>\n<meta property=\"article:modified_time\" content=\"2013-06-22T16:10:45+00:00\" \/>\n<meta property=\"og:image\" content=\"https:\/\/arquitecturadegalicia.eu\/blog\/wp-content\/uploads\/2013\/06\/aa_mtr_001_55761.jpg\" \/>\n\t<meta property=\"og:image:width\" content=\"620\" \/>\n\t<meta property=\"og:image:height\" content=\"349\" \/>\n\t<meta property=\"og:image:type\" content=\"image\/jpeg\" \/>\n<meta name=\"author\" content=\"Dario Vallina\" \/>\n<meta name=\"twitter:card\" content=\"summary_large_image\" \/>\n<meta name=\"twitter:creator\" content=\"@arquigaliciaeu\" \/>\n<meta name=\"twitter:site\" content=\"@arquigaliciaeu\" \/>\n<meta name=\"twitter:label1\" content=\"Escrito por\" \/>\n\t<meta name=\"twitter:data1\" content=\"Dario Vallina\" \/>\n\t<meta name=\"twitter:label2\" content=\"Tiempo de lectura\" \/>\n\t<meta name=\"twitter:data2\" content=\"2 minutos\" \/>\n<script type=\"application\/ld+json\" class=\"yoast-schema-graph\">{\"@context\":\"https:\/\/schema.org\",\"@graph\":[{\"@type\":\"Article\",\"@id\":\"https:\/\/arquitecturadegalicia.eu\/blog\/centro-de-saude-en-monterroso\/#article\",\"isPartOf\":{\"@id\":\"https:\/\/arquitecturadegalicia.eu\/blog\/centro-de-saude-en-monterroso\/\"},\"author\":{\"name\":\"Dario Vallina\",\"@id\":\"https:\/\/arquitecturadegalicia.eu\/blog\/#\/schema\/person\/abcb74b3399abffb9dabced36488ac35\"},\"headline\":\"Centro de Sa\u00fade en Monterroso\",\"datePublished\":\"2013-07-05T18:00:08+00:00\",\"dateModified\":\"2013-06-22T16:10:45+00:00\",\"mainEntityOfPage\":{\"@id\":\"https:\/\/arquitecturadegalicia.eu\/blog\/centro-de-saude-en-monterroso\/\"},\"wordCount\":393,\"commentCount\":0,\"publisher\":{\"@id\":\"https:\/\/arquitecturadegalicia.eu\/blog\/#organization\"},\"image\":{\"@id\":\"https:\/\/arquitecturadegalicia.eu\/blog\/centro-de-saude-en-monterroso\/#primaryimage\"},\"thumbnailUrl\":\"https:\/\/arquitecturadegalicia.eu\/blog\/wp-content\/uploads\/2013\/06\/aa_mtr_001_55761.jpg\",\"keywords\":[\"2013\",\"Abalo+Alonso\",\"centro de sa\u00fade\"],\"articleSection\":[\"Monterroso\"],\"inLanguage\":\"es\",\"potentialAction\":[{\"@type\":\"CommentAction\",\"name\":\"Comment\",\"target\":[\"https:\/\/arquitecturadegalicia.eu\/blog\/centro-de-saude-en-monterroso\/#respond\"]}]},{\"@type\":\"WebPage\",\"@id\":\"https:\/\/arquitecturadegalicia.eu\/blog\/centro-de-saude-en-monterroso\/\",\"url\":\"https:\/\/arquitecturadegalicia.eu\/blog\/centro-de-saude-en-monterroso\/\",\"name\":\"Centro de Sa\u00fade en Monterroso | AG\",\"isPartOf\":{\"@id\":\"https:\/\/arquitecturadegalicia.eu\/blog\/#website\"},\"primaryImageOfPage\":{\"@id\":\"https:\/\/arquitecturadegalicia.eu\/blog\/centro-de-saude-en-monterroso\/#primaryimage\"},\"image\":{\"@id\":\"https:\/\/arquitecturadegalicia.eu\/blog\/centro-de-saude-en-monterroso\/#primaryimage\"},\"thumbnailUrl\":\"https:\/\/arquitecturadegalicia.eu\/blog\/wp-content\/uploads\/2013\/06\/aa_mtr_001_55761.jpg\",\"datePublished\":\"2013-07-05T18:00:08+00:00\",\"dateModified\":\"2013-06-22T16:10:45+00:00\",\"breadcrumb\":{\"@id\":\"https:\/\/arquitecturadegalicia.eu\/blog\/centro-de-saude-en-monterroso\/#breadcrumb\"},\"inLanguage\":\"es\",\"potentialAction\":[{\"@type\":\"ReadAction\",\"target\":[\"https:\/\/arquitecturadegalicia.eu\/blog\/centro-de-saude-en-monterroso\/\"]}]},{\"@type\":\"ImageObject\",\"inLanguage\":\"es\",\"@id\":\"https:\/\/arquitecturadegalicia.eu\/blog\/centro-de-saude-en-monterroso\/#primaryimage\",\"url\":\"https:\/\/arquitecturadegalicia.eu\/blog\/wp-content\/uploads\/2013\/06\/aa_mtr_001_55761.jpg\",\"contentUrl\":\"https:\/\/arquitecturadegalicia.eu\/blog\/wp-content\/uploads\/2013\/06\/aa_mtr_001_55761.jpg\",\"width\":620,\"height\":349,\"caption\":\"Centro de Salud | Monterroso | abaloalonso | santos diez\"},{\"@type\":\"BreadcrumbList\",\"@id\":\"https:\/\/arquitecturadegalicia.eu\/blog\/centro-de-saude-en-monterroso\/#breadcrumb\",\"itemListElement\":[{\"@type\":\"ListItem\",\"position\":1,\"name\":\"Portada\",\"item\":\"https:\/\/arquitecturadegalicia.eu\/blog\/\"},{\"@type\":\"ListItem\",\"position\":2,\"name\":\"Centro de Sa\u00fade en Monterroso\"}]},{\"@type\":\"WebSite\",\"@id\":\"https:\/\/arquitecturadegalicia.eu\/blog\/#website\",\"url\":\"https:\/\/arquitecturadegalicia.eu\/blog\/\",\"name\":\"AG\",\"description\":\"Arquitectura de Galicia\",\"publisher\":{\"@id\":\"https:\/\/arquitecturadegalicia.eu\/blog\/#organization\"},\"potentialAction\":[{\"@type\":\"SearchAction\",\"target\":{\"@type\":\"EntryPoint\",\"urlTemplate\":\"https:\/\/arquitecturadegalicia.eu\/blog\/?s={search_term_string}\"},\"query-input\":{\"@type\":\"PropertyValueSpecification\",\"valueRequired\":true,\"valueName\":\"search_term_string\"}}],\"inLanguage\":\"es\"},{\"@type\":\"Organization\",\"@id\":\"https:\/\/arquitecturadegalicia.eu\/blog\/#organization\",\"name\":\"Arquitectura de Galicia\",\"url\":\"https:\/\/arquitecturadegalicia.eu\/blog\/\",\"logo\":{\"@type\":\"ImageObject\",\"inLanguage\":\"es\",\"@id\":\"https:\/\/arquitecturadegalicia.eu\/blog\/#\/schema\/logo\/image\/\",\"url\":\"https:\/\/arquitecturadegalicia.eu\/blog\/wp-content\/uploads\/2017\/01\/arquitecturacurrents2.png\",\"contentUrl\":\"https:\/\/arquitecturadegalicia.eu\/blog\/wp-content\/uploads\/2017\/01\/arquitecturacurrents2.png\",\"width\":840,\"height\":640,\"caption\":\"Arquitectura de Galicia\"},\"image\":{\"@id\":\"https:\/\/arquitecturadegalicia.eu\/blog\/#\/schema\/logo\/image\/\"},\"sameAs\":[\"https:\/\/www.facebook.com\/ArquitecturadeGalicia\/\",\"https:\/\/x.com\/arquigaliciaeu\",\"https:\/\/www.instagram.com\/arquigaliciaeu\/\"]},{\"@type\":\"Person\",\"@id\":\"https:\/\/arquitecturadegalicia.eu\/blog\/#\/schema\/person\/abcb74b3399abffb9dabced36488ac35\",\"name\":\"Dario Vallina\",\"image\":{\"@type\":\"ImageObject\",\"inLanguage\":\"es\",\"@id\":\"https:\/\/arquitecturadegalicia.eu\/blog\/#\/schema\/person\/image\/\",\"url\":\"https:\/\/secure.gravatar.com\/avatar\/a79e713b96510b29d405cacc448bf2e0?s=96&d=mm&r=g\",\"contentUrl\":\"https:\/\/secure.gravatar.com\/avatar\/a79e713b96510b29d405cacc448bf2e0?s=96&d=mm&r=g\",\"caption\":\"Dario Vallina\"},\"description\":\"Xix\u00f3n | Coordinaci\u00f3n e edici\u00f3n de artigos | La simplicidad es la mayor sofisticaci\u00f3n. Un caballo pintado a rayas no es una cebra. La imaginaci\u00f3n es m\u00e1s importante que la sabidur\u00eda. Si no puedo dibujarlo, es que no lo entiendo.\",\"url\":\"https:\/\/arquitecturadegalicia.eu\/blog\/author\/dariovallina\/\"}]}<\/script>\n<!-- \/ Yoast SEO plugin. -->","yoast_head_json":{"title":"Centro de Sa\u00fade en Monterroso | AG","robots":{"index":"index","follow":"follow","max-snippet":"max-snippet:-1","max-image-preview":"max-image-preview:large","max-video-preview":"max-video-preview:-1"},"canonical":"https:\/\/arquitecturadegalicia.eu\/blog\/centro-de-saude-en-monterroso\/","og_locale":"es_ES","og_type":"article","og_title":"Centro de Sa\u00fade en Monterroso | AG","og_description":"Monterroso es una peque\u00f1a villa del interior de la provincia de Lugo, famosa por su feria anual, que se celebra el d\u00eda de difuntos desde hace m\u00e1s de quinientos a\u00f1os. Como suele ocurrir en estos casos, el servicio del centro de salud cubre un \u00e1rea mayor que el propio n\u00facleo principal del Ayuntamiento, y con una poblaci\u00f3n sensiblemente envejecida.","og_url":"https:\/\/arquitecturadegalicia.eu\/blog\/centro-de-saude-en-monterroso\/","og_site_name":"AG","article_publisher":"https:\/\/www.facebook.com\/ArquitecturadeGalicia\/","article_published_time":"2013-07-05T18:00:08+00:00","article_modified_time":"2013-06-22T16:10:45+00:00","og_image":[{"width":620,"height":349,"url":"https:\/\/arquitecturadegalicia.eu\/blog\/wp-content\/uploads\/2013\/06\/aa_mtr_001_55761.jpg","type":"image\/jpeg"}],"author":"Dario Vallina","twitter_card":"summary_large_image","twitter_creator":"@arquigaliciaeu","twitter_site":"@arquigaliciaeu","twitter_misc":{"Escrito por":"Dario Vallina","Tiempo de lectura":"2 minutos"},"schema":{"@context":"https:\/\/schema.org","@graph":[{"@type":"Article","@id":"https:\/\/arquitecturadegalicia.eu\/blog\/centro-de-saude-en-monterroso\/#article","isPartOf":{"@id":"https:\/\/arquitecturadegalicia.eu\/blog\/centro-de-saude-en-monterroso\/"},"author":{"name":"Dario Vallina","@id":"https:\/\/arquitecturadegalicia.eu\/blog\/#\/schema\/person\/abcb74b3399abffb9dabced36488ac35"},"headline":"Centro de Sa\u00fade en Monterroso","datePublished":"2013-07-05T18:00:08+00:00","dateModified":"2013-06-22T16:10:45+00:00","mainEntityOfPage":{"@id":"https:\/\/arquitecturadegalicia.eu\/blog\/centro-de-saude-en-monterroso\/"},"wordCount":393,"commentCount":0,"publisher":{"@id":"https:\/\/arquitecturadegalicia.eu\/blog\/#organization"},"image":{"@id":"https:\/\/arquitecturadegalicia.eu\/blog\/centro-de-saude-en-monterroso\/#primaryimage"},"thumbnailUrl":"https:\/\/arquitecturadegalicia.eu\/blog\/wp-content\/uploads\/2013\/06\/aa_mtr_001_55761.jpg","keywords":["2013","Abalo+Alonso","centro de sa\u00fade"],"articleSection":["Monterroso"],"inLanguage":"es","potentialAction":[{"@type":"CommentAction","name":"Comment","target":["https:\/\/arquitecturadegalicia.eu\/blog\/centro-de-saude-en-monterroso\/#respond"]}]},{"@type":"WebPage","@id":"https:\/\/arquitecturadegalicia.eu\/blog\/centro-de-saude-en-monterroso\/","url":"https:\/\/arquitecturadegalicia.eu\/blog\/centro-de-saude-en-monterroso\/","name":"Centro de Sa\u00fade en Monterroso | AG","isPartOf":{"@id":"https:\/\/arquitecturadegalicia.eu\/blog\/#website"},"primaryImageOfPage":{"@id":"https:\/\/arquitecturadegalicia.eu\/blog\/centro-de-saude-en-monterroso\/#primaryimage"},"image":{"@id":"https:\/\/arquitecturadegalicia.eu\/blog\/centro-de-saude-en-monterroso\/#primaryimage"},"thumbnailUrl":"https:\/\/arquitecturadegalicia.eu\/blog\/wp-content\/uploads\/2013\/06\/aa_mtr_001_55761.jpg","datePublished":"2013-07-05T18:00:08+00:00","dateModified":"2013-06-22T16:10:45+00:00","breadcrumb":{"@id":"https:\/\/arquitecturadegalicia.eu\/blog\/centro-de-saude-en-monterroso\/#breadcrumb"},"inLanguage":"es","potentialAction":[{"@type":"ReadAction","target":["https:\/\/arquitecturadegalicia.eu\/blog\/centro-de-saude-en-monterroso\/"]}]},{"@type":"ImageObject","inLanguage":"es","@id":"https:\/\/arquitecturadegalicia.eu\/blog\/centro-de-saude-en-monterroso\/#primaryimage","url":"https:\/\/arquitecturadegalicia.eu\/blog\/wp-content\/uploads\/2013\/06\/aa_mtr_001_55761.jpg","contentUrl":"https:\/\/arquitecturadegalicia.eu\/blog\/wp-content\/uploads\/2013\/06\/aa_mtr_001_55761.jpg","width":620,"height":349,"caption":"Centro de Salud | Monterroso | abaloalonso | santos diez"},{"@type":"BreadcrumbList","@id":"https:\/\/arquitecturadegalicia.eu\/blog\/centro-de-saude-en-monterroso\/#breadcrumb","itemListElement":[{"@type":"ListItem","position":1,"name":"Portada","item":"https:\/\/arquitecturadegalicia.eu\/blog\/"},{"@type":"ListItem","position":2,"name":"Centro de Sa\u00fade en Monterroso"}]},{"@type":"WebSite","@id":"https:\/\/arquitecturadegalicia.eu\/blog\/#website","url":"https:\/\/arquitecturadegalicia.eu\/blog\/","name":"AG","description":"Arquitectura de Galicia","publisher":{"@id":"https:\/\/arquitecturadegalicia.eu\/blog\/#organization"},"potentialAction":[{"@type":"SearchAction","target":{"@type":"EntryPoint","urlTemplate":"https:\/\/arquitecturadegalicia.eu\/blog\/?s={search_term_string}"},"query-input":{"@type":"PropertyValueSpecification","valueRequired":true,"valueName":"search_term_string"}}],"inLanguage":"es"},{"@type":"Organization","@id":"https:\/\/arquitecturadegalicia.eu\/blog\/#organization","name":"Arquitectura de Galicia","url":"https:\/\/arquitecturadegalicia.eu\/blog\/","logo":{"@type":"ImageObject","inLanguage":"es","@id":"https:\/\/arquitecturadegalicia.eu\/blog\/#\/schema\/logo\/image\/","url":"https:\/\/arquitecturadegalicia.eu\/blog\/wp-content\/uploads\/2017\/01\/arquitecturacurrents2.png","contentUrl":"https:\/\/arquitecturadegalicia.eu\/blog\/wp-content\/uploads\/2017\/01\/arquitecturacurrents2.png","width":840,"height":640,"caption":"Arquitectura de Galicia"},"image":{"@id":"https:\/\/arquitecturadegalicia.eu\/blog\/#\/schema\/logo\/image\/"},"sameAs":["https:\/\/www.facebook.com\/ArquitecturadeGalicia\/","https:\/\/x.com\/arquigaliciaeu","https:\/\/www.instagram.com\/arquigaliciaeu\/"]},{"@type":"Person","@id":"https:\/\/arquitecturadegalicia.eu\/blog\/#\/schema\/person\/abcb74b3399abffb9dabced36488ac35","name":"Dario Vallina","image":{"@type":"ImageObject","inLanguage":"es","@id":"https:\/\/arquitecturadegalicia.eu\/blog\/#\/schema\/person\/image\/","url":"https:\/\/secure.gravatar.com\/avatar\/a79e713b96510b29d405cacc448bf2e0?s=96&d=mm&r=g","contentUrl":"https:\/\/secure.gravatar.com\/avatar\/a79e713b96510b29d405cacc448bf2e0?s=96&d=mm&r=g","caption":"Dario Vallina"},"description":"Xix\u00f3n | Coordinaci\u00f3n e edici\u00f3n de artigos | La simplicidad es la mayor sofisticaci\u00f3n. Un caballo pintado a rayas no es una cebra. La imaginaci\u00f3n es m\u00e1s importante que la sabidur\u00eda. Si no puedo dibujarlo, es que no lo entiendo.","url":"https:\/\/arquitecturadegalicia.eu\/blog\/author\/dariovallina\/"}]}},"jetpack_featured_media_url":"https:\/\/arquitecturadegalicia.eu\/blog\/wp-content\/uploads\/2013\/06\/aa_mtr_001_55761.jpg","jetpack_shortlink":"https:\/\/wp.me\/p2NHs2-1PV","jetpack_sharing_enabled":true,"_links":{"self":[{"href":"https:\/\/arquitecturadegalicia.eu\/blog\/wp-json\/wp\/v2\/posts\/7063","targetHints":{"allow":["GET"]}}],"collection":[{"href":"https:\/\/arquitecturadegalicia.eu\/blog\/wp-json\/wp\/v2\/posts"}],"about":[{"href":"https:\/\/arquitecturadegalicia.eu\/blog\/wp-json\/wp\/v2\/types\/post"}],"author":[{"embeddable":true,"href":"https:\/\/arquitecturadegalicia.eu\/blog\/wp-json\/wp\/v2\/users\/7"}],"replies":[{"embeddable":true,"href":"https:\/\/arquitecturadegalicia.eu\/blog\/wp-json\/wp\/v2\/comments?post=7063"}],"version-history":[{"count":11,"href":"https:\/\/arquitecturadegalicia.eu\/blog\/wp-json\/wp\/v2\/posts\/7063\/revisions"}],"predecessor-version":[{"id":7082,"href":"https:\/\/arquitecturadegalicia.eu\/blog\/wp-json\/wp\/v2\/posts\/7063\/revisions\/7082"}],"wp:featuredmedia":[{"embeddable":true,"href":"https:\/\/arquitecturadegalicia.eu\/blog\/wp-json\/wp\/v2\/media\/7065"}],"wp:attachment":[{"href":"https:\/\/arquitecturadegalicia.eu\/blog\/wp-json\/wp\/v2\/media?parent=7063"}],"wp:term":[{"taxonomy":"category","embeddable":true,"href":"https:\/\/arquitecturadegalicia.eu\/blog\/wp-json\/wp\/v2\/categories?post=7063"},{"taxonomy":"post_tag","embeddable":true,"href":"https:\/\/arquitecturadegalicia.eu\/blog\/wp-json\/wp\/v2\/tags?post=7063"},{"taxonomy":"ano","embeddable":true,"href":"https:\/\/arquitecturadegalicia.eu\/blog\/wp-json\/wp\/v2\/ano?post=7063"},{"taxonomy":"arquitectos","embeddable":true,"href":"https:\/\/arquitecturadegalicia.eu\/blog\/wp-json\/wp\/v2\/arquitectos?post=7063"},{"taxonomy":"tipoloxia","embeddable":true,"href":"https:\/\/arquitecturadegalicia.eu\/blog\/wp-json\/wp\/v2\/tipoloxia?post=7063"}],"curies":[{"name":"wp","href":"https:\/\/api.w.org\/{rel}","templated":true}]}}