{"id":7086,"date":"2013-07-10T20:00:45","date_gmt":"2013-07-10T18:00:45","guid":{"rendered":"http:\/\/arquitecturadegalicia.eu\/blog\/?p=7086"},"modified":"2013-06-26T19:41:52","modified_gmt":"2013-06-26T17:41:52","slug":"30-vpo-en-arnoia","status":"publish","type":"post","link":"https:\/\/arquitecturadegalicia.eu\/blog\/30-vpo-en-arnoia\/","title":{"rendered":"30 VPO en Arnoia"},"content":{"rendered":"<p><img fetchpriority=\"high\" decoding=\"async\" class=\"aligncenter size-full wp-image-7087\" alt=\"30 VPO | Arnoia | abalo alonso\" src=\"http:\/\/arquitecturadegalicia.eu\/blog\/wp-content\/uploads\/2013\/06\/arnoia-1-e1352898754185-460x459.jpg\" width=\"620\" height=\"619\" srcset=\"https:\/\/arquitecturadegalicia.eu\/blog\/wp-content\/uploads\/2013\/06\/arnoia-1-e1352898754185-460x459.jpg 620w, https:\/\/arquitecturadegalicia.eu\/blog\/wp-content\/uploads\/2013\/06\/arnoia-1-e1352898754185-460x459-300x300.jpg 300w\" sizes=\"(max-width: 620px) 100vw, 620px\" \/><\/p>\n<p style=\"text-align: right;\"><a style=\"font-size: 0.75em; text-align: right;\" href=\"http:\/\/www.abaloalonso.es\" target=\"_blank\"><span style=\"color: #c0c0c0;\">Abalo Alonso Arquitectos<\/span><\/a><\/p>\n<table class=\"aligncenter\" width=\"620\" border=\"0\" cellspacing=\"0\" cellpadding=\"0\">\n<tbody>\n<tr>\n<td width=\"180\"><strong>Obra:<\/strong><\/td>\n<td>\u00a030 VPO en Arnoia<\/td>\n<\/tr>\n<tr>\n<td><strong>Arquitecto:<\/strong><\/td>\n<td>\u00a0Abalo Alonso Arquitectos<\/td>\n<\/tr>\n<tr>\n<td><strong>Provincia:<\/strong><\/td>\n<td>\u00a0Ourense<\/td>\n<\/tr>\n<tr>\n<td><strong>Localidade:<\/strong><\/td>\n<td>\u00a0Arnoia<\/td>\n<\/tr>\n<tr>\n<td><strong>Ano:<\/strong><\/td>\n<td>\u00a01999<\/td>\n<\/tr>\n<tr>\n<td><strong>Xeolocalizaci\u00f3n:<\/strong><\/td>\n<td>\u00a0<strong><a href=\"https:\/\/maps.google.com\/maps\/ms?ie=UTF8&amp;t=h&amp;vpsrc=6&amp;hl=es&amp;oe=UTF8&amp;dg=feature&amp;msa=0&amp;msid=205584753861089304839.0004b3590a9baff01c53d&amp;num=200&amp;start=400&amp;ll=42.259604,-8.149956&amp;spn=0.002775,0.005681&amp;z=18&amp;iwloc=0004df38364e4516e54d0\" target=\"_blank\">42.259,-8.149<\/a><\/strong><\/td>\n<\/tr>\n<\/tbody>\n<\/table>\n<table class=\" aligncenter\" width=\"620\" border=\"0\" cellspacing=\"0\" cellpadding=\"0\">\n<tbody>\n<tr>\n<td colspan=\"3\"><strong>Outros Datos:<\/strong><\/td>\n<\/tr>\n<tr>\n<td width=\"20\"><\/td>\n<td colspan=\"2\"><strong>Premios:<\/strong><\/td>\n<\/tr>\n<tr>\n<td width=\"20\"><\/td>\n<td width=\"20\"><\/td>\n<td width=\"580\">Concurso de ideas 1998 | <em>Primero<\/em><br \/>\nIX Premios COAG 2000 | <em>Acc\u00e9sit\u00a0<\/em><br \/>\nFORO VPO | CSCAE | <em>Madrid 2003<\/em> | <em>Seleccionada<\/em><\/td>\n<\/tr>\n<tr>\n<td width=\"20\"><\/td>\n<td colspan=\"2\"><strong>Publicaci\u00f3ns:<\/strong><\/td>\n<\/tr>\n<tr>\n<td width=\"20\"><\/td>\n<td width=\"20\"><\/td>\n<td>Avance de una Contingencia | Santiago | 2007<br \/>\nCat\u00e1logo Premios Julio Carvajal | COAG | Santiago<br \/>\nXestur Ourense | Memoria 1991-2001 | Ourense<br \/>\nLibro:25 a\u00f1os. Delegaci\u00f3n de Santiago | COAG<br \/>\nObradoiro n\u00ba 29 | COAG | Santiago<br \/>\nArquitectos n\u00ba 168 | CSCAE | Madrid<\/td>\n<\/tr>\n<tr>\n<td width=\"20\"><\/td>\n<td colspan=\"2\"><strong>Informaci\u00f3n na rede:<\/strong><\/td>\n<\/tr>\n<tr>\n<td width=\"20\"><\/td>\n<td width=\"20\"><\/td>\n<td><strong><a href=\"http:\/\/www.abaloalonso.es\/trabajo\/30-vpo\/\" target=\"_blank\">abaloalonso.es<\/a><a href=\"otrarayadadenelace.web.porque\/lodigoyo\" target=\"_blank\"><br \/>\n<\/a><\/strong><\/td>\n<\/tr>\n<tr>\n<td width=\"20\"><\/td>\n<td colspan=\"2\"><strong>Descripci\u00f3n do proxecto:<\/strong><\/td>\n<\/tr>\n<tr>\n<td width=\"20\"><\/td>\n<td width=\"20\"><\/td>\n<td>\u00ab<em><span style=\"line-height: 19px;\">Enclave rural. Terreno en pendiente hacia el sur, con desniveles intermedios y magn\u00edficas vistas en todas direcciones, rodeado de vi\u00f1as de ribeiro y con el Mi\u00f1o como argumento principal. Un camino lo atraviesa en direcci\u00f3n norte sur conectando la carretera de acceso al Ayuntamiento con el balneario ubicado a orillas del r\u00edo.<br \/>\n<\/span><span style=\"line-height: 19px;\">Se plantea la actuaci\u00f3n con agrupaciones de cinco viviendas en torno a una \u201ceira\u201d, agrupaci\u00f3n tradicional en el rural gallego. El garaje, como si de un alpendre se tratase, aparece como una pieza m\u00e1s del conjunto. Las seis agrupaciones resultantes se adaptan al terreno formando un enclave de baja densidad, con una escala rural, asemej\u00e1ndose a una de esas aldeas tan caracter\u00edsticas de la Galicia interior. Las cubiertas y los desniveles existentes provocan un juego volum\u00e9trico que favorece la integraci\u00f3n en le paisaje; buscando huir de las urbanizaciones de \u201cacosados\u201d tan habituales en los \u00faltimos tiempos. Desde la eira, zagu\u00e1n y espacio de relaci\u00f3n, accedemos a cada vivienda, que se orienta a la fachada opuesta.<br \/>\n<\/span><span style=\"line-height: 19px;\">\u00c9sta se organiza en torno a un porche de dos alturas, al que vuelcan zonas comunes y circulaciones. Se relacionan as\u00ed las dos zonas que la componen: en un lado sala de estar; en el otro acceso, cocina y aseo. Las dimensiones de la cocina permiten la inclusi\u00f3n del comedor, soluci\u00f3n muy habitual en nuestra cultura y que vuelve a considerarse en esta \u00e9poca. En planta primera, habitaci\u00f3n principal y ba\u00f1o por un lado, dos habitaciones en el otro. La apertura de huecos permite la comprensi\u00f3n del espacio interior pr\u00e1cticamente desde cualquier punto, convirti\u00e9ndose el porche en el referente de la vivienda.<br \/>\n<\/span><\/em><span style=\"line-height: 19px;\"><em>Construcci\u00f3n sin alardes; se destaca \u00fanicamente la fachada de madera tratada del porche, buscando dotar de calidez este espacio que esperamos articule el funcionamiento de la vivienda<\/em>.\u00bb Abalo Alonso Arquitectos<\/span><\/td>\n<\/tr>\n<tr>\n<td width=\"20\"><\/td>\n<td colspan=\"2\"><b>Reportaxe fotogr\u00e1fica: <\/b><\/td>\n<\/tr>\n<tr>\n<td width=\"20\"><\/td>\n<td colspan=\"2\"><\/td>\n<\/tr>\n<tr>\n<td width=\"20\"><\/td>\n<td colspan=\"2\"><strong>Planos:<\/strong><\/td>\n<\/tr>\n<tr>\n<td width=\"20\"><\/td>\n<td colspan=\"2\"><\/td>\n<\/tr>\n<\/tbody>\n<\/table>\n","protected":false},"excerpt":{"rendered":"<p>Enclave rural. Terreno en pendiente hacia el sur, con desniveles intermedios y magn\u00edficas vistas en todas direcciones, rodeado de vi\u00f1as de ribeiro y con el Mi\u00f1o como argumento principal. Un camino lo atraviesa en direcci\u00f3n norte sur conectando la carretera de acceso al Ayuntamiento con el balneario ubicado a orillas del r\u00edo.<\/p>\n","protected":false},"author":7,"featured_media":7087,"comment_status":"open","ping_status":"open","sticky":false,"template":"","format":"standard","meta":{"jetpack_post_was_ever_published":false,"_jetpack_newsletter_access":"","_jetpack_dont_email_post_to_subs":false,"_jetpack_newsletter_tier_id":0,"_jetpack_memberships_contains_paywalled_content":false,"_jetpack_memberships_contains_paid_content":false,"footnotes":"","jetpack_publicize_message":"","jetpack_publicize_feature_enabled":true,"jetpack_social_post_already_shared":true,"jetpack_social_options":{"image_generator_settings":{"template":"highway","enabled":false},"version":2}},"categories":[555],"tags":[138,58,61,77,108],"ano":[],"arquitectos":[],"tipoloxia":[],"class_list":["post-7086","post","type-post","status-publish","format-standard","has-post-thumbnail","hentry","category-arnoia","tag-138","tag-abaloalonso","tag-actuacion-urbana","tag-colectiva","tag-vivenda","content-print"],"jetpack_publicize_connections":[],"yoast_head":"<!-- This site is optimized with the Yoast SEO plugin v24.1 - https:\/\/yoast.com\/wordpress\/plugins\/seo\/ -->\n<title>30 VPO en Arnoia | AG<\/title>\n<meta name=\"robots\" content=\"index, follow, max-snippet:-1, max-image-preview:large, max-video-preview:-1\" \/>\n<link rel=\"canonical\" href=\"https:\/\/arquitecturadegalicia.eu\/blog\/30-vpo-en-arnoia\/\" \/>\n<meta property=\"og:locale\" content=\"es_ES\" \/>\n<meta property=\"og:type\" content=\"article\" \/>\n<meta property=\"og:title\" content=\"30 VPO en Arnoia | AG\" \/>\n<meta property=\"og:description\" content=\"Enclave rural. Terreno en pendiente hacia el sur, con desniveles intermedios y magn\u00edficas vistas en todas direcciones, rodeado de vi\u00f1as de ribeiro y con el Mi\u00f1o como argumento principal. Un camino lo atraviesa en direcci\u00f3n norte sur conectando la carretera de acceso al Ayuntamiento con el balneario ubicado a orillas del r\u00edo.\" \/>\n<meta property=\"og:url\" content=\"https:\/\/arquitecturadegalicia.eu\/blog\/30-vpo-en-arnoia\/\" \/>\n<meta property=\"og:site_name\" content=\"AG\" \/>\n<meta property=\"article:publisher\" content=\"https:\/\/www.facebook.com\/ArquitecturadeGalicia\/\" \/>\n<meta property=\"article:published_time\" content=\"2013-07-10T18:00:45+00:00\" \/>\n<meta property=\"article:modified_time\" content=\"2013-06-26T17:41:52+00:00\" \/>\n<meta property=\"og:image\" content=\"https:\/\/arquitecturadegalicia.eu\/blog\/wp-content\/uploads\/2013\/06\/arnoia-1-e1352898754185-460x459.jpg\" \/>\n\t<meta property=\"og:image:width\" content=\"620\" \/>\n\t<meta property=\"og:image:height\" content=\"619\" \/>\n\t<meta property=\"og:image:type\" content=\"image\/jpeg\" \/>\n<meta name=\"author\" content=\"Dario Vallina\" \/>\n<meta name=\"twitter:card\" content=\"summary_large_image\" \/>\n<meta name=\"twitter:creator\" content=\"@arquigaliciaeu\" \/>\n<meta name=\"twitter:site\" content=\"@arquigaliciaeu\" \/>\n<meta name=\"twitter:label1\" content=\"Escrito por\" \/>\n\t<meta name=\"twitter:data1\" content=\"Dario Vallina\" \/>\n\t<meta name=\"twitter:label2\" content=\"Tiempo de lectura\" \/>\n\t<meta name=\"twitter:data2\" content=\"2 minutos\" \/>\n<script type=\"application\/ld+json\" class=\"yoast-schema-graph\">{\"@context\":\"https:\/\/schema.org\",\"@graph\":[{\"@type\":\"Article\",\"@id\":\"https:\/\/arquitecturadegalicia.eu\/blog\/30-vpo-en-arnoia\/#article\",\"isPartOf\":{\"@id\":\"https:\/\/arquitecturadegalicia.eu\/blog\/30-vpo-en-arnoia\/\"},\"author\":{\"name\":\"Dario Vallina\",\"@id\":\"https:\/\/arquitecturadegalicia.eu\/blog\/#\/schema\/person\/abcb74b3399abffb9dabced36488ac35\"},\"headline\":\"30 VPO en Arnoia\",\"datePublished\":\"2013-07-10T18:00:45+00:00\",\"dateModified\":\"2013-06-26T17:41:52+00:00\",\"mainEntityOfPage\":{\"@id\":\"https:\/\/arquitecturadegalicia.eu\/blog\/30-vpo-en-arnoia\/\"},\"wordCount\":409,\"commentCount\":0,\"publisher\":{\"@id\":\"https:\/\/arquitecturadegalicia.eu\/blog\/#organization\"},\"image\":{\"@id\":\"https:\/\/arquitecturadegalicia.eu\/blog\/30-vpo-en-arnoia\/#primaryimage\"},\"thumbnailUrl\":\"https:\/\/arquitecturadegalicia.eu\/blog\/wp-content\/uploads\/2013\/06\/arnoia-1-e1352898754185-460x459.jpg\",\"keywords\":[\"1999\",\"Abalo+Alonso\",\"actuaci\u00f3n urbana\",\"colectiva\",\"Vivenda\"],\"articleSection\":[\"Arnoia\"],\"inLanguage\":\"es\",\"potentialAction\":[{\"@type\":\"CommentAction\",\"name\":\"Comment\",\"target\":[\"https:\/\/arquitecturadegalicia.eu\/blog\/30-vpo-en-arnoia\/#respond\"]}]},{\"@type\":\"WebPage\",\"@id\":\"https:\/\/arquitecturadegalicia.eu\/blog\/30-vpo-en-arnoia\/\",\"url\":\"https:\/\/arquitecturadegalicia.eu\/blog\/30-vpo-en-arnoia\/\",\"name\":\"30 VPO en Arnoia | AG\",\"isPartOf\":{\"@id\":\"https:\/\/arquitecturadegalicia.eu\/blog\/#website\"},\"primaryImageOfPage\":{\"@id\":\"https:\/\/arquitecturadegalicia.eu\/blog\/30-vpo-en-arnoia\/#primaryimage\"},\"image\":{\"@id\":\"https:\/\/arquitecturadegalicia.eu\/blog\/30-vpo-en-arnoia\/#primaryimage\"},\"thumbnailUrl\":\"https:\/\/arquitecturadegalicia.eu\/blog\/wp-content\/uploads\/2013\/06\/arnoia-1-e1352898754185-460x459.jpg\",\"datePublished\":\"2013-07-10T18:00:45+00:00\",\"dateModified\":\"2013-06-26T17:41:52+00:00\",\"breadcrumb\":{\"@id\":\"https:\/\/arquitecturadegalicia.eu\/blog\/30-vpo-en-arnoia\/#breadcrumb\"},\"inLanguage\":\"es\",\"potentialAction\":[{\"@type\":\"ReadAction\",\"target\":[\"https:\/\/arquitecturadegalicia.eu\/blog\/30-vpo-en-arnoia\/\"]}]},{\"@type\":\"ImageObject\",\"inLanguage\":\"es\",\"@id\":\"https:\/\/arquitecturadegalicia.eu\/blog\/30-vpo-en-arnoia\/#primaryimage\",\"url\":\"https:\/\/arquitecturadegalicia.eu\/blog\/wp-content\/uploads\/2013\/06\/arnoia-1-e1352898754185-460x459.jpg\",\"contentUrl\":\"https:\/\/arquitecturadegalicia.eu\/blog\/wp-content\/uploads\/2013\/06\/arnoia-1-e1352898754185-460x459.jpg\",\"width\":620,\"height\":619,\"caption\":\"30 VPO | Arnoia | abalo alonso\"},{\"@type\":\"BreadcrumbList\",\"@id\":\"https:\/\/arquitecturadegalicia.eu\/blog\/30-vpo-en-arnoia\/#breadcrumb\",\"itemListElement\":[{\"@type\":\"ListItem\",\"position\":1,\"name\":\"Portada\",\"item\":\"https:\/\/arquitecturadegalicia.eu\/blog\/\"},{\"@type\":\"ListItem\",\"position\":2,\"name\":\"30 VPO en Arnoia\"}]},{\"@type\":\"WebSite\",\"@id\":\"https:\/\/arquitecturadegalicia.eu\/blog\/#website\",\"url\":\"https:\/\/arquitecturadegalicia.eu\/blog\/\",\"name\":\"AG\",\"description\":\"Arquitectura de Galicia\",\"publisher\":{\"@id\":\"https:\/\/arquitecturadegalicia.eu\/blog\/#organization\"},\"potentialAction\":[{\"@type\":\"SearchAction\",\"target\":{\"@type\":\"EntryPoint\",\"urlTemplate\":\"https:\/\/arquitecturadegalicia.eu\/blog\/?s={search_term_string}\"},\"query-input\":{\"@type\":\"PropertyValueSpecification\",\"valueRequired\":true,\"valueName\":\"search_term_string\"}}],\"inLanguage\":\"es\"},{\"@type\":\"Organization\",\"@id\":\"https:\/\/arquitecturadegalicia.eu\/blog\/#organization\",\"name\":\"Arquitectura de Galicia\",\"url\":\"https:\/\/arquitecturadegalicia.eu\/blog\/\",\"logo\":{\"@type\":\"ImageObject\",\"inLanguage\":\"es\",\"@id\":\"https:\/\/arquitecturadegalicia.eu\/blog\/#\/schema\/logo\/image\/\",\"url\":\"https:\/\/arquitecturadegalicia.eu\/blog\/wp-content\/uploads\/2017\/01\/arquitecturacurrents2.png\",\"contentUrl\":\"https:\/\/arquitecturadegalicia.eu\/blog\/wp-content\/uploads\/2017\/01\/arquitecturacurrents2.png\",\"width\":840,\"height\":640,\"caption\":\"Arquitectura de Galicia\"},\"image\":{\"@id\":\"https:\/\/arquitecturadegalicia.eu\/blog\/#\/schema\/logo\/image\/\"},\"sameAs\":[\"https:\/\/www.facebook.com\/ArquitecturadeGalicia\/\",\"https:\/\/x.com\/arquigaliciaeu\",\"https:\/\/www.instagram.com\/arquigaliciaeu\/\"]},{\"@type\":\"Person\",\"@id\":\"https:\/\/arquitecturadegalicia.eu\/blog\/#\/schema\/person\/abcb74b3399abffb9dabced36488ac35\",\"name\":\"Dario Vallina\",\"image\":{\"@type\":\"ImageObject\",\"inLanguage\":\"es\",\"@id\":\"https:\/\/arquitecturadegalicia.eu\/blog\/#\/schema\/person\/image\/\",\"url\":\"https:\/\/secure.gravatar.com\/avatar\/a79e713b96510b29d405cacc448bf2e0?s=96&d=mm&r=g\",\"contentUrl\":\"https:\/\/secure.gravatar.com\/avatar\/a79e713b96510b29d405cacc448bf2e0?s=96&d=mm&r=g\",\"caption\":\"Dario Vallina\"},\"description\":\"Xix\u00f3n | Coordinaci\u00f3n e edici\u00f3n de artigos | La simplicidad es la mayor sofisticaci\u00f3n. Un caballo pintado a rayas no es una cebra. La imaginaci\u00f3n es m\u00e1s importante que la sabidur\u00eda. Si no puedo dibujarlo, es que no lo entiendo.\",\"url\":\"https:\/\/arquitecturadegalicia.eu\/blog\/author\/dariovallina\/\"}]}<\/script>\n<!-- \/ Yoast SEO plugin. -->","yoast_head_json":{"title":"30 VPO en Arnoia | AG","robots":{"index":"index","follow":"follow","max-snippet":"max-snippet:-1","max-image-preview":"max-image-preview:large","max-video-preview":"max-video-preview:-1"},"canonical":"https:\/\/arquitecturadegalicia.eu\/blog\/30-vpo-en-arnoia\/","og_locale":"es_ES","og_type":"article","og_title":"30 VPO en Arnoia | AG","og_description":"Enclave rural. Terreno en pendiente hacia el sur, con desniveles intermedios y magn\u00edficas vistas en todas direcciones, rodeado de vi\u00f1as de ribeiro y con el Mi\u00f1o como argumento principal. Un camino lo atraviesa en direcci\u00f3n norte sur conectando la carretera de acceso al Ayuntamiento con el balneario ubicado a orillas del r\u00edo.","og_url":"https:\/\/arquitecturadegalicia.eu\/blog\/30-vpo-en-arnoia\/","og_site_name":"AG","article_publisher":"https:\/\/www.facebook.com\/ArquitecturadeGalicia\/","article_published_time":"2013-07-10T18:00:45+00:00","article_modified_time":"2013-06-26T17:41:52+00:00","og_image":[{"width":620,"height":619,"url":"https:\/\/arquitecturadegalicia.eu\/blog\/wp-content\/uploads\/2013\/06\/arnoia-1-e1352898754185-460x459.jpg","type":"image\/jpeg"}],"author":"Dario Vallina","twitter_card":"summary_large_image","twitter_creator":"@arquigaliciaeu","twitter_site":"@arquigaliciaeu","twitter_misc":{"Escrito por":"Dario Vallina","Tiempo de lectura":"2 minutos"},"schema":{"@context":"https:\/\/schema.org","@graph":[{"@type":"Article","@id":"https:\/\/arquitecturadegalicia.eu\/blog\/30-vpo-en-arnoia\/#article","isPartOf":{"@id":"https:\/\/arquitecturadegalicia.eu\/blog\/30-vpo-en-arnoia\/"},"author":{"name":"Dario Vallina","@id":"https:\/\/arquitecturadegalicia.eu\/blog\/#\/schema\/person\/abcb74b3399abffb9dabced36488ac35"},"headline":"30 VPO en Arnoia","datePublished":"2013-07-10T18:00:45+00:00","dateModified":"2013-06-26T17:41:52+00:00","mainEntityOfPage":{"@id":"https:\/\/arquitecturadegalicia.eu\/blog\/30-vpo-en-arnoia\/"},"wordCount":409,"commentCount":0,"publisher":{"@id":"https:\/\/arquitecturadegalicia.eu\/blog\/#organization"},"image":{"@id":"https:\/\/arquitecturadegalicia.eu\/blog\/30-vpo-en-arnoia\/#primaryimage"},"thumbnailUrl":"https:\/\/arquitecturadegalicia.eu\/blog\/wp-content\/uploads\/2013\/06\/arnoia-1-e1352898754185-460x459.jpg","keywords":["1999","Abalo+Alonso","actuaci\u00f3n urbana","colectiva","Vivenda"],"articleSection":["Arnoia"],"inLanguage":"es","potentialAction":[{"@type":"CommentAction","name":"Comment","target":["https:\/\/arquitecturadegalicia.eu\/blog\/30-vpo-en-arnoia\/#respond"]}]},{"@type":"WebPage","@id":"https:\/\/arquitecturadegalicia.eu\/blog\/30-vpo-en-arnoia\/","url":"https:\/\/arquitecturadegalicia.eu\/blog\/30-vpo-en-arnoia\/","name":"30 VPO en Arnoia | AG","isPartOf":{"@id":"https:\/\/arquitecturadegalicia.eu\/blog\/#website"},"primaryImageOfPage":{"@id":"https:\/\/arquitecturadegalicia.eu\/blog\/30-vpo-en-arnoia\/#primaryimage"},"image":{"@id":"https:\/\/arquitecturadegalicia.eu\/blog\/30-vpo-en-arnoia\/#primaryimage"},"thumbnailUrl":"https:\/\/arquitecturadegalicia.eu\/blog\/wp-content\/uploads\/2013\/06\/arnoia-1-e1352898754185-460x459.jpg","datePublished":"2013-07-10T18:00:45+00:00","dateModified":"2013-06-26T17:41:52+00:00","breadcrumb":{"@id":"https:\/\/arquitecturadegalicia.eu\/blog\/30-vpo-en-arnoia\/#breadcrumb"},"inLanguage":"es","potentialAction":[{"@type":"ReadAction","target":["https:\/\/arquitecturadegalicia.eu\/blog\/30-vpo-en-arnoia\/"]}]},{"@type":"ImageObject","inLanguage":"es","@id":"https:\/\/arquitecturadegalicia.eu\/blog\/30-vpo-en-arnoia\/#primaryimage","url":"https:\/\/arquitecturadegalicia.eu\/blog\/wp-content\/uploads\/2013\/06\/arnoia-1-e1352898754185-460x459.jpg","contentUrl":"https:\/\/arquitecturadegalicia.eu\/blog\/wp-content\/uploads\/2013\/06\/arnoia-1-e1352898754185-460x459.jpg","width":620,"height":619,"caption":"30 VPO | Arnoia | abalo alonso"},{"@type":"BreadcrumbList","@id":"https:\/\/arquitecturadegalicia.eu\/blog\/30-vpo-en-arnoia\/#breadcrumb","itemListElement":[{"@type":"ListItem","position":1,"name":"Portada","item":"https:\/\/arquitecturadegalicia.eu\/blog\/"},{"@type":"ListItem","position":2,"name":"30 VPO en Arnoia"}]},{"@type":"WebSite","@id":"https:\/\/arquitecturadegalicia.eu\/blog\/#website","url":"https:\/\/arquitecturadegalicia.eu\/blog\/","name":"AG","description":"Arquitectura de Galicia","publisher":{"@id":"https:\/\/arquitecturadegalicia.eu\/blog\/#organization"},"potentialAction":[{"@type":"SearchAction","target":{"@type":"EntryPoint","urlTemplate":"https:\/\/arquitecturadegalicia.eu\/blog\/?s={search_term_string}"},"query-input":{"@type":"PropertyValueSpecification","valueRequired":true,"valueName":"search_term_string"}}],"inLanguage":"es"},{"@type":"Organization","@id":"https:\/\/arquitecturadegalicia.eu\/blog\/#organization","name":"Arquitectura de Galicia","url":"https:\/\/arquitecturadegalicia.eu\/blog\/","logo":{"@type":"ImageObject","inLanguage":"es","@id":"https:\/\/arquitecturadegalicia.eu\/blog\/#\/schema\/logo\/image\/","url":"https:\/\/arquitecturadegalicia.eu\/blog\/wp-content\/uploads\/2017\/01\/arquitecturacurrents2.png","contentUrl":"https:\/\/arquitecturadegalicia.eu\/blog\/wp-content\/uploads\/2017\/01\/arquitecturacurrents2.png","width":840,"height":640,"caption":"Arquitectura de Galicia"},"image":{"@id":"https:\/\/arquitecturadegalicia.eu\/blog\/#\/schema\/logo\/image\/"},"sameAs":["https:\/\/www.facebook.com\/ArquitecturadeGalicia\/","https:\/\/x.com\/arquigaliciaeu","https:\/\/www.instagram.com\/arquigaliciaeu\/"]},{"@type":"Person","@id":"https:\/\/arquitecturadegalicia.eu\/blog\/#\/schema\/person\/abcb74b3399abffb9dabced36488ac35","name":"Dario Vallina","image":{"@type":"ImageObject","inLanguage":"es","@id":"https:\/\/arquitecturadegalicia.eu\/blog\/#\/schema\/person\/image\/","url":"https:\/\/secure.gravatar.com\/avatar\/a79e713b96510b29d405cacc448bf2e0?s=96&d=mm&r=g","contentUrl":"https:\/\/secure.gravatar.com\/avatar\/a79e713b96510b29d405cacc448bf2e0?s=96&d=mm&r=g","caption":"Dario Vallina"},"description":"Xix\u00f3n | Coordinaci\u00f3n e edici\u00f3n de artigos | La simplicidad es la mayor sofisticaci\u00f3n. Un caballo pintado a rayas no es una cebra. La imaginaci\u00f3n es m\u00e1s importante que la sabidur\u00eda. Si no puedo dibujarlo, es que no lo entiendo.","url":"https:\/\/arquitecturadegalicia.eu\/blog\/author\/dariovallina\/"}]}},"jetpack_featured_media_url":"https:\/\/arquitecturadegalicia.eu\/blog\/wp-content\/uploads\/2013\/06\/arnoia-1-e1352898754185-460x459.jpg","jetpack_shortlink":"https:\/\/wp.me\/p2NHs2-1Qi","jetpack_sharing_enabled":true,"_links":{"self":[{"href":"https:\/\/arquitecturadegalicia.eu\/blog\/wp-json\/wp\/v2\/posts\/7086","targetHints":{"allow":["GET"]}}],"collection":[{"href":"https:\/\/arquitecturadegalicia.eu\/blog\/wp-json\/wp\/v2\/posts"}],"about":[{"href":"https:\/\/arquitecturadegalicia.eu\/blog\/wp-json\/wp\/v2\/types\/post"}],"author":[{"embeddable":true,"href":"https:\/\/arquitecturadegalicia.eu\/blog\/wp-json\/wp\/v2\/users\/7"}],"replies":[{"embeddable":true,"href":"https:\/\/arquitecturadegalicia.eu\/blog\/wp-json\/wp\/v2\/comments?post=7086"}],"version-history":[{"count":11,"href":"https:\/\/arquitecturadegalicia.eu\/blog\/wp-json\/wp\/v2\/posts\/7086\/revisions"}],"predecessor-version":[{"id":7307,"href":"https:\/\/arquitecturadegalicia.eu\/blog\/wp-json\/wp\/v2\/posts\/7086\/revisions\/7307"}],"wp:featuredmedia":[{"embeddable":true,"href":"https:\/\/arquitecturadegalicia.eu\/blog\/wp-json\/wp\/v2\/media\/7087"}],"wp:attachment":[{"href":"https:\/\/arquitecturadegalicia.eu\/blog\/wp-json\/wp\/v2\/media?parent=7086"}],"wp:term":[{"taxonomy":"category","embeddable":true,"href":"https:\/\/arquitecturadegalicia.eu\/blog\/wp-json\/wp\/v2\/categories?post=7086"},{"taxonomy":"post_tag","embeddable":true,"href":"https:\/\/arquitecturadegalicia.eu\/blog\/wp-json\/wp\/v2\/tags?post=7086"},{"taxonomy":"ano","embeddable":true,"href":"https:\/\/arquitecturadegalicia.eu\/blog\/wp-json\/wp\/v2\/ano?post=7086"},{"taxonomy":"arquitectos","embeddable":true,"href":"https:\/\/arquitecturadegalicia.eu\/blog\/wp-json\/wp\/v2\/arquitectos?post=7086"},{"taxonomy":"tipoloxia","embeddable":true,"href":"https:\/\/arquitecturadegalicia.eu\/blog\/wp-json\/wp\/v2\/tipoloxia?post=7086"}],"curies":[{"name":"wp","href":"https:\/\/api.w.org\/{rel}","templated":true}]}}