{"id":7092,"date":"2013-06-29T20:00:45","date_gmt":"2013-06-29T18:00:45","guid":{"rendered":"http:\/\/arquitecturadegalicia.eu\/blog\/?p=7092"},"modified":"2013-06-26T19:40:56","modified_gmt":"2013-06-26T17:40:56","slug":"43-viviendas-y-centro-de-dia","status":"publish","type":"post","link":"https:\/\/arquitecturadegalicia.eu\/blog\/43-viviendas-y-centro-de-dia\/","title":{"rendered":"43 viviendas y centro de d\u00eda"},"content":{"rendered":"<p><img fetchpriority=\"high\" decoding=\"async\" class=\"aligncenter size-full wp-image-7095\" alt=\"43 VPO | Ferrol | Abalo alonso | Santos Diez\" src=\"http:\/\/arquitecturadegalicia.eu\/blog\/wp-content\/uploads\/2013\/06\/5126ffffb3fc4bd666000021_43-viviendas-para-j-venes-y-mayores-y-centro-de-d-a-abalo-alonso-arquitectos_aa_vf_33_28863-525x700.jpg\" width=\"620\" height=\"827\" srcset=\"https:\/\/arquitecturadegalicia.eu\/blog\/wp-content\/uploads\/2013\/06\/5126ffffb3fc4bd666000021_43-viviendas-para-j-venes-y-mayores-y-centro-de-d-a-abalo-alonso-arquitectos_aa_vf_33_28863-525x700.jpg 620w, https:\/\/arquitecturadegalicia.eu\/blog\/wp-content\/uploads\/2013\/06\/5126ffffb3fc4bd666000021_43-viviendas-para-j-venes-y-mayores-y-centro-de-d-a-abalo-alonso-arquitectos_aa_vf_33_28863-525x700-224x300.jpg 224w\" sizes=\"(max-width: 620px) 100vw, 620px\" \/><\/p>\n<p style=\"text-align: right;\"><a style=\"font-size: 0.75em; text-align: right;\" href=\"http:\/\/www.santos-diez.com\/\" target=\"_blank\"><span style=\"color: #c0c0c0;\">Santos-D\u00edez<\/span><\/a> | <a style=\"font-size: 0.75em; text-align: right;\" href=\"http:\/\/www.bisimages.com\/\" target=\"_blank\"><span style=\"color: #c0c0c0;\">BISimages<\/span><\/a><\/p>\n<table class=\"aligncenter\" width=\"620\" border=\"0\" cellspacing=\"0\" cellpadding=\"0\">\n<tbody>\n<tr>\n<td width=\"180\"><strong>Obra:<\/strong><\/td>\n<td>\u00a043 viviendas y centro de d\u00eda<\/td>\n<\/tr>\n<tr>\n<td><strong>Arquitecto:<\/strong><\/td>\n<td>\u00a0Abalo Alonso Arquitectos<\/td>\n<\/tr>\n<tr>\n<td><strong>Provincia:<\/strong><\/td>\n<td>\u00a0A Coru\u00f1a<\/td>\n<\/tr>\n<tr>\n<td><strong>Localidade:<\/strong><\/td>\n<td>\u00a0Ferrol<\/td>\n<\/tr>\n<tr>\n<td><strong>Ano:<\/strong><\/td>\n<td>\u00a02010<\/td>\n<\/tr>\n<tr>\n<td><strong>Xeolocalizaci\u00f3n:<\/strong><\/td>\n<td>\u00a0<strong><a href=\"https:\/\/maps.google.com\/maps\/ms?ie=UTF8&amp;t=h&amp;vpsrc=6&amp;hl=es&amp;oe=UTF8&amp;dg=feature&amp;msa=0&amp;msid=205584753861089304839.0004b3590a9baff01c53d&amp;num=200&amp;start=400&amp;ll=43.485116,-8.214426&amp;spn=0.002721,0.005681&amp;z=18&amp;iwloc=0004df3810850c388f100\" target=\"_blank\">43.485,-8.214<\/a><\/strong><\/td>\n<\/tr>\n<\/tbody>\n<\/table>\n<table class=\" aligncenter\" width=\"620\" border=\"0\" cellspacing=\"0\" cellpadding=\"0\">\n<tbody>\n<tr>\n<td colspan=\"3\"><strong>Outros Datos:<\/strong><\/td>\n<\/tr>\n<tr>\n<td width=\"20\"><\/td>\n<td colspan=\"2\"><strong>Premios:<\/strong><\/td>\n<\/tr>\n<tr>\n<td width=\"20\"><\/td>\n<td width=\"20\"><\/td>\n<td width=\"580\">Concurso de proyecto y obra | <em>Primer Premio<\/em> | <em>200<\/em>7<\/td>\n<\/tr>\n<tr>\n<td width=\"20\"><\/td>\n<td colspan=\"2\"><strong>Publicaci\u00f3ns:<\/strong><\/td>\n<\/tr>\n<tr>\n<td width=\"20\"><\/td>\n<td width=\"20\"><\/td>\n<td><\/td>\n<\/tr>\n<tr>\n<td width=\"20\"><\/td>\n<td colspan=\"2\"><strong>Informaci\u00f3n na rede:<\/strong><\/td>\n<\/tr>\n<tr>\n<td width=\"20\"><\/td>\n<td width=\"20\"><\/td>\n<td><strong><a href=\"http:\/\/www.abaloalonso.es\/trabajo\/43-viviendas-y-centro-de-dia\/\" target=\"_blank\">abaloalonso.es<br \/>\n<\/a><a href=\"http:\/\/www.plataformaarquitectura.cl\/2013\/02\/28\/43-viviendas-para-jovenes-y-mayores-y-centro-de-dia-abalo-alonso-arquitectos\/?utm_source=feedburner&amp;utm_medium=feed&amp;utm_campaign=Feed%3A+PlataformaArquitectura+%28Plataforma+Arquitectura%29\" target=\"_blank\">plataformadearquitectura.cl<\/a><\/strong><\/td>\n<\/tr>\n<tr>\n<td width=\"20\"><\/td>\n<td colspan=\"2\"><strong>Descripci\u00f3n do proxecto:<\/strong><\/td>\n<\/tr>\n<tr>\n<td width=\"20\"><\/td>\n<td width=\"20\"><\/td>\n<td>\u00ab<em><span style=\"line-height: 19px;\">Parcela triangular con ligera pendiente en el borde mar\u00edtimo urbano de Ferrol. El planeamiento prev\u00e9 un edificio en forma de uve y se permite cierto juego de entrantes o salientes tanto en el borde exterior como en el interior.<br \/>\n<\/span><span style=\"line-height: 19px;\">Un z\u00f3calo continuo nos permite acceder desde el punto m\u00e1s elevado, relacionado con el resto del barrio, en la fachada norte. Por debajo todo garaje y trasteros, pr\u00e1cticamente sin rampa, al acceder desde la fachada opuesta. Tenemos pues toda la planta baja dedicada a centro de d\u00eda, con accesos a nivel tanto desde el exterior como hacia el patio y\u00a0 las tres plantas superiores a viviendas.<br \/>\n<\/span>El centro de d\u00eda ocupa el v\u00e9rtice y un ala de la uve. Acceso y zonas de administraci\u00f3n y atenci\u00f3n m\u00e9dica hacia el noroeste; servicios, con acceso independiente hacia el sureste y zonas de estancia en la parte central con doble orientaci\u00f3n, sur hacia el exterior y norte hacia el patio. El resto de la planta baja lo ocupan cuatro viviendas adaptadas y con acceso directo al patio, zona de instalaciones y almacenes.<\/em><br \/>\n<em>Las tres plantas superiores se configuran en tres paquetes cada una con espacios intersticiales de relaci\u00f3n. Los m\u00e1s generosos al suroeste y con vistas a la r\u00eda, hacia el norte lavander\u00eda y tendedero y los corredores hacia el patio con peque\u00f1as dilataciones a modo de miradores.<\/em><br \/>\n<em>La vivienda tipo se estructura en dos franjas; una de servicio con aseo, armario y cocina y otra de estancia comedor y dormitorio; ambas con doble orientaci\u00f3n. En algunos casos se a\u00f1ade una cruj\u00eda intermedia con dos habitaciones, una para cada vivienda<\/em>.\u00bb Abalo Alonso Arquitectos<\/td>\n<\/tr>\n<tr>\n<td width=\"20\"><\/td>\n<td colspan=\"2\"><b>Reportaxe fotogr\u00e1fica: <a href=\"http:\/\/santos-diez.com\/\" target=\"_blank\">Santos-D\u00edez<\/a> | <a href=\"http:\/\/bisimages.com\/\" target=\"_blank\">Bisimages<\/a><\/b><\/td>\n<\/tr>\n<tr>\n<td width=\"20\"><\/td>\n<td colspan=\"2\"><\/td>\n<\/tr>\n<tr>\n<td width=\"20\"><\/td>\n<td colspan=\"2\"><strong>Planos:<\/strong><\/td>\n<\/tr>\n<tr>\n<td width=\"20\"><\/td>\n<td colspan=\"2\"><\/td>\n<\/tr>\n<\/tbody>\n<\/table>\n","protected":false},"excerpt":{"rendered":"<p>Parcela triangular con ligera pendiente en el borde mar\u00edtimo urbano de Ferrol. El planeamiento prev\u00e9 un edificio en forma de uve y se permite cierto juego de entrantes o salientes tanto en el borde exterior como en el interior.<\/p>\n","protected":false},"author":7,"featured_media":7095,"comment_status":"open","ping_status":"open","sticky":false,"template":"","format":"standard","meta":{"jetpack_post_was_ever_published":false,"_jetpack_newsletter_access":"","_jetpack_dont_email_post_to_subs":false,"_jetpack_newsletter_tier_id":0,"_jetpack_memberships_contains_paywalled_content":false,"_jetpack_memberships_contains_paid_content":false,"footnotes":"","jetpack_publicize_message":"","jetpack_publicize_feature_enabled":true,"jetpack_social_post_already_shared":true,"jetpack_social_options":{"image_generator_settings":{"template":"highway","enabled":false},"version":2}},"categories":[6],"tags":[55,58,550,77,108],"ano":[],"arquitectos":[],"tipoloxia":[],"class_list":["post-7092","post","type-post","status-publish","format-standard","has-post-thumbnail","hentry","category-ferrol","tag-55","tag-abaloalonso","tag-centro-de-dia","tag-colectiva","tag-vivenda","content-print"],"jetpack_publicize_connections":[],"yoast_head":"<!-- This site is optimized with the Yoast SEO plugin v24.1 - https:\/\/yoast.com\/wordpress\/plugins\/seo\/ -->\n<title>43 viviendas y centro de d\u00eda | AG<\/title>\n<meta name=\"robots\" content=\"index, follow, max-snippet:-1, max-image-preview:large, max-video-preview:-1\" \/>\n<link rel=\"canonical\" href=\"https:\/\/arquitecturadegalicia.eu\/blog\/43-viviendas-y-centro-de-dia\/\" \/>\n<meta property=\"og:locale\" content=\"es_ES\" \/>\n<meta property=\"og:type\" content=\"article\" \/>\n<meta property=\"og:title\" content=\"43 viviendas y centro de d\u00eda | AG\" \/>\n<meta property=\"og:description\" content=\"Parcela triangular con ligera pendiente en el borde mar\u00edtimo urbano de Ferrol. El planeamiento prev\u00e9 un edificio en forma de uve y se permite cierto juego de entrantes o salientes tanto en el borde exterior como en el interior.\" \/>\n<meta property=\"og:url\" content=\"https:\/\/arquitecturadegalicia.eu\/blog\/43-viviendas-y-centro-de-dia\/\" \/>\n<meta property=\"og:site_name\" content=\"AG\" \/>\n<meta property=\"article:publisher\" content=\"https:\/\/www.facebook.com\/ArquitecturadeGalicia\/\" \/>\n<meta property=\"article:published_time\" content=\"2013-06-29T18:00:45+00:00\" \/>\n<meta property=\"article:modified_time\" content=\"2013-06-26T17:40:56+00:00\" \/>\n<meta property=\"og:image\" content=\"https:\/\/arquitecturadegalicia.eu\/blog\/wp-content\/uploads\/2013\/06\/5126ffffb3fc4bd666000021_43-viviendas-para-j-venes-y-mayores-y-centro-de-d-a-abalo-alonso-arquitectos_aa_vf_33_28863-525x700.jpg\" \/>\n\t<meta property=\"og:image:width\" content=\"620\" \/>\n\t<meta property=\"og:image:height\" content=\"827\" \/>\n\t<meta property=\"og:image:type\" content=\"image\/jpeg\" \/>\n<meta name=\"author\" content=\"Dario Vallina\" \/>\n<meta name=\"twitter:card\" content=\"summary_large_image\" \/>\n<meta name=\"twitter:creator\" content=\"@arquigaliciaeu\" \/>\n<meta name=\"twitter:site\" content=\"@arquigaliciaeu\" \/>\n<meta name=\"twitter:label1\" content=\"Escrito por\" \/>\n\t<meta name=\"twitter:data1\" content=\"Dario Vallina\" \/>\n\t<meta name=\"twitter:label2\" content=\"Tiempo de lectura\" \/>\n\t<meta name=\"twitter:data2\" content=\"2 minutos\" \/>\n<script type=\"application\/ld+json\" class=\"yoast-schema-graph\">{\"@context\":\"https:\/\/schema.org\",\"@graph\":[{\"@type\":\"Article\",\"@id\":\"https:\/\/arquitecturadegalicia.eu\/blog\/43-viviendas-y-centro-de-dia\/#article\",\"isPartOf\":{\"@id\":\"https:\/\/arquitecturadegalicia.eu\/blog\/43-viviendas-y-centro-de-dia\/\"},\"author\":{\"name\":\"Dario Vallina\",\"@id\":\"https:\/\/arquitecturadegalicia.eu\/blog\/#\/schema\/person\/abcb74b3399abffb9dabced36488ac35\"},\"headline\":\"43 viviendas y centro de d\u00eda\",\"datePublished\":\"2013-06-29T18:00:45+00:00\",\"dateModified\":\"2013-06-26T17:40:56+00:00\",\"mainEntityOfPage\":{\"@id\":\"https:\/\/arquitecturadegalicia.eu\/blog\/43-viviendas-y-centro-de-dia\/\"},\"wordCount\":349,\"commentCount\":0,\"publisher\":{\"@id\":\"https:\/\/arquitecturadegalicia.eu\/blog\/#organization\"},\"image\":{\"@id\":\"https:\/\/arquitecturadegalicia.eu\/blog\/43-viviendas-y-centro-de-dia\/#primaryimage\"},\"thumbnailUrl\":\"https:\/\/arquitecturadegalicia.eu\/blog\/wp-content\/uploads\/2013\/06\/5126ffffb3fc4bd666000021_43-viviendas-para-j-venes-y-mayores-y-centro-de-d-a-abalo-alonso-arquitectos_aa_vf_33_28863-525x700.jpg\",\"keywords\":[\"2010\",\"Abalo+Alonso\",\"centro de dia\",\"colectiva\",\"Vivenda\"],\"articleSection\":[\"Ferrol\"],\"inLanguage\":\"es\",\"potentialAction\":[{\"@type\":\"CommentAction\",\"name\":\"Comment\",\"target\":[\"https:\/\/arquitecturadegalicia.eu\/blog\/43-viviendas-y-centro-de-dia\/#respond\"]}]},{\"@type\":\"WebPage\",\"@id\":\"https:\/\/arquitecturadegalicia.eu\/blog\/43-viviendas-y-centro-de-dia\/\",\"url\":\"https:\/\/arquitecturadegalicia.eu\/blog\/43-viviendas-y-centro-de-dia\/\",\"name\":\"43 viviendas y centro de d\u00eda | AG\",\"isPartOf\":{\"@id\":\"https:\/\/arquitecturadegalicia.eu\/blog\/#website\"},\"primaryImageOfPage\":{\"@id\":\"https:\/\/arquitecturadegalicia.eu\/blog\/43-viviendas-y-centro-de-dia\/#primaryimage\"},\"image\":{\"@id\":\"https:\/\/arquitecturadegalicia.eu\/blog\/43-viviendas-y-centro-de-dia\/#primaryimage\"},\"thumbnailUrl\":\"https:\/\/arquitecturadegalicia.eu\/blog\/wp-content\/uploads\/2013\/06\/5126ffffb3fc4bd666000021_43-viviendas-para-j-venes-y-mayores-y-centro-de-d-a-abalo-alonso-arquitectos_aa_vf_33_28863-525x700.jpg\",\"datePublished\":\"2013-06-29T18:00:45+00:00\",\"dateModified\":\"2013-06-26T17:40:56+00:00\",\"breadcrumb\":{\"@id\":\"https:\/\/arquitecturadegalicia.eu\/blog\/43-viviendas-y-centro-de-dia\/#breadcrumb\"},\"inLanguage\":\"es\",\"potentialAction\":[{\"@type\":\"ReadAction\",\"target\":[\"https:\/\/arquitecturadegalicia.eu\/blog\/43-viviendas-y-centro-de-dia\/\"]}]},{\"@type\":\"ImageObject\",\"inLanguage\":\"es\",\"@id\":\"https:\/\/arquitecturadegalicia.eu\/blog\/43-viviendas-y-centro-de-dia\/#primaryimage\",\"url\":\"https:\/\/arquitecturadegalicia.eu\/blog\/wp-content\/uploads\/2013\/06\/5126ffffb3fc4bd666000021_43-viviendas-para-j-venes-y-mayores-y-centro-de-d-a-abalo-alonso-arquitectos_aa_vf_33_28863-525x700.jpg\",\"contentUrl\":\"https:\/\/arquitecturadegalicia.eu\/blog\/wp-content\/uploads\/2013\/06\/5126ffffb3fc4bd666000021_43-viviendas-para-j-venes-y-mayores-y-centro-de-d-a-abalo-alonso-arquitectos_aa_vf_33_28863-525x700.jpg\",\"width\":620,\"height\":827,\"caption\":\"43 VPO | Ferrol | Abalo alonso | Santos Diez\"},{\"@type\":\"BreadcrumbList\",\"@id\":\"https:\/\/arquitecturadegalicia.eu\/blog\/43-viviendas-y-centro-de-dia\/#breadcrumb\",\"itemListElement\":[{\"@type\":\"ListItem\",\"position\":1,\"name\":\"Portada\",\"item\":\"https:\/\/arquitecturadegalicia.eu\/blog\/\"},{\"@type\":\"ListItem\",\"position\":2,\"name\":\"43 viviendas y centro de d\u00eda\"}]},{\"@type\":\"WebSite\",\"@id\":\"https:\/\/arquitecturadegalicia.eu\/blog\/#website\",\"url\":\"https:\/\/arquitecturadegalicia.eu\/blog\/\",\"name\":\"AG\",\"description\":\"Arquitectura de Galicia\",\"publisher\":{\"@id\":\"https:\/\/arquitecturadegalicia.eu\/blog\/#organization\"},\"potentialAction\":[{\"@type\":\"SearchAction\",\"target\":{\"@type\":\"EntryPoint\",\"urlTemplate\":\"https:\/\/arquitecturadegalicia.eu\/blog\/?s={search_term_string}\"},\"query-input\":{\"@type\":\"PropertyValueSpecification\",\"valueRequired\":true,\"valueName\":\"search_term_string\"}}],\"inLanguage\":\"es\"},{\"@type\":\"Organization\",\"@id\":\"https:\/\/arquitecturadegalicia.eu\/blog\/#organization\",\"name\":\"Arquitectura de Galicia\",\"url\":\"https:\/\/arquitecturadegalicia.eu\/blog\/\",\"logo\":{\"@type\":\"ImageObject\",\"inLanguage\":\"es\",\"@id\":\"https:\/\/arquitecturadegalicia.eu\/blog\/#\/schema\/logo\/image\/\",\"url\":\"https:\/\/arquitecturadegalicia.eu\/blog\/wp-content\/uploads\/2017\/01\/arquitecturacurrents2.png\",\"contentUrl\":\"https:\/\/arquitecturadegalicia.eu\/blog\/wp-content\/uploads\/2017\/01\/arquitecturacurrents2.png\",\"width\":840,\"height\":640,\"caption\":\"Arquitectura de Galicia\"},\"image\":{\"@id\":\"https:\/\/arquitecturadegalicia.eu\/blog\/#\/schema\/logo\/image\/\"},\"sameAs\":[\"https:\/\/www.facebook.com\/ArquitecturadeGalicia\/\",\"https:\/\/x.com\/arquigaliciaeu\",\"https:\/\/www.instagram.com\/arquigaliciaeu\/\"]},{\"@type\":\"Person\",\"@id\":\"https:\/\/arquitecturadegalicia.eu\/blog\/#\/schema\/person\/abcb74b3399abffb9dabced36488ac35\",\"name\":\"Dario Vallina\",\"image\":{\"@type\":\"ImageObject\",\"inLanguage\":\"es\",\"@id\":\"https:\/\/arquitecturadegalicia.eu\/blog\/#\/schema\/person\/image\/\",\"url\":\"https:\/\/secure.gravatar.com\/avatar\/a79e713b96510b29d405cacc448bf2e0?s=96&d=mm&r=g\",\"contentUrl\":\"https:\/\/secure.gravatar.com\/avatar\/a79e713b96510b29d405cacc448bf2e0?s=96&d=mm&r=g\",\"caption\":\"Dario Vallina\"},\"description\":\"Xix\u00f3n | Coordinaci\u00f3n e edici\u00f3n de artigos | La simplicidad es la mayor sofisticaci\u00f3n. Un caballo pintado a rayas no es una cebra. La imaginaci\u00f3n es m\u00e1s importante que la sabidur\u00eda. Si no puedo dibujarlo, es que no lo entiendo.\",\"url\":\"https:\/\/arquitecturadegalicia.eu\/blog\/author\/dariovallina\/\"}]}<\/script>\n<!-- \/ Yoast SEO plugin. -->","yoast_head_json":{"title":"43 viviendas y centro de d\u00eda | AG","robots":{"index":"index","follow":"follow","max-snippet":"max-snippet:-1","max-image-preview":"max-image-preview:large","max-video-preview":"max-video-preview:-1"},"canonical":"https:\/\/arquitecturadegalicia.eu\/blog\/43-viviendas-y-centro-de-dia\/","og_locale":"es_ES","og_type":"article","og_title":"43 viviendas y centro de d\u00eda | AG","og_description":"Parcela triangular con ligera pendiente en el borde mar\u00edtimo urbano de Ferrol. El planeamiento prev\u00e9 un edificio en forma de uve y se permite cierto juego de entrantes o salientes tanto en el borde exterior como en el interior.","og_url":"https:\/\/arquitecturadegalicia.eu\/blog\/43-viviendas-y-centro-de-dia\/","og_site_name":"AG","article_publisher":"https:\/\/www.facebook.com\/ArquitecturadeGalicia\/","article_published_time":"2013-06-29T18:00:45+00:00","article_modified_time":"2013-06-26T17:40:56+00:00","og_image":[{"width":620,"height":827,"url":"https:\/\/arquitecturadegalicia.eu\/blog\/wp-content\/uploads\/2013\/06\/5126ffffb3fc4bd666000021_43-viviendas-para-j-venes-y-mayores-y-centro-de-d-a-abalo-alonso-arquitectos_aa_vf_33_28863-525x700.jpg","type":"image\/jpeg"}],"author":"Dario Vallina","twitter_card":"summary_large_image","twitter_creator":"@arquigaliciaeu","twitter_site":"@arquigaliciaeu","twitter_misc":{"Escrito por":"Dario Vallina","Tiempo de lectura":"2 minutos"},"schema":{"@context":"https:\/\/schema.org","@graph":[{"@type":"Article","@id":"https:\/\/arquitecturadegalicia.eu\/blog\/43-viviendas-y-centro-de-dia\/#article","isPartOf":{"@id":"https:\/\/arquitecturadegalicia.eu\/blog\/43-viviendas-y-centro-de-dia\/"},"author":{"name":"Dario Vallina","@id":"https:\/\/arquitecturadegalicia.eu\/blog\/#\/schema\/person\/abcb74b3399abffb9dabced36488ac35"},"headline":"43 viviendas y centro de d\u00eda","datePublished":"2013-06-29T18:00:45+00:00","dateModified":"2013-06-26T17:40:56+00:00","mainEntityOfPage":{"@id":"https:\/\/arquitecturadegalicia.eu\/blog\/43-viviendas-y-centro-de-dia\/"},"wordCount":349,"commentCount":0,"publisher":{"@id":"https:\/\/arquitecturadegalicia.eu\/blog\/#organization"},"image":{"@id":"https:\/\/arquitecturadegalicia.eu\/blog\/43-viviendas-y-centro-de-dia\/#primaryimage"},"thumbnailUrl":"https:\/\/arquitecturadegalicia.eu\/blog\/wp-content\/uploads\/2013\/06\/5126ffffb3fc4bd666000021_43-viviendas-para-j-venes-y-mayores-y-centro-de-d-a-abalo-alonso-arquitectos_aa_vf_33_28863-525x700.jpg","keywords":["2010","Abalo+Alonso","centro de dia","colectiva","Vivenda"],"articleSection":["Ferrol"],"inLanguage":"es","potentialAction":[{"@type":"CommentAction","name":"Comment","target":["https:\/\/arquitecturadegalicia.eu\/blog\/43-viviendas-y-centro-de-dia\/#respond"]}]},{"@type":"WebPage","@id":"https:\/\/arquitecturadegalicia.eu\/blog\/43-viviendas-y-centro-de-dia\/","url":"https:\/\/arquitecturadegalicia.eu\/blog\/43-viviendas-y-centro-de-dia\/","name":"43 viviendas y centro de d\u00eda | AG","isPartOf":{"@id":"https:\/\/arquitecturadegalicia.eu\/blog\/#website"},"primaryImageOfPage":{"@id":"https:\/\/arquitecturadegalicia.eu\/blog\/43-viviendas-y-centro-de-dia\/#primaryimage"},"image":{"@id":"https:\/\/arquitecturadegalicia.eu\/blog\/43-viviendas-y-centro-de-dia\/#primaryimage"},"thumbnailUrl":"https:\/\/arquitecturadegalicia.eu\/blog\/wp-content\/uploads\/2013\/06\/5126ffffb3fc4bd666000021_43-viviendas-para-j-venes-y-mayores-y-centro-de-d-a-abalo-alonso-arquitectos_aa_vf_33_28863-525x700.jpg","datePublished":"2013-06-29T18:00:45+00:00","dateModified":"2013-06-26T17:40:56+00:00","breadcrumb":{"@id":"https:\/\/arquitecturadegalicia.eu\/blog\/43-viviendas-y-centro-de-dia\/#breadcrumb"},"inLanguage":"es","potentialAction":[{"@type":"ReadAction","target":["https:\/\/arquitecturadegalicia.eu\/blog\/43-viviendas-y-centro-de-dia\/"]}]},{"@type":"ImageObject","inLanguage":"es","@id":"https:\/\/arquitecturadegalicia.eu\/blog\/43-viviendas-y-centro-de-dia\/#primaryimage","url":"https:\/\/arquitecturadegalicia.eu\/blog\/wp-content\/uploads\/2013\/06\/5126ffffb3fc4bd666000021_43-viviendas-para-j-venes-y-mayores-y-centro-de-d-a-abalo-alonso-arquitectos_aa_vf_33_28863-525x700.jpg","contentUrl":"https:\/\/arquitecturadegalicia.eu\/blog\/wp-content\/uploads\/2013\/06\/5126ffffb3fc4bd666000021_43-viviendas-para-j-venes-y-mayores-y-centro-de-d-a-abalo-alonso-arquitectos_aa_vf_33_28863-525x700.jpg","width":620,"height":827,"caption":"43 VPO | Ferrol | Abalo alonso | Santos Diez"},{"@type":"BreadcrumbList","@id":"https:\/\/arquitecturadegalicia.eu\/blog\/43-viviendas-y-centro-de-dia\/#breadcrumb","itemListElement":[{"@type":"ListItem","position":1,"name":"Portada","item":"https:\/\/arquitecturadegalicia.eu\/blog\/"},{"@type":"ListItem","position":2,"name":"43 viviendas y centro de d\u00eda"}]},{"@type":"WebSite","@id":"https:\/\/arquitecturadegalicia.eu\/blog\/#website","url":"https:\/\/arquitecturadegalicia.eu\/blog\/","name":"AG","description":"Arquitectura de Galicia","publisher":{"@id":"https:\/\/arquitecturadegalicia.eu\/blog\/#organization"},"potentialAction":[{"@type":"SearchAction","target":{"@type":"EntryPoint","urlTemplate":"https:\/\/arquitecturadegalicia.eu\/blog\/?s={search_term_string}"},"query-input":{"@type":"PropertyValueSpecification","valueRequired":true,"valueName":"search_term_string"}}],"inLanguage":"es"},{"@type":"Organization","@id":"https:\/\/arquitecturadegalicia.eu\/blog\/#organization","name":"Arquitectura de Galicia","url":"https:\/\/arquitecturadegalicia.eu\/blog\/","logo":{"@type":"ImageObject","inLanguage":"es","@id":"https:\/\/arquitecturadegalicia.eu\/blog\/#\/schema\/logo\/image\/","url":"https:\/\/arquitecturadegalicia.eu\/blog\/wp-content\/uploads\/2017\/01\/arquitecturacurrents2.png","contentUrl":"https:\/\/arquitecturadegalicia.eu\/blog\/wp-content\/uploads\/2017\/01\/arquitecturacurrents2.png","width":840,"height":640,"caption":"Arquitectura de Galicia"},"image":{"@id":"https:\/\/arquitecturadegalicia.eu\/blog\/#\/schema\/logo\/image\/"},"sameAs":["https:\/\/www.facebook.com\/ArquitecturadeGalicia\/","https:\/\/x.com\/arquigaliciaeu","https:\/\/www.instagram.com\/arquigaliciaeu\/"]},{"@type":"Person","@id":"https:\/\/arquitecturadegalicia.eu\/blog\/#\/schema\/person\/abcb74b3399abffb9dabced36488ac35","name":"Dario Vallina","image":{"@type":"ImageObject","inLanguage":"es","@id":"https:\/\/arquitecturadegalicia.eu\/blog\/#\/schema\/person\/image\/","url":"https:\/\/secure.gravatar.com\/avatar\/a79e713b96510b29d405cacc448bf2e0?s=96&d=mm&r=g","contentUrl":"https:\/\/secure.gravatar.com\/avatar\/a79e713b96510b29d405cacc448bf2e0?s=96&d=mm&r=g","caption":"Dario Vallina"},"description":"Xix\u00f3n | Coordinaci\u00f3n e edici\u00f3n de artigos | La simplicidad es la mayor sofisticaci\u00f3n. Un caballo pintado a rayas no es una cebra. La imaginaci\u00f3n es m\u00e1s importante que la sabidur\u00eda. Si no puedo dibujarlo, es que no lo entiendo.","url":"https:\/\/arquitecturadegalicia.eu\/blog\/author\/dariovallina\/"}]}},"jetpack_featured_media_url":"https:\/\/arquitecturadegalicia.eu\/blog\/wp-content\/uploads\/2013\/06\/5126ffffb3fc4bd666000021_43-viviendas-para-j-venes-y-mayores-y-centro-de-d-a-abalo-alonso-arquitectos_aa_vf_33_28863-525x700.jpg","jetpack_shortlink":"https:\/\/wp.me\/p2NHs2-1Qo","jetpack_sharing_enabled":true,"_links":{"self":[{"href":"https:\/\/arquitecturadegalicia.eu\/blog\/wp-json\/wp\/v2\/posts\/7092","targetHints":{"allow":["GET"]}}],"collection":[{"href":"https:\/\/arquitecturadegalicia.eu\/blog\/wp-json\/wp\/v2\/posts"}],"about":[{"href":"https:\/\/arquitecturadegalicia.eu\/blog\/wp-json\/wp\/v2\/types\/post"}],"author":[{"embeddable":true,"href":"https:\/\/arquitecturadegalicia.eu\/blog\/wp-json\/wp\/v2\/users\/7"}],"replies":[{"embeddable":true,"href":"https:\/\/arquitecturadegalicia.eu\/blog\/wp-json\/wp\/v2\/comments?post=7092"}],"version-history":[{"count":12,"href":"https:\/\/arquitecturadegalicia.eu\/blog\/wp-json\/wp\/v2\/posts\/7092\/revisions"}],"predecessor-version":[{"id":7305,"href":"https:\/\/arquitecturadegalicia.eu\/blog\/wp-json\/wp\/v2\/posts\/7092\/revisions\/7305"}],"wp:featuredmedia":[{"embeddable":true,"href":"https:\/\/arquitecturadegalicia.eu\/blog\/wp-json\/wp\/v2\/media\/7095"}],"wp:attachment":[{"href":"https:\/\/arquitecturadegalicia.eu\/blog\/wp-json\/wp\/v2\/media?parent=7092"}],"wp:term":[{"taxonomy":"category","embeddable":true,"href":"https:\/\/arquitecturadegalicia.eu\/blog\/wp-json\/wp\/v2\/categories?post=7092"},{"taxonomy":"post_tag","embeddable":true,"href":"https:\/\/arquitecturadegalicia.eu\/blog\/wp-json\/wp\/v2\/tags?post=7092"},{"taxonomy":"ano","embeddable":true,"href":"https:\/\/arquitecturadegalicia.eu\/blog\/wp-json\/wp\/v2\/ano?post=7092"},{"taxonomy":"arquitectos","embeddable":true,"href":"https:\/\/arquitecturadegalicia.eu\/blog\/wp-json\/wp\/v2\/arquitectos?post=7092"},{"taxonomy":"tipoloxia","embeddable":true,"href":"https:\/\/arquitecturadegalicia.eu\/blog\/wp-json\/wp\/v2\/tipoloxia?post=7092"}],"curies":[{"name":"wp","href":"https:\/\/api.w.org\/{rel}","templated":true}]}}