{"id":7105,"date":"2013-06-18T20:00:52","date_gmt":"2013-06-18T18:00:52","guid":{"rendered":"http:\/\/arquitecturadegalicia.eu\/blog\/?p=7105"},"modified":"2013-06-17T11:23:02","modified_gmt":"2013-06-17T09:23:02","slug":"vicerrectorado-do-campus-de-esteiro","status":"publish","type":"post","link":"https:\/\/arquitecturadegalicia.eu\/blog\/vicerrectorado-do-campus-de-esteiro\/","title":{"rendered":"Vicerrectorado do Campus de Esteiro"},"content":{"rendered":"<p><img fetchpriority=\"high\" decoding=\"async\" class=\"alignnone size-full wp-image-7112\" alt=\"vicerrectorado campus esteiro\" src=\"http:\/\/arquitecturadegalicia.eu\/blog\/wp-content\/uploads\/2013\/06\/vicerrectorado-campus-esteiro.jpg\" width=\"620\" height=\"318\" srcset=\"https:\/\/arquitecturadegalicia.eu\/blog\/wp-content\/uploads\/2013\/06\/vicerrectorado-campus-esteiro.jpg 620w, https:\/\/arquitecturadegalicia.eu\/blog\/wp-content\/uploads\/2013\/06\/vicerrectorado-campus-esteiro-300x153.jpg 300w\" sizes=\"(max-width: 620px) 100vw, 620px\" \/><\/p>\n<h6 style=\"text-align: right;\"><span style=\"color: #333333;\">Arquitectura de Galicia<\/span><\/h6>\n<table class=\"aligncenter\" width=\"620\" border=\"0\" cellspacing=\"0\" cellpadding=\"0\">\n<tbody>\n<tr>\n<td width=\"180\"><strong>Obra:<\/strong><\/td>\n<td>Vicerrectorado do Campus de Esteiro<\/td>\n<\/tr>\n<tr>\n<td><strong>Arquitecto:<\/strong><\/td>\n<td>Francisco Jos\u00e9 Caridad Y\u00e1\u00f1ez e Eduardo Caridad Y\u00e1\u00f1ez<\/td>\n<\/tr>\n<tr>\n<td><strong>Provincia:<\/strong><\/td>\n<td>A Coru\u00f1a<\/td>\n<\/tr>\n<tr>\n<td><strong>Localidade:<\/strong><\/td>\n<td>Ferrol<\/td>\n<\/tr>\n<tr>\n<td><strong>Ano:<\/strong><\/td>\n<td>2000<\/td>\n<\/tr>\n<tr>\n<td><strong>Xeolocalizaci\u00f3n:<\/strong><\/td>\n<td><strong><a href=\"https:\/\/www.google.es\/maps\/ms?msa=0&amp;msid=205584753861089304839.0004b3590a9baff01c53d&amp;ie=UTF8&amp;ll=43.482232,-8.223312&amp;spn=0.001177,0.002642&amp;t=h&amp;z=19&amp;vpsrc=6&amp;iwloc=0004ded2910085716f24b\" target=\"_blank\">43.4822,-8.2233<\/a><\/strong><\/td>\n<\/tr>\n<\/tbody>\n<\/table>\n<table class=\" aligncenter\" width=\"620\" border=\"0\" cellspacing=\"0\" cellpadding=\"0\">\n<tbody>\n<tr>\n<td colspan=\"3\"><strong>Outros Datos:<\/strong><\/td>\n<\/tr>\n<tr>\n<td width=\"20\"><\/td>\n<td colspan=\"2\"><strong>Premios:<\/strong><\/td>\n<\/tr>\n<tr>\n<td width=\"20\"><\/td>\n<td width=\"20\"><\/td>\n<td width=\"580\"><\/td>\n<\/tr>\n<tr>\n<td width=\"20\"><\/td>\n<td colspan=\"2\"><strong>Publicaci\u00f3ns:<\/strong><\/td>\n<\/tr>\n<tr>\n<td width=\"20\"><\/td>\n<td width=\"20\"><\/td>\n<td><\/td>\n<\/tr>\n<tr>\n<td width=\"20\"><\/td>\n<td colspan=\"2\"><strong>Informaci\u00f3n na rede:<\/strong><\/td>\n<\/tr>\n<tr>\n<td width=\"20\"><\/td>\n<td width=\"20\"><\/td>\n<td><a href=\"http:\/\/www.turgalicia.es\/ficha-recurso?langId=es_ES&amp;cod_rec=34247&amp;ctre=46&amp;volverFicha=true\" target=\"_blank\">turgalicia.es<br \/>\n<\/a><a href=\"http:\/\/www.turgalicia.es\/fotos\/IMAGENES\/FLASH\/MUSEOSNP\/05_VICERRECTORADO%20CAMPUS\/index.html\" target=\"_blank\">imaxes panor\u00e1micas<\/a><\/td>\n<\/tr>\n<tr>\n<td width=\"20\"><\/td>\n<td colspan=\"2\"><strong>Descripci\u00f3n do proxecto:<\/strong><\/td>\n<\/tr>\n<tr>\n<td width=\"20\"><\/td>\n<td width=\"20\"><\/td>\n<td>O edificio que alberga a sede do Vicerreitorado e outros servizos de caracter administrativo, organizase en dous volumes independentes unidos por unha pasaralea que vola a altura do primeiro piso. O Vicerreitorado ocupa o volumen m\u00e1is pequeno, de planta rectangular disposta en dous niveis. O outro edificio, m\u00e1is paralelepip\u00e9dico, ten a entrada a trav\u00e9s dun espazo porticado. No exterior destaca a utilizaci\u00f3n de materiais tradicionais como a lousa dos muros, que contrasta co uso do cobre na cuberta.<\/td>\n<\/tr>\n<tr>\n<td width=\"20\"><\/td>\n<td colspan=\"2\"><b>Reportaxe fotogr\u00e1fica<\/b><\/td>\n<\/tr>\n<tr>\n<td width=\"20\"><\/td>\n<td colspan=\"2\">\u00a0<p class=\"jetpack-slideshow-noscript robots-nocontent\">El pase de diapositivas requiere JavaScript.<\/p><div id=\"gallery-208-1-slideshow\" class=\"jetpack-slideshow-window jetpack-slideshow jetpack-slideshow-black\" data-trans=\"fade\" data-autostart=\"1\" data-gallery=\"[{&quot;src&quot;:&quot;https:\\\/\\\/arquitecturadegalicia.eu\\\/blog\\\/wp-content\\\/uploads\\\/2011\\\/12\\\/01i37.jpg&quot;,&quot;id&quot;:&quot;210&quot;,&quot;title&quot;:&quot;Praza Luis Seoane | Diaz e Diaz&quot;,&quot;alt&quot;:&quot;Praza Luis Seoane | Diaz e Diaz&quot;,&quot;caption&quot;:&quot;&quot;,&quot;itemprop&quot;:&quot;image&quot;},{&quot;src&quot;:&quot;https:\\\/\\\/arquitecturadegalicia.eu\\\/blog\\\/wp-content\\\/uploads\\\/2011\\\/12\\\/aparcamiento1.jpg&quot;,&quot;id&quot;:&quot;8939&quot;,&quot;title&quot;:&quot;aparcamiento luis seoane&quot;,&quot;alt&quot;:&quot;parcamento subterr\\u00e1neo e Praza p\\u00fablica Luis Seoane | Diaz\\u0026amp;Diaz&quot;,&quot;caption&quot;:&quot;&quot;,&quot;itemprop&quot;:&quot;image&quot;},{&quot;src&quot;:&quot;https:\\\/\\\/arquitecturadegalicia.eu\\\/blog\\\/wp-content\\\/uploads\\\/2011\\\/12\\\/seccion-constructiva.jpg&quot;,&quot;id&quot;:&quot;8942&quot;,&quot;title&quot;:&quot;seccion constructiva&quot;,&quot;alt&quot;:&quot;Aparcamento subterr\\u00e1neo e Praza p\\u00fablica Luis Seoane&quot;,&quot;caption&quot;:&quot;&quot;,&quot;itemprop&quot;:&quot;image&quot;},{&quot;src&quot;:&quot;https:\\\/\\\/arquitecturadegalicia.eu\\\/blog\\\/wp-content\\\/uploads\\\/2011\\\/12\\\/s\\u00f3tano-1.jpg&quot;,&quot;id&quot;:&quot;8943&quot;,&quot;title&quot;:&quot;s\\u00f3tano -1&quot;,&quot;alt&quot;:&quot;Aparcamento subterr\\u00e1neo e Praza p\\u00fablica Luis Seoane&quot;,&quot;caption&quot;:&quot;&quot;,&quot;itemprop&quot;:&quot;image&quot;},{&quot;src&quot;:&quot;https:\\\/\\\/arquitecturadegalicia.eu\\\/blog\\\/wp-content\\\/uploads\\\/2011\\\/12\\\/s\\u00f3tano-2.jpg&quot;,&quot;id&quot;:&quot;8944&quot;,&quot;title&quot;:&quot;s\\u00f3tano -2&quot;,&quot;alt&quot;:&quot;Aparcamento subterr\\u00e1neo e Praza p\\u00fablica Luis Seoane&quot;,&quot;caption&quot;:&quot;&quot;,&quot;itemprop&quot;:&quot;image&quot;},{&quot;src&quot;:&quot;https:\\\/\\\/arquitecturadegalicia.eu\\\/blog\\\/wp-content\\\/uploads\\\/2011\\\/12\\\/detalles-plaza.jpg&quot;,&quot;id&quot;:&quot;8945&quot;,&quot;title&quot;:&quot;detalles-plaza&quot;,&quot;alt&quot;:&quot;Aparcamento subterr\\u00e1neo e Praza p\\u00fablica Luis Seoane&quot;,&quot;caption&quot;:&quot;&quot;,&quot;itemprop&quot;:&quot;image&quot;},{&quot;src&quot;:&quot;https:\\\/\\\/arquitecturadegalicia.eu\\\/blog\\\/wp-content\\\/uploads\\\/2011\\\/12\\\/esquemas-plaza.jpg&quot;,&quot;id&quot;:&quot;8946&quot;,&quot;title&quot;:&quot;esquemas plaza&quot;,&quot;alt&quot;:&quot;Aparcamento subterr\\u00e1neo e Praza p\\u00fablica Luis Seoane&quot;,&quot;caption&quot;:&quot;&quot;,&quot;itemprop&quot;:&quot;image&quot;},{&quot;src&quot;:&quot;https:\\\/\\\/arquitecturadegalicia.eu\\\/blog\\\/wp-content\\\/uploads\\\/2011\\\/12\\\/planta-plaza.jpg&quot;,&quot;id&quot;:&quot;8947&quot;,&quot;title&quot;:&quot;planta plaza&quot;,&quot;alt&quot;:&quot;Aparcamento subterr\\u00e1neo e Praza p\\u00fablica Luis Seoane&quot;,&quot;caption&quot;:&quot;&quot;,&quot;itemprop&quot;:&quot;image&quot;},{&quot;src&quot;:&quot;https:\\\/\\\/arquitecturadegalicia.eu\\\/blog\\\/wp-content\\\/uploads\\\/2011\\\/12\\\/situaci\\u00f3n.jpg&quot;,&quot;id&quot;:&quot;8948&quot;,&quot;title&quot;:&quot;situaci\\u00f3n&quot;,&quot;alt&quot;:&quot;Aparcamento subterr\\u00e1neo e Praza p\\u00fablica Luis Seoane&quot;,&quot;caption&quot;:&quot;&quot;,&quot;itemprop&quot;:&quot;image&quot;}]\" itemscope itemtype=\"https:\/\/schema.org\/ImageGallery\"><\/div><\/td>\n<\/tr>\n<tr>\n<td width=\"20\"><\/td>\n<td colspan=\"2\"><strong>Planos:<\/strong><\/td>\n<\/tr>\n<tr>\n<td width=\"20\"><\/td>\n<td colspan=\"2\"><\/td>\n<\/tr>\n<\/tbody>\n<\/table>\n","protected":false},"excerpt":{"rendered":"<p>O edificio que alberga a sede do Vicerreitorado e outros servizos de caracter administrativo, organizase en dous volumes independentes unidos por unha pasaralea que vola a altura do primeiro piso. O Vicerreitorado ocupa o volumen m\u00e1is pequeno, de planta rectangular disposta en dous niveis. O outro edificio, m\u00e1is paralelepip\u00e9dico, ten a entrada a trav\u00e9s dun espazo porticado. <\/p>\n","protected":false},"author":3,"featured_media":7112,"comment_status":"open","ping_status":"open","sticky":false,"template":"","format":"standard","meta":{"jetpack_post_was_ever_published":false,"_jetpack_newsletter_access":"","_jetpack_dont_email_post_to_subs":false,"_jetpack_newsletter_tier_id":0,"_jetpack_memberships_contains_paywalled_content":false,"_jetpack_memberships_contains_paid_content":false,"footnotes":"","jetpack_publicize_message":"","jetpack_publicize_feature_enabled":true,"jetpack_social_post_already_shared":true,"jetpack_social_options":{"image_generator_settings":{"template":"highway","enabled":false},"version":2}},"categories":[6],"tags":[46,224,558,81,557],"ano":[],"arquitectos":[],"tipoloxia":[],"class_list":["post-7105","post","type-post","status-publish","format-standard","has-post-thumbnail","hentry","category-ferrol","tag-46","tag-administrativo","tag-e-caridad-yanez","tag-educacion","tag-fco-x-caridad-yanez","content-print"],"jetpack_publicize_connections":[],"yoast_head":"<!-- This site is optimized with the Yoast SEO plugin v24.1 - https:\/\/yoast.com\/wordpress\/plugins\/seo\/ -->\n<title>Vicerrectorado do Campus de Esteiro | AG<\/title>\n<meta name=\"robots\" content=\"index, follow, max-snippet:-1, max-image-preview:large, max-video-preview:-1\" \/>\n<link rel=\"canonical\" href=\"https:\/\/arquitecturadegalicia.eu\/blog\/vicerrectorado-do-campus-de-esteiro\/\" \/>\n<meta property=\"og:locale\" content=\"es_ES\" \/>\n<meta property=\"og:type\" content=\"article\" \/>\n<meta property=\"og:title\" content=\"Vicerrectorado do Campus de Esteiro | AG\" \/>\n<meta property=\"og:description\" content=\"O edificio que alberga a sede do Vicerreitorado e outros servizos de caracter administrativo, organizase en dous volumes independentes unidos por unha pasaralea que vola a altura do primeiro piso. O Vicerreitorado ocupa o volumen m\u00e1is pequeno, de planta rectangular disposta en dous niveis. O outro edificio, m\u00e1is paralelepip\u00e9dico, ten a entrada a trav\u00e9s dun espazo porticado.\" \/>\n<meta property=\"og:url\" content=\"https:\/\/arquitecturadegalicia.eu\/blog\/vicerrectorado-do-campus-de-esteiro\/\" \/>\n<meta property=\"og:site_name\" content=\"AG\" \/>\n<meta property=\"article:publisher\" content=\"https:\/\/www.facebook.com\/ArquitecturadeGalicia\/\" \/>\n<meta property=\"article:published_time\" content=\"2013-06-18T18:00:52+00:00\" \/>\n<meta property=\"article:modified_time\" content=\"2013-06-17T09:23:02+00:00\" \/>\n<meta property=\"og:image\" content=\"https:\/\/arquitecturadegalicia.eu\/blog\/wp-content\/uploads\/2013\/06\/vicerrectorado-campus-esteiro.jpg\" \/>\n\t<meta property=\"og:image:width\" content=\"620\" \/>\n\t<meta property=\"og:image:height\" content=\"318\" \/>\n\t<meta property=\"og:image:type\" content=\"image\/jpeg\" \/>\n<meta name=\"author\" content=\"Luis Santalla\" \/>\n<meta name=\"twitter:card\" content=\"summary_large_image\" \/>\n<meta name=\"twitter:creator\" content=\"@arquigaliciaeu\" \/>\n<meta name=\"twitter:site\" content=\"@arquigaliciaeu\" \/>\n<meta name=\"twitter:label1\" content=\"Escrito por\" \/>\n\t<meta name=\"twitter:data1\" content=\"Luis Santalla\" \/>\n\t<meta name=\"twitter:label2\" content=\"Tiempo de lectura\" \/>\n\t<meta name=\"twitter:data2\" content=\"1 minuto\" \/>\n<script type=\"application\/ld+json\" class=\"yoast-schema-graph\">{\"@context\":\"https:\/\/schema.org\",\"@graph\":[{\"@type\":\"Article\",\"@id\":\"https:\/\/arquitecturadegalicia.eu\/blog\/vicerrectorado-do-campus-de-esteiro\/#article\",\"isPartOf\":{\"@id\":\"https:\/\/arquitecturadegalicia.eu\/blog\/vicerrectorado-do-campus-de-esteiro\/\"},\"author\":{\"name\":\"Luis Santalla\",\"@id\":\"https:\/\/arquitecturadegalicia.eu\/blog\/#\/schema\/person\/e23cc95ba9b18a7fc37259e3f8d02f0e\"},\"headline\":\"Vicerrectorado do Campus de Esteiro\",\"datePublished\":\"2013-06-18T18:00:52+00:00\",\"dateModified\":\"2013-06-17T09:23:02+00:00\",\"mainEntityOfPage\":{\"@id\":\"https:\/\/arquitecturadegalicia.eu\/blog\/vicerrectorado-do-campus-de-esteiro\/\"},\"wordCount\":142,\"commentCount\":0,\"publisher\":{\"@id\":\"https:\/\/arquitecturadegalicia.eu\/blog\/#organization\"},\"image\":{\"@id\":\"https:\/\/arquitecturadegalicia.eu\/blog\/vicerrectorado-do-campus-de-esteiro\/#primaryimage\"},\"thumbnailUrl\":\"https:\/\/arquitecturadegalicia.eu\/blog\/wp-content\/uploads\/2013\/06\/vicerrectorado-campus-esteiro.jpg\",\"keywords\":[\"2000\",\"administrativo\",\"E. Caridad Y\u00e1\u00f1ez\",\"educaci\u00f3n\",\"Fco X. Caridad Y\u00e1\u00f1ez\"],\"articleSection\":[\"Ferrol\"],\"inLanguage\":\"es\",\"potentialAction\":[{\"@type\":\"CommentAction\",\"name\":\"Comment\",\"target\":[\"https:\/\/arquitecturadegalicia.eu\/blog\/vicerrectorado-do-campus-de-esteiro\/#respond\"]}]},{\"@type\":\"WebPage\",\"@id\":\"https:\/\/arquitecturadegalicia.eu\/blog\/vicerrectorado-do-campus-de-esteiro\/\",\"url\":\"https:\/\/arquitecturadegalicia.eu\/blog\/vicerrectorado-do-campus-de-esteiro\/\",\"name\":\"Vicerrectorado do Campus de Esteiro | AG\",\"isPartOf\":{\"@id\":\"https:\/\/arquitecturadegalicia.eu\/blog\/#website\"},\"primaryImageOfPage\":{\"@id\":\"https:\/\/arquitecturadegalicia.eu\/blog\/vicerrectorado-do-campus-de-esteiro\/#primaryimage\"},\"image\":{\"@id\":\"https:\/\/arquitecturadegalicia.eu\/blog\/vicerrectorado-do-campus-de-esteiro\/#primaryimage\"},\"thumbnailUrl\":\"https:\/\/arquitecturadegalicia.eu\/blog\/wp-content\/uploads\/2013\/06\/vicerrectorado-campus-esteiro.jpg\",\"datePublished\":\"2013-06-18T18:00:52+00:00\",\"dateModified\":\"2013-06-17T09:23:02+00:00\",\"breadcrumb\":{\"@id\":\"https:\/\/arquitecturadegalicia.eu\/blog\/vicerrectorado-do-campus-de-esteiro\/#breadcrumb\"},\"inLanguage\":\"es\",\"potentialAction\":[{\"@type\":\"ReadAction\",\"target\":[\"https:\/\/arquitecturadegalicia.eu\/blog\/vicerrectorado-do-campus-de-esteiro\/\"]}]},{\"@type\":\"ImageObject\",\"inLanguage\":\"es\",\"@id\":\"https:\/\/arquitecturadegalicia.eu\/blog\/vicerrectorado-do-campus-de-esteiro\/#primaryimage\",\"url\":\"https:\/\/arquitecturadegalicia.eu\/blog\/wp-content\/uploads\/2013\/06\/vicerrectorado-campus-esteiro.jpg\",\"contentUrl\":\"https:\/\/arquitecturadegalicia.eu\/blog\/wp-content\/uploads\/2013\/06\/vicerrectorado-campus-esteiro.jpg\",\"width\":620,\"height\":318},{\"@type\":\"BreadcrumbList\",\"@id\":\"https:\/\/arquitecturadegalicia.eu\/blog\/vicerrectorado-do-campus-de-esteiro\/#breadcrumb\",\"itemListElement\":[{\"@type\":\"ListItem\",\"position\":1,\"name\":\"Portada\",\"item\":\"https:\/\/arquitecturadegalicia.eu\/blog\/\"},{\"@type\":\"ListItem\",\"position\":2,\"name\":\"Vicerrectorado do Campus de Esteiro\"}]},{\"@type\":\"WebSite\",\"@id\":\"https:\/\/arquitecturadegalicia.eu\/blog\/#website\",\"url\":\"https:\/\/arquitecturadegalicia.eu\/blog\/\",\"name\":\"AG\",\"description\":\"Arquitectura de Galicia\",\"publisher\":{\"@id\":\"https:\/\/arquitecturadegalicia.eu\/blog\/#organization\"},\"potentialAction\":[{\"@type\":\"SearchAction\",\"target\":{\"@type\":\"EntryPoint\",\"urlTemplate\":\"https:\/\/arquitecturadegalicia.eu\/blog\/?s={search_term_string}\"},\"query-input\":{\"@type\":\"PropertyValueSpecification\",\"valueRequired\":true,\"valueName\":\"search_term_string\"}}],\"inLanguage\":\"es\"},{\"@type\":\"Organization\",\"@id\":\"https:\/\/arquitecturadegalicia.eu\/blog\/#organization\",\"name\":\"Arquitectura de Galicia\",\"url\":\"https:\/\/arquitecturadegalicia.eu\/blog\/\",\"logo\":{\"@type\":\"ImageObject\",\"inLanguage\":\"es\",\"@id\":\"https:\/\/arquitecturadegalicia.eu\/blog\/#\/schema\/logo\/image\/\",\"url\":\"https:\/\/arquitecturadegalicia.eu\/blog\/wp-content\/uploads\/2017\/01\/arquitecturacurrents2.png\",\"contentUrl\":\"https:\/\/arquitecturadegalicia.eu\/blog\/wp-content\/uploads\/2017\/01\/arquitecturacurrents2.png\",\"width\":840,\"height\":640,\"caption\":\"Arquitectura de Galicia\"},\"image\":{\"@id\":\"https:\/\/arquitecturadegalicia.eu\/blog\/#\/schema\/logo\/image\/\"},\"sameAs\":[\"https:\/\/www.facebook.com\/ArquitecturadeGalicia\/\",\"https:\/\/x.com\/arquigaliciaeu\",\"https:\/\/www.instagram.com\/arquigaliciaeu\/\"]},{\"@type\":\"Person\",\"@id\":\"https:\/\/arquitecturadegalicia.eu\/blog\/#\/schema\/person\/e23cc95ba9b18a7fc37259e3f8d02f0e\",\"name\":\"Luis Santalla\",\"image\":{\"@type\":\"ImageObject\",\"inLanguage\":\"es\",\"@id\":\"https:\/\/arquitecturadegalicia.eu\/blog\/#\/schema\/person\/image\/\",\"url\":\"https:\/\/secure.gravatar.com\/avatar\/5b1ff9326d90bb609bad178f3a7079fe?s=96&d=mm&r=g\",\"contentUrl\":\"https:\/\/secure.gravatar.com\/avatar\/5b1ff9326d90bb609bad178f3a7079fe?s=96&d=mm&r=g\",\"caption\":\"Luis Santalla\"},\"description\":\"Cedeira | Encargado de coordinaci\u00f3n e mantemento web | Arquitecto . Universidade do Minho 2012. Socio do estudio FLU-OR e antigo colaborador do Estudio MMASA. Publica habitualmente en teoriadeconstruccion.net, en arquitecturadegalicia.eu y eventualmente en inteligenciascolectivas.org\",\"sameAs\":[\"https:\/\/9diseno.wordpress.com\/curriculum-vitae\/\"],\"url\":\"https:\/\/arquitecturadegalicia.eu\/blog\/author\/luissantalla\/\"}]}<\/script>\n<!-- \/ Yoast SEO plugin. -->","yoast_head_json":{"title":"Vicerrectorado do Campus de Esteiro | AG","robots":{"index":"index","follow":"follow","max-snippet":"max-snippet:-1","max-image-preview":"max-image-preview:large","max-video-preview":"max-video-preview:-1"},"canonical":"https:\/\/arquitecturadegalicia.eu\/blog\/vicerrectorado-do-campus-de-esteiro\/","og_locale":"es_ES","og_type":"article","og_title":"Vicerrectorado do Campus de Esteiro | AG","og_description":"O edificio que alberga a sede do Vicerreitorado e outros servizos de caracter administrativo, organizase en dous volumes independentes unidos por unha pasaralea que vola a altura do primeiro piso. O Vicerreitorado ocupa o volumen m\u00e1is pequeno, de planta rectangular disposta en dous niveis. O outro edificio, m\u00e1is paralelepip\u00e9dico, ten a entrada a trav\u00e9s dun espazo porticado.","og_url":"https:\/\/arquitecturadegalicia.eu\/blog\/vicerrectorado-do-campus-de-esteiro\/","og_site_name":"AG","article_publisher":"https:\/\/www.facebook.com\/ArquitecturadeGalicia\/","article_published_time":"2013-06-18T18:00:52+00:00","article_modified_time":"2013-06-17T09:23:02+00:00","og_image":[{"width":620,"height":318,"url":"https:\/\/arquitecturadegalicia.eu\/blog\/wp-content\/uploads\/2013\/06\/vicerrectorado-campus-esteiro.jpg","type":"image\/jpeg"}],"author":"Luis Santalla","twitter_card":"summary_large_image","twitter_creator":"@arquigaliciaeu","twitter_site":"@arquigaliciaeu","twitter_misc":{"Escrito por":"Luis Santalla","Tiempo de lectura":"1 minuto"},"schema":{"@context":"https:\/\/schema.org","@graph":[{"@type":"Article","@id":"https:\/\/arquitecturadegalicia.eu\/blog\/vicerrectorado-do-campus-de-esteiro\/#article","isPartOf":{"@id":"https:\/\/arquitecturadegalicia.eu\/blog\/vicerrectorado-do-campus-de-esteiro\/"},"author":{"name":"Luis Santalla","@id":"https:\/\/arquitecturadegalicia.eu\/blog\/#\/schema\/person\/e23cc95ba9b18a7fc37259e3f8d02f0e"},"headline":"Vicerrectorado do Campus de Esteiro","datePublished":"2013-06-18T18:00:52+00:00","dateModified":"2013-06-17T09:23:02+00:00","mainEntityOfPage":{"@id":"https:\/\/arquitecturadegalicia.eu\/blog\/vicerrectorado-do-campus-de-esteiro\/"},"wordCount":142,"commentCount":0,"publisher":{"@id":"https:\/\/arquitecturadegalicia.eu\/blog\/#organization"},"image":{"@id":"https:\/\/arquitecturadegalicia.eu\/blog\/vicerrectorado-do-campus-de-esteiro\/#primaryimage"},"thumbnailUrl":"https:\/\/arquitecturadegalicia.eu\/blog\/wp-content\/uploads\/2013\/06\/vicerrectorado-campus-esteiro.jpg","keywords":["2000","administrativo","E. Caridad Y\u00e1\u00f1ez","educaci\u00f3n","Fco X. Caridad Y\u00e1\u00f1ez"],"articleSection":["Ferrol"],"inLanguage":"es","potentialAction":[{"@type":"CommentAction","name":"Comment","target":["https:\/\/arquitecturadegalicia.eu\/blog\/vicerrectorado-do-campus-de-esteiro\/#respond"]}]},{"@type":"WebPage","@id":"https:\/\/arquitecturadegalicia.eu\/blog\/vicerrectorado-do-campus-de-esteiro\/","url":"https:\/\/arquitecturadegalicia.eu\/blog\/vicerrectorado-do-campus-de-esteiro\/","name":"Vicerrectorado do Campus de Esteiro | AG","isPartOf":{"@id":"https:\/\/arquitecturadegalicia.eu\/blog\/#website"},"primaryImageOfPage":{"@id":"https:\/\/arquitecturadegalicia.eu\/blog\/vicerrectorado-do-campus-de-esteiro\/#primaryimage"},"image":{"@id":"https:\/\/arquitecturadegalicia.eu\/blog\/vicerrectorado-do-campus-de-esteiro\/#primaryimage"},"thumbnailUrl":"https:\/\/arquitecturadegalicia.eu\/blog\/wp-content\/uploads\/2013\/06\/vicerrectorado-campus-esteiro.jpg","datePublished":"2013-06-18T18:00:52+00:00","dateModified":"2013-06-17T09:23:02+00:00","breadcrumb":{"@id":"https:\/\/arquitecturadegalicia.eu\/blog\/vicerrectorado-do-campus-de-esteiro\/#breadcrumb"},"inLanguage":"es","potentialAction":[{"@type":"ReadAction","target":["https:\/\/arquitecturadegalicia.eu\/blog\/vicerrectorado-do-campus-de-esteiro\/"]}]},{"@type":"ImageObject","inLanguage":"es","@id":"https:\/\/arquitecturadegalicia.eu\/blog\/vicerrectorado-do-campus-de-esteiro\/#primaryimage","url":"https:\/\/arquitecturadegalicia.eu\/blog\/wp-content\/uploads\/2013\/06\/vicerrectorado-campus-esteiro.jpg","contentUrl":"https:\/\/arquitecturadegalicia.eu\/blog\/wp-content\/uploads\/2013\/06\/vicerrectorado-campus-esteiro.jpg","width":620,"height":318},{"@type":"BreadcrumbList","@id":"https:\/\/arquitecturadegalicia.eu\/blog\/vicerrectorado-do-campus-de-esteiro\/#breadcrumb","itemListElement":[{"@type":"ListItem","position":1,"name":"Portada","item":"https:\/\/arquitecturadegalicia.eu\/blog\/"},{"@type":"ListItem","position":2,"name":"Vicerrectorado do Campus de Esteiro"}]},{"@type":"WebSite","@id":"https:\/\/arquitecturadegalicia.eu\/blog\/#website","url":"https:\/\/arquitecturadegalicia.eu\/blog\/","name":"AG","description":"Arquitectura de Galicia","publisher":{"@id":"https:\/\/arquitecturadegalicia.eu\/blog\/#organization"},"potentialAction":[{"@type":"SearchAction","target":{"@type":"EntryPoint","urlTemplate":"https:\/\/arquitecturadegalicia.eu\/blog\/?s={search_term_string}"},"query-input":{"@type":"PropertyValueSpecification","valueRequired":true,"valueName":"search_term_string"}}],"inLanguage":"es"},{"@type":"Organization","@id":"https:\/\/arquitecturadegalicia.eu\/blog\/#organization","name":"Arquitectura de Galicia","url":"https:\/\/arquitecturadegalicia.eu\/blog\/","logo":{"@type":"ImageObject","inLanguage":"es","@id":"https:\/\/arquitecturadegalicia.eu\/blog\/#\/schema\/logo\/image\/","url":"https:\/\/arquitecturadegalicia.eu\/blog\/wp-content\/uploads\/2017\/01\/arquitecturacurrents2.png","contentUrl":"https:\/\/arquitecturadegalicia.eu\/blog\/wp-content\/uploads\/2017\/01\/arquitecturacurrents2.png","width":840,"height":640,"caption":"Arquitectura de Galicia"},"image":{"@id":"https:\/\/arquitecturadegalicia.eu\/blog\/#\/schema\/logo\/image\/"},"sameAs":["https:\/\/www.facebook.com\/ArquitecturadeGalicia\/","https:\/\/x.com\/arquigaliciaeu","https:\/\/www.instagram.com\/arquigaliciaeu\/"]},{"@type":"Person","@id":"https:\/\/arquitecturadegalicia.eu\/blog\/#\/schema\/person\/e23cc95ba9b18a7fc37259e3f8d02f0e","name":"Luis Santalla","image":{"@type":"ImageObject","inLanguage":"es","@id":"https:\/\/arquitecturadegalicia.eu\/blog\/#\/schema\/person\/image\/","url":"https:\/\/secure.gravatar.com\/avatar\/5b1ff9326d90bb609bad178f3a7079fe?s=96&d=mm&r=g","contentUrl":"https:\/\/secure.gravatar.com\/avatar\/5b1ff9326d90bb609bad178f3a7079fe?s=96&d=mm&r=g","caption":"Luis Santalla"},"description":"Cedeira | Encargado de coordinaci\u00f3n e mantemento web | Arquitecto . Universidade do Minho 2012. Socio do estudio FLU-OR e antigo colaborador do Estudio MMASA. Publica habitualmente en teoriadeconstruccion.net, en arquitecturadegalicia.eu y eventualmente en inteligenciascolectivas.org","sameAs":["https:\/\/9diseno.wordpress.com\/curriculum-vitae\/"],"url":"https:\/\/arquitecturadegalicia.eu\/blog\/author\/luissantalla\/"}]}},"jetpack_featured_media_url":"https:\/\/arquitecturadegalicia.eu\/blog\/wp-content\/uploads\/2013\/06\/vicerrectorado-campus-esteiro.jpg","jetpack_shortlink":"https:\/\/wp.me\/p2NHs2-1QB","jetpack_sharing_enabled":true,"_links":{"self":[{"href":"https:\/\/arquitecturadegalicia.eu\/blog\/wp-json\/wp\/v2\/posts\/7105","targetHints":{"allow":["GET"]}}],"collection":[{"href":"https:\/\/arquitecturadegalicia.eu\/blog\/wp-json\/wp\/v2\/posts"}],"about":[{"href":"https:\/\/arquitecturadegalicia.eu\/blog\/wp-json\/wp\/v2\/types\/post"}],"author":[{"embeddable":true,"href":"https:\/\/arquitecturadegalicia.eu\/blog\/wp-json\/wp\/v2\/users\/3"}],"replies":[{"embeddable":true,"href":"https:\/\/arquitecturadegalicia.eu\/blog\/wp-json\/wp\/v2\/comments?post=7105"}],"version-history":[{"count":10,"href":"https:\/\/arquitecturadegalicia.eu\/blog\/wp-json\/wp\/v2\/posts\/7105\/revisions"}],"predecessor-version":[{"id":7114,"href":"https:\/\/arquitecturadegalicia.eu\/blog\/wp-json\/wp\/v2\/posts\/7105\/revisions\/7114"}],"wp:featuredmedia":[{"embeddable":true,"href":"https:\/\/arquitecturadegalicia.eu\/blog\/wp-json\/wp\/v2\/media\/7112"}],"wp:attachment":[{"href":"https:\/\/arquitecturadegalicia.eu\/blog\/wp-json\/wp\/v2\/media?parent=7105"}],"wp:term":[{"taxonomy":"category","embeddable":true,"href":"https:\/\/arquitecturadegalicia.eu\/blog\/wp-json\/wp\/v2\/categories?post=7105"},{"taxonomy":"post_tag","embeddable":true,"href":"https:\/\/arquitecturadegalicia.eu\/blog\/wp-json\/wp\/v2\/tags?post=7105"},{"taxonomy":"ano","embeddable":true,"href":"https:\/\/arquitecturadegalicia.eu\/blog\/wp-json\/wp\/v2\/ano?post=7105"},{"taxonomy":"arquitectos","embeddable":true,"href":"https:\/\/arquitecturadegalicia.eu\/blog\/wp-json\/wp\/v2\/arquitectos?post=7105"},{"taxonomy":"tipoloxia","embeddable":true,"href":"https:\/\/arquitecturadegalicia.eu\/blog\/wp-json\/wp\/v2\/tipoloxia?post=7105"}],"curies":[{"name":"wp","href":"https:\/\/api.w.org\/{rel}","templated":true}]}}