{"id":7123,"date":"2013-06-24T20:00:04","date_gmt":"2013-06-24T18:00:04","guid":{"rendered":"http:\/\/arquitecturadegalicia.eu\/blog\/?p=7123"},"modified":"2013-07-20T13:56:46","modified_gmt":"2013-07-20T11:56:46","slug":"intervencion-en-el-puente-medieval","status":"publish","type":"post","link":"https:\/\/arquitecturadegalicia.eu\/blog\/intervencion-en-el-puente-medieval\/","title":{"rendered":"Intervenci\u00f3n en el puente medieval"},"content":{"rendered":"<p><img fetchpriority=\"high\" decoding=\"async\" class=\"aligncenter size-full wp-image-7124\" alt=\"Intervencion en puente medieval | Ponteledesma | abalo alonso | xurxo lobato\" src=\"http:\/\/arquitecturadegalicia.eu\/blog\/wp-content\/uploads\/2013\/06\/ponteledesma-6-460x338.jpg\" width=\"620\" height=\"456\" srcset=\"https:\/\/arquitecturadegalicia.eu\/blog\/wp-content\/uploads\/2013\/06\/ponteledesma-6-460x338.jpg 620w, https:\/\/arquitecturadegalicia.eu\/blog\/wp-content\/uploads\/2013\/06\/ponteledesma-6-460x338-300x220.jpg 300w\" sizes=\"(max-width: 620px) 100vw, 620px\" \/><\/p>\n<p style=\"text-align: right;\"><a style=\"font-size: 0.75em; text-align: right;\" href=\"http:\/\/www.xurxolobato.es\/\" target=\"_blank\"><span style=\"color: #c0c0c0;\">Xurxo Lobato<\/span><\/a><\/p>\n<table class=\"aligncenter\" width=\"620\" border=\"0\" cellspacing=\"0\" cellpadding=\"0\">\n<tbody>\n<tr>\n<td width=\"180\"><strong>Obra:<\/strong><\/td>\n<td>\u00a0Intervenci\u00f3n en el puente medieval<\/td>\n<\/tr>\n<tr>\n<td><strong>Arquitecto:<\/strong><\/td>\n<td>\u00a0Abalo Alonso Arquitectos<\/td>\n<\/tr>\n<tr>\n<td><strong>Provincia:<\/strong><\/td>\n<td>\u00a0A Coru\u00f1a<\/td>\n<\/tr>\n<tr>\n<td><strong>Localidade:<\/strong><\/td>\n<td>\u00a0Ponteledesma<\/td>\n<\/tr>\n<tr>\n<td><strong>Ano:<\/strong><\/td>\n<td>\u00a02005<\/td>\n<\/tr>\n<tr>\n<td><strong>Xeolocalizaci\u00f3n:<\/strong><\/td>\n<td>\u00a0<strong><a href=\"https:\/\/maps.google.com\/maps\/ms?ie=UTF8&amp;t=h&amp;vpsrc=6&amp;hl=es&amp;oe=UTF8&amp;dg=feature&amp;msa=0&amp;msid=205584753861089304839.0004b3590a9baff01c53d&amp;num=200&amp;start=400&amp;ll=42.794787,-8.334568&amp;spn=0.011006,0.022724&amp;z=16&amp;iwloc=0004df382079ed1d2d8ad\" target=\"_blank\">42.794,-8.334<\/a><\/strong><\/td>\n<\/tr>\n<\/tbody>\n<\/table>\n<table class=\" aligncenter\" width=\"620\" border=\"0\" cellspacing=\"0\" cellpadding=\"0\">\n<tbody>\n<tr>\n<td colspan=\"3\"><strong>Outros Datos:<\/strong><\/td>\n<\/tr>\n<tr>\n<td width=\"20\"><\/td>\n<td colspan=\"2\"><strong>Premios:<\/strong><\/td>\n<\/tr>\n<tr>\n<td width=\"20\"><\/td>\n<td width=\"20\"><\/td>\n<td width=\"580\">Premio de Arquitectura Piedra | <em>Menci\u00f3n de Honor<\/em> | <em>Madrid 2006<\/em><br \/>\n<strong><a href=\"http:\/\/arquitecturadegalicia.eu\/blog\/?page_id=5063\" target=\"_blank\">XII Premios COAG<\/a><\/strong> | <em>Acc\u00e9sit<\/em> | <em>2006<\/em><br \/>\nV Bienas Iberoamericana de Arquitectura y Urbanismo | <em>Preseleccinada Espa\u00f1a<\/em> | <em>Montevideo 2006<\/em><br \/>\nPremio Rodr\u00edguez Pe\u00f1a | <em>Menci\u00f3n<\/em> | <em>Fundaci\u00f3n Galiza Sempre<\/em> | <em>Santiago de Compostela 2007<\/em><br \/>\nPremios Arqno | <em>Finalista<\/em> | <em>Colegio de Arquitectos del Noroeste<\/em> | <em>Valladolid 2007<\/em><br \/>\n6\u00ba Premio del Paisaje Rosa Barba | <em>Preseleccionada<\/em> | <em>Barcelona 2010\u00a0<\/em><\/td>\n<\/tr>\n<tr>\n<td width=\"20\"><\/td>\n<td colspan=\"2\"><strong>Publicaci\u00f3ns:<\/strong><\/td>\n<\/tr>\n<tr>\n<td width=\"20\"><\/td>\n<td width=\"20\"><\/td>\n<td>Cat\u00e1logo I Premios Arqano | <em>Valladolid 2008<\/em><br \/>\nCat\u00e1logo de aplicaciones singulares realizadas en granito<br \/>\nArte y cemento | <em>N\u00famero 22-2007<\/em> | <em>Bilbao<\/em><br \/>\nCat\u00e1logo XII Premio Coag | <em>Santiago de Compostela 2007<\/em><br \/>\nRoc M\u00e1quina | <em>Mayo-Junio 2007<\/em> | <em>Madrid<\/em><br \/>\nPremios Rodr\u00edguez Pe\u00f1a |<em> Santiago 2007<\/em><br \/>\nPremios Arquitectura Piedra | <em>2006<\/em> |<em> Madrid 2008<\/em><\/td>\n<\/tr>\n<tr>\n<td width=\"20\"><\/td>\n<td colspan=\"2\"><strong>Informaci\u00f3n na rede:<\/strong><\/td>\n<\/tr>\n<tr>\n<td width=\"20\"><\/td>\n<td width=\"20\"><\/td>\n<td><a href=\"http:\/\/www.abaloalonso.es\/trabajo\/intervencion-en-el-puente-medieval\/\" target=\"_blank\"><b>abaloalonso.es<\/b><\/a><\/td>\n<\/tr>\n<tr>\n<td width=\"20\"><\/td>\n<td colspan=\"2\"><strong>Descripci\u00f3n do proxecto:<\/strong><\/td>\n<\/tr>\n<tr>\n<td width=\"20\"><\/td>\n<td width=\"20\"><\/td>\n<td>\u00ab<em>Se plantea el proyecto con el fin de reparar y poner en valor el puente medieval que, en el Camino de Santiago, une los municipios de Boqueix\u00f3n y Vila de Cruces sobre el r\u00edo Ulla entre las provincias de A Coru\u00f1a y Pontevedra respectivamente. Ha sido relevado recientemente de su funci\u00f3n principal de comunicaci\u00f3n rodada entre ambas orillas por el nuevo puente aguas abajo. Queda por tanto \u00fanicamente como conexi\u00f3n entre los n\u00facleos antes citados y esparcimiento de los habitantes de la zona.<\/em><br \/>\n<em>La actuaci\u00f3n principal es probable que ya est\u00e9 realizada; con la eliminaci\u00f3n del tr\u00e1fico rodado, sobre todo el pesado, se evitar\u00e1n buena parte de las patolog\u00edas estructurales.<\/em><br \/>\n<em>La segunda actuaci\u00f3n, y donde realmente comienza este proyecto, es el encauzamiento del agua en el puente. Recuperar tanto la funci\u00f3n de las g\u00e1rgolas como las pendientes y canales es fundamental para evitar filtraciones de agua en zonas inadecuadas. Se aprovecha esta segunda actuaci\u00f3n para reponer el deteriorado pavimento y, ya que levantamos, soterrar las instalaciones. Se completa el drenaje con la eliminaci\u00f3n de la vegetaci\u00f3n y sellado de juntas.<\/em><br \/>\n<em>No se entiende el puente acotado, con principio o final, sino como un mero accidente en el camino. Es por ello que los elementos auxiliares, pavimentos, iluminaci\u00f3n, tampoco tienen un principio claro. Casi sin darnos cuenta pasamos de un pavimento a otro, de repente tenemos otro tipo de luz\u2026<\/em><br \/>\n<em>El pavimento elegido, de granito. Dos bordillos longitudinales definen los canales en el encuentro con los pretiles. Piezas sueltas completan la definici\u00f3n de dichos canales en su encuentro con la f\u00e1brica existente. Morteros de cal en el sellado de juntas. Se reponen as\u00ed mismo las g\u00e1rgolas desaparecidas limpi\u00e1ndose las existentes.<\/em><br \/>\n<em>Sostienen los bordillos peque\u00f1os puntos de luz, leds, que gu\u00edan el camino de una forma sencilla, rehuyendo de una presencia excesiva como la que podr\u00edan producir farolas o similar. Su ubicaci\u00f3n mantiene la misma estrategia; cercanos en el centro, su separaci\u00f3n aumenta al acercarse a las orillas.<\/em><br \/>\n<em>Se ha frenado el deterioro del conjunto gracias a la limpieza de vegetaci\u00f3n, reposici\u00f3n del sistema de evacuaci\u00f3n de agua y sellado de las juntas m\u00e1s expuestas para un mejor mantenimiento.<\/em><br \/>\n<em>Se ha mejorado sensiblemente el aspecto general y el uso del puente con la sustituci\u00f3n del pavimento y todo ello con la utilizaci\u00f3n de t\u00e9cnicas y materiales tradicionales o respetuosas con el patrimonio como los morteros de cal y la piedra gran\u00edtica de la zona.<\/em><br \/>\n<em>Se han eliminado tendidos el\u00e9ctricos a\u00e9reos y una iluminaci\u00f3n demasiado agresiva siendo sustituidas por canalizaciones enterradas y suaves puntos de luz de cortes\u00eda<\/em>.\u00bb Abalo Alonso Arquitectos<\/td>\n<\/tr>\n<tr>\n<td width=\"20\"><\/td>\n<td colspan=\"2\"><b>Reportaxe fotogr\u00e1fica: <\/b><\/td>\n<\/tr>\n<tr>\n<td width=\"20\"><\/td>\n<td colspan=\"2\"><\/td>\n<\/tr>\n<tr>\n<td width=\"20\"><\/td>\n<td colspan=\"2\"><strong>Planos:<\/strong><\/td>\n<\/tr>\n<tr>\n<td width=\"20\"><\/td>\n<td colspan=\"2\"><\/td>\n<\/tr>\n<\/tbody>\n<\/table>\n","protected":false},"excerpt":{"rendered":"<p>Se plantea el proyecto con el fin de reparar y poner en valor el puente medieval que, en el Camino de Santiago, une los municipios de Boqueix\u00f3n y Vila de Cruces sobre el r\u00edo Ulla entre las provincias de A Coru\u00f1a y Pontevedra respectivamente. Ha sido relevado recientemente de su funci\u00f3n principal de comunicaci\u00f3n rodada entre ambas orillas por el nuevo puente aguas abajo. <\/p>\n","protected":false},"author":7,"featured_media":7124,"comment_status":"open","ping_status":"open","sticky":false,"template":"","format":"standard","meta":{"jetpack_post_was_ever_published":false,"_jetpack_newsletter_access":"","_jetpack_dont_email_post_to_subs":false,"_jetpack_newsletter_tier_id":0,"_jetpack_memberships_contains_paywalled_content":false,"_jetpack_memberships_contains_paid_content":false,"footnotes":"","jetpack_publicize_message":"","jetpack_publicize_feature_enabled":true,"jetpack_social_post_already_shared":true,"jetpack_social_options":{"image_generator_settings":{"template":"highway","enabled":false},"version":2}},"categories":[559],"tags":[326,58,100],"ano":[],"arquitectos":[],"tipoloxia":[],"class_list":["post-7123","post","type-post","status-publish","format-standard","has-post-thumbnail","hentry","category-ponteledesma","tag-326","tag-abaloalonso","tag-remodelacion-urbana","content-print"],"jetpack_publicize_connections":[],"yoast_head":"<!-- This site is optimized with the Yoast SEO plugin v24.1 - https:\/\/yoast.com\/wordpress\/plugins\/seo\/ -->\n<title>Intervenci\u00f3n en el puente medieval | AG<\/title>\n<meta name=\"robots\" content=\"index, follow, max-snippet:-1, max-image-preview:large, max-video-preview:-1\" \/>\n<link rel=\"canonical\" href=\"https:\/\/arquitecturadegalicia.eu\/blog\/intervencion-en-el-puente-medieval\/\" \/>\n<meta property=\"og:locale\" content=\"es_ES\" \/>\n<meta property=\"og:type\" content=\"article\" \/>\n<meta property=\"og:title\" content=\"Intervenci\u00f3n en el puente medieval | AG\" \/>\n<meta property=\"og:description\" content=\"Se plantea el proyecto con el fin de reparar y poner en valor el puente medieval que, en el Camino de Santiago, une los municipios de Boqueix\u00f3n y Vila de Cruces sobre el r\u00edo Ulla entre las provincias de A Coru\u00f1a y Pontevedra respectivamente. Ha sido relevado recientemente de su funci\u00f3n principal de comunicaci\u00f3n rodada entre ambas orillas por el nuevo puente aguas abajo.\" \/>\n<meta property=\"og:url\" content=\"https:\/\/arquitecturadegalicia.eu\/blog\/intervencion-en-el-puente-medieval\/\" \/>\n<meta property=\"og:site_name\" content=\"AG\" \/>\n<meta property=\"article:publisher\" content=\"https:\/\/www.facebook.com\/ArquitecturadeGalicia\/\" \/>\n<meta property=\"article:published_time\" content=\"2013-06-24T18:00:04+00:00\" \/>\n<meta property=\"article:modified_time\" content=\"2013-07-20T11:56:46+00:00\" \/>\n<meta property=\"og:image\" content=\"https:\/\/arquitecturadegalicia.eu\/blog\/wp-content\/uploads\/2013\/06\/ponteledesma-6-460x338.jpg\" \/>\n\t<meta property=\"og:image:width\" content=\"620\" \/>\n\t<meta property=\"og:image:height\" content=\"456\" \/>\n\t<meta property=\"og:image:type\" content=\"image\/jpeg\" \/>\n<meta name=\"author\" content=\"Dario Vallina\" \/>\n<meta name=\"twitter:card\" content=\"summary_large_image\" \/>\n<meta name=\"twitter:creator\" content=\"@arquigaliciaeu\" \/>\n<meta name=\"twitter:site\" content=\"@arquigaliciaeu\" \/>\n<meta name=\"twitter:label1\" content=\"Escrito por\" \/>\n\t<meta name=\"twitter:data1\" content=\"Dario Vallina\" \/>\n\t<meta name=\"twitter:label2\" content=\"Tiempo de lectura\" \/>\n\t<meta name=\"twitter:data2\" content=\"3 minutos\" \/>\n<script type=\"application\/ld+json\" class=\"yoast-schema-graph\">{\"@context\":\"https:\/\/schema.org\",\"@graph\":[{\"@type\":\"Article\",\"@id\":\"https:\/\/arquitecturadegalicia.eu\/blog\/intervencion-en-el-puente-medieval\/#article\",\"isPartOf\":{\"@id\":\"https:\/\/arquitecturadegalicia.eu\/blog\/intervencion-en-el-puente-medieval\/\"},\"author\":{\"name\":\"Dario Vallina\",\"@id\":\"https:\/\/arquitecturadegalicia.eu\/blog\/#\/schema\/person\/abcb74b3399abffb9dabced36488ac35\"},\"headline\":\"Intervenci\u00f3n en el puente medieval\",\"datePublished\":\"2013-06-24T18:00:04+00:00\",\"dateModified\":\"2013-07-20T11:56:46+00:00\",\"mainEntityOfPage\":{\"@id\":\"https:\/\/arquitecturadegalicia.eu\/blog\/intervencion-en-el-puente-medieval\/\"},\"wordCount\":615,\"commentCount\":0,\"publisher\":{\"@id\":\"https:\/\/arquitecturadegalicia.eu\/blog\/#organization\"},\"image\":{\"@id\":\"https:\/\/arquitecturadegalicia.eu\/blog\/intervencion-en-el-puente-medieval\/#primaryimage\"},\"thumbnailUrl\":\"https:\/\/arquitecturadegalicia.eu\/blog\/wp-content\/uploads\/2013\/06\/ponteledesma-6-460x338.jpg\",\"keywords\":[\"2005\",\"Abalo+Alonso\",\"remodelaci\u00f3n urbana\"],\"articleSection\":[\"Ponteledesma\"],\"inLanguage\":\"es\",\"potentialAction\":[{\"@type\":\"CommentAction\",\"name\":\"Comment\",\"target\":[\"https:\/\/arquitecturadegalicia.eu\/blog\/intervencion-en-el-puente-medieval\/#respond\"]}]},{\"@type\":\"WebPage\",\"@id\":\"https:\/\/arquitecturadegalicia.eu\/blog\/intervencion-en-el-puente-medieval\/\",\"url\":\"https:\/\/arquitecturadegalicia.eu\/blog\/intervencion-en-el-puente-medieval\/\",\"name\":\"Intervenci\u00f3n en el puente medieval | AG\",\"isPartOf\":{\"@id\":\"https:\/\/arquitecturadegalicia.eu\/blog\/#website\"},\"primaryImageOfPage\":{\"@id\":\"https:\/\/arquitecturadegalicia.eu\/blog\/intervencion-en-el-puente-medieval\/#primaryimage\"},\"image\":{\"@id\":\"https:\/\/arquitecturadegalicia.eu\/blog\/intervencion-en-el-puente-medieval\/#primaryimage\"},\"thumbnailUrl\":\"https:\/\/arquitecturadegalicia.eu\/blog\/wp-content\/uploads\/2013\/06\/ponteledesma-6-460x338.jpg\",\"datePublished\":\"2013-06-24T18:00:04+00:00\",\"dateModified\":\"2013-07-20T11:56:46+00:00\",\"breadcrumb\":{\"@id\":\"https:\/\/arquitecturadegalicia.eu\/blog\/intervencion-en-el-puente-medieval\/#breadcrumb\"},\"inLanguage\":\"es\",\"potentialAction\":[{\"@type\":\"ReadAction\",\"target\":[\"https:\/\/arquitecturadegalicia.eu\/blog\/intervencion-en-el-puente-medieval\/\"]}]},{\"@type\":\"ImageObject\",\"inLanguage\":\"es\",\"@id\":\"https:\/\/arquitecturadegalicia.eu\/blog\/intervencion-en-el-puente-medieval\/#primaryimage\",\"url\":\"https:\/\/arquitecturadegalicia.eu\/blog\/wp-content\/uploads\/2013\/06\/ponteledesma-6-460x338.jpg\",\"contentUrl\":\"https:\/\/arquitecturadegalicia.eu\/blog\/wp-content\/uploads\/2013\/06\/ponteledesma-6-460x338.jpg\",\"width\":620,\"height\":456,\"caption\":\"Intervencion en puente medieval | Ponteledesma | abalo alonso | xurxo lobato\"},{\"@type\":\"BreadcrumbList\",\"@id\":\"https:\/\/arquitecturadegalicia.eu\/blog\/intervencion-en-el-puente-medieval\/#breadcrumb\",\"itemListElement\":[{\"@type\":\"ListItem\",\"position\":1,\"name\":\"Portada\",\"item\":\"https:\/\/arquitecturadegalicia.eu\/blog\/\"},{\"@type\":\"ListItem\",\"position\":2,\"name\":\"Intervenci\u00f3n en el puente medieval\"}]},{\"@type\":\"WebSite\",\"@id\":\"https:\/\/arquitecturadegalicia.eu\/blog\/#website\",\"url\":\"https:\/\/arquitecturadegalicia.eu\/blog\/\",\"name\":\"AG\",\"description\":\"Arquitectura de Galicia\",\"publisher\":{\"@id\":\"https:\/\/arquitecturadegalicia.eu\/blog\/#organization\"},\"potentialAction\":[{\"@type\":\"SearchAction\",\"target\":{\"@type\":\"EntryPoint\",\"urlTemplate\":\"https:\/\/arquitecturadegalicia.eu\/blog\/?s={search_term_string}\"},\"query-input\":{\"@type\":\"PropertyValueSpecification\",\"valueRequired\":true,\"valueName\":\"search_term_string\"}}],\"inLanguage\":\"es\"},{\"@type\":\"Organization\",\"@id\":\"https:\/\/arquitecturadegalicia.eu\/blog\/#organization\",\"name\":\"Arquitectura de Galicia\",\"url\":\"https:\/\/arquitecturadegalicia.eu\/blog\/\",\"logo\":{\"@type\":\"ImageObject\",\"inLanguage\":\"es\",\"@id\":\"https:\/\/arquitecturadegalicia.eu\/blog\/#\/schema\/logo\/image\/\",\"url\":\"https:\/\/arquitecturadegalicia.eu\/blog\/wp-content\/uploads\/2017\/01\/arquitecturacurrents2.png\",\"contentUrl\":\"https:\/\/arquitecturadegalicia.eu\/blog\/wp-content\/uploads\/2017\/01\/arquitecturacurrents2.png\",\"width\":840,\"height\":640,\"caption\":\"Arquitectura de Galicia\"},\"image\":{\"@id\":\"https:\/\/arquitecturadegalicia.eu\/blog\/#\/schema\/logo\/image\/\"},\"sameAs\":[\"https:\/\/www.facebook.com\/ArquitecturadeGalicia\/\",\"https:\/\/x.com\/arquigaliciaeu\",\"https:\/\/www.instagram.com\/arquigaliciaeu\/\"]},{\"@type\":\"Person\",\"@id\":\"https:\/\/arquitecturadegalicia.eu\/blog\/#\/schema\/person\/abcb74b3399abffb9dabced36488ac35\",\"name\":\"Dario Vallina\",\"image\":{\"@type\":\"ImageObject\",\"inLanguage\":\"es\",\"@id\":\"https:\/\/arquitecturadegalicia.eu\/blog\/#\/schema\/person\/image\/\",\"url\":\"https:\/\/secure.gravatar.com\/avatar\/a79e713b96510b29d405cacc448bf2e0?s=96&d=mm&r=g\",\"contentUrl\":\"https:\/\/secure.gravatar.com\/avatar\/a79e713b96510b29d405cacc448bf2e0?s=96&d=mm&r=g\",\"caption\":\"Dario Vallina\"},\"description\":\"Xix\u00f3n | Coordinaci\u00f3n e edici\u00f3n de artigos | La simplicidad es la mayor sofisticaci\u00f3n. Un caballo pintado a rayas no es una cebra. La imaginaci\u00f3n es m\u00e1s importante que la sabidur\u00eda. Si no puedo dibujarlo, es que no lo entiendo.\",\"url\":\"https:\/\/arquitecturadegalicia.eu\/blog\/author\/dariovallina\/\"}]}<\/script>\n<!-- \/ Yoast SEO plugin. -->","yoast_head_json":{"title":"Intervenci\u00f3n en el puente medieval | AG","robots":{"index":"index","follow":"follow","max-snippet":"max-snippet:-1","max-image-preview":"max-image-preview:large","max-video-preview":"max-video-preview:-1"},"canonical":"https:\/\/arquitecturadegalicia.eu\/blog\/intervencion-en-el-puente-medieval\/","og_locale":"es_ES","og_type":"article","og_title":"Intervenci\u00f3n en el puente medieval | AG","og_description":"Se plantea el proyecto con el fin de reparar y poner en valor el puente medieval que, en el Camino de Santiago, une los municipios de Boqueix\u00f3n y Vila de Cruces sobre el r\u00edo Ulla entre las provincias de A Coru\u00f1a y Pontevedra respectivamente. Ha sido relevado recientemente de su funci\u00f3n principal de comunicaci\u00f3n rodada entre ambas orillas por el nuevo puente aguas abajo.","og_url":"https:\/\/arquitecturadegalicia.eu\/blog\/intervencion-en-el-puente-medieval\/","og_site_name":"AG","article_publisher":"https:\/\/www.facebook.com\/ArquitecturadeGalicia\/","article_published_time":"2013-06-24T18:00:04+00:00","article_modified_time":"2013-07-20T11:56:46+00:00","og_image":[{"width":620,"height":456,"url":"https:\/\/arquitecturadegalicia.eu\/blog\/wp-content\/uploads\/2013\/06\/ponteledesma-6-460x338.jpg","type":"image\/jpeg"}],"author":"Dario Vallina","twitter_card":"summary_large_image","twitter_creator":"@arquigaliciaeu","twitter_site":"@arquigaliciaeu","twitter_misc":{"Escrito por":"Dario Vallina","Tiempo de lectura":"3 minutos"},"schema":{"@context":"https:\/\/schema.org","@graph":[{"@type":"Article","@id":"https:\/\/arquitecturadegalicia.eu\/blog\/intervencion-en-el-puente-medieval\/#article","isPartOf":{"@id":"https:\/\/arquitecturadegalicia.eu\/blog\/intervencion-en-el-puente-medieval\/"},"author":{"name":"Dario Vallina","@id":"https:\/\/arquitecturadegalicia.eu\/blog\/#\/schema\/person\/abcb74b3399abffb9dabced36488ac35"},"headline":"Intervenci\u00f3n en el puente medieval","datePublished":"2013-06-24T18:00:04+00:00","dateModified":"2013-07-20T11:56:46+00:00","mainEntityOfPage":{"@id":"https:\/\/arquitecturadegalicia.eu\/blog\/intervencion-en-el-puente-medieval\/"},"wordCount":615,"commentCount":0,"publisher":{"@id":"https:\/\/arquitecturadegalicia.eu\/blog\/#organization"},"image":{"@id":"https:\/\/arquitecturadegalicia.eu\/blog\/intervencion-en-el-puente-medieval\/#primaryimage"},"thumbnailUrl":"https:\/\/arquitecturadegalicia.eu\/blog\/wp-content\/uploads\/2013\/06\/ponteledesma-6-460x338.jpg","keywords":["2005","Abalo+Alonso","remodelaci\u00f3n urbana"],"articleSection":["Ponteledesma"],"inLanguage":"es","potentialAction":[{"@type":"CommentAction","name":"Comment","target":["https:\/\/arquitecturadegalicia.eu\/blog\/intervencion-en-el-puente-medieval\/#respond"]}]},{"@type":"WebPage","@id":"https:\/\/arquitecturadegalicia.eu\/blog\/intervencion-en-el-puente-medieval\/","url":"https:\/\/arquitecturadegalicia.eu\/blog\/intervencion-en-el-puente-medieval\/","name":"Intervenci\u00f3n en el puente medieval | AG","isPartOf":{"@id":"https:\/\/arquitecturadegalicia.eu\/blog\/#website"},"primaryImageOfPage":{"@id":"https:\/\/arquitecturadegalicia.eu\/blog\/intervencion-en-el-puente-medieval\/#primaryimage"},"image":{"@id":"https:\/\/arquitecturadegalicia.eu\/blog\/intervencion-en-el-puente-medieval\/#primaryimage"},"thumbnailUrl":"https:\/\/arquitecturadegalicia.eu\/blog\/wp-content\/uploads\/2013\/06\/ponteledesma-6-460x338.jpg","datePublished":"2013-06-24T18:00:04+00:00","dateModified":"2013-07-20T11:56:46+00:00","breadcrumb":{"@id":"https:\/\/arquitecturadegalicia.eu\/blog\/intervencion-en-el-puente-medieval\/#breadcrumb"},"inLanguage":"es","potentialAction":[{"@type":"ReadAction","target":["https:\/\/arquitecturadegalicia.eu\/blog\/intervencion-en-el-puente-medieval\/"]}]},{"@type":"ImageObject","inLanguage":"es","@id":"https:\/\/arquitecturadegalicia.eu\/blog\/intervencion-en-el-puente-medieval\/#primaryimage","url":"https:\/\/arquitecturadegalicia.eu\/blog\/wp-content\/uploads\/2013\/06\/ponteledesma-6-460x338.jpg","contentUrl":"https:\/\/arquitecturadegalicia.eu\/blog\/wp-content\/uploads\/2013\/06\/ponteledesma-6-460x338.jpg","width":620,"height":456,"caption":"Intervencion en puente medieval | Ponteledesma | abalo alonso | xurxo lobato"},{"@type":"BreadcrumbList","@id":"https:\/\/arquitecturadegalicia.eu\/blog\/intervencion-en-el-puente-medieval\/#breadcrumb","itemListElement":[{"@type":"ListItem","position":1,"name":"Portada","item":"https:\/\/arquitecturadegalicia.eu\/blog\/"},{"@type":"ListItem","position":2,"name":"Intervenci\u00f3n en el puente medieval"}]},{"@type":"WebSite","@id":"https:\/\/arquitecturadegalicia.eu\/blog\/#website","url":"https:\/\/arquitecturadegalicia.eu\/blog\/","name":"AG","description":"Arquitectura de Galicia","publisher":{"@id":"https:\/\/arquitecturadegalicia.eu\/blog\/#organization"},"potentialAction":[{"@type":"SearchAction","target":{"@type":"EntryPoint","urlTemplate":"https:\/\/arquitecturadegalicia.eu\/blog\/?s={search_term_string}"},"query-input":{"@type":"PropertyValueSpecification","valueRequired":true,"valueName":"search_term_string"}}],"inLanguage":"es"},{"@type":"Organization","@id":"https:\/\/arquitecturadegalicia.eu\/blog\/#organization","name":"Arquitectura de Galicia","url":"https:\/\/arquitecturadegalicia.eu\/blog\/","logo":{"@type":"ImageObject","inLanguage":"es","@id":"https:\/\/arquitecturadegalicia.eu\/blog\/#\/schema\/logo\/image\/","url":"https:\/\/arquitecturadegalicia.eu\/blog\/wp-content\/uploads\/2017\/01\/arquitecturacurrents2.png","contentUrl":"https:\/\/arquitecturadegalicia.eu\/blog\/wp-content\/uploads\/2017\/01\/arquitecturacurrents2.png","width":840,"height":640,"caption":"Arquitectura de Galicia"},"image":{"@id":"https:\/\/arquitecturadegalicia.eu\/blog\/#\/schema\/logo\/image\/"},"sameAs":["https:\/\/www.facebook.com\/ArquitecturadeGalicia\/","https:\/\/x.com\/arquigaliciaeu","https:\/\/www.instagram.com\/arquigaliciaeu\/"]},{"@type":"Person","@id":"https:\/\/arquitecturadegalicia.eu\/blog\/#\/schema\/person\/abcb74b3399abffb9dabced36488ac35","name":"Dario Vallina","image":{"@type":"ImageObject","inLanguage":"es","@id":"https:\/\/arquitecturadegalicia.eu\/blog\/#\/schema\/person\/image\/","url":"https:\/\/secure.gravatar.com\/avatar\/a79e713b96510b29d405cacc448bf2e0?s=96&d=mm&r=g","contentUrl":"https:\/\/secure.gravatar.com\/avatar\/a79e713b96510b29d405cacc448bf2e0?s=96&d=mm&r=g","caption":"Dario Vallina"},"description":"Xix\u00f3n | Coordinaci\u00f3n e edici\u00f3n de artigos | La simplicidad es la mayor sofisticaci\u00f3n. Un caballo pintado a rayas no es una cebra. La imaginaci\u00f3n es m\u00e1s importante que la sabidur\u00eda. Si no puedo dibujarlo, es que no lo entiendo.","url":"https:\/\/arquitecturadegalicia.eu\/blog\/author\/dariovallina\/"}]}},"jetpack_featured_media_url":"https:\/\/arquitecturadegalicia.eu\/blog\/wp-content\/uploads\/2013\/06\/ponteledesma-6-460x338.jpg","jetpack_shortlink":"https:\/\/wp.me\/p2NHs2-1QT","jetpack_sharing_enabled":true,"_links":{"self":[{"href":"https:\/\/arquitecturadegalicia.eu\/blog\/wp-json\/wp\/v2\/posts\/7123","targetHints":{"allow":["GET"]}}],"collection":[{"href":"https:\/\/arquitecturadegalicia.eu\/blog\/wp-json\/wp\/v2\/posts"}],"about":[{"href":"https:\/\/arquitecturadegalicia.eu\/blog\/wp-json\/wp\/v2\/types\/post"}],"author":[{"embeddable":true,"href":"https:\/\/arquitecturadegalicia.eu\/blog\/wp-json\/wp\/v2\/users\/7"}],"replies":[{"embeddable":true,"href":"https:\/\/arquitecturadegalicia.eu\/blog\/wp-json\/wp\/v2\/comments?post=7123"}],"version-history":[{"count":7,"href":"https:\/\/arquitecturadegalicia.eu\/blog\/wp-json\/wp\/v2\/posts\/7123\/revisions"}],"predecessor-version":[{"id":7937,"href":"https:\/\/arquitecturadegalicia.eu\/blog\/wp-json\/wp\/v2\/posts\/7123\/revisions\/7937"}],"wp:featuredmedia":[{"embeddable":true,"href":"https:\/\/arquitecturadegalicia.eu\/blog\/wp-json\/wp\/v2\/media\/7124"}],"wp:attachment":[{"href":"https:\/\/arquitecturadegalicia.eu\/blog\/wp-json\/wp\/v2\/media?parent=7123"}],"wp:term":[{"taxonomy":"category","embeddable":true,"href":"https:\/\/arquitecturadegalicia.eu\/blog\/wp-json\/wp\/v2\/categories?post=7123"},{"taxonomy":"post_tag","embeddable":true,"href":"https:\/\/arquitecturadegalicia.eu\/blog\/wp-json\/wp\/v2\/tags?post=7123"},{"taxonomy":"ano","embeddable":true,"href":"https:\/\/arquitecturadegalicia.eu\/blog\/wp-json\/wp\/v2\/ano?post=7123"},{"taxonomy":"arquitectos","embeddable":true,"href":"https:\/\/arquitecturadegalicia.eu\/blog\/wp-json\/wp\/v2\/arquitectos?post=7123"},{"taxonomy":"tipoloxia","embeddable":true,"href":"https:\/\/arquitecturadegalicia.eu\/blog\/wp-json\/wp\/v2\/tipoloxia?post=7123"}],"curies":[{"name":"wp","href":"https:\/\/api.w.org\/{rel}","templated":true}]}}