{"id":7127,"date":"2013-07-02T20:00:00","date_gmt":"2013-07-02T18:00:00","guid":{"rendered":"http:\/\/arquitecturadegalicia.eu\/blog\/?p=7127"},"modified":"2013-06-22T18:08:53","modified_gmt":"2013-06-22T16:08:53","slug":"31-viviendas-y-centro-de-dia","status":"publish","type":"post","link":"https:\/\/arquitecturadegalicia.eu\/blog\/31-viviendas-y-centro-de-dia\/","title":{"rendered":"31 viviendas y centro de d\u00eda"},"content":{"rendered":"<p><img fetchpriority=\"high\" decoding=\"async\" class=\"aligncenter size-full wp-image-7128\" alt=\"31 VPO y centro de dia | Villargarcia | Abalo alonso | Santos Diez\" src=\"http:\/\/arquitecturadegalicia.eu\/blog\/wp-content\/uploads\/2013\/06\/santos.jpg\" width=\"620\" height=\"620\" srcset=\"https:\/\/arquitecturadegalicia.eu\/blog\/wp-content\/uploads\/2013\/06\/santos.jpg 620w, https:\/\/arquitecturadegalicia.eu\/blog\/wp-content\/uploads\/2013\/06\/santos-300x300.jpg 300w\" sizes=\"(max-width: 620px) 100vw, 620px\" \/><\/p>\n<p style=\"text-align: right;\"><a style=\"font-size: 0.75em; text-align: right;\" href=\"http:\/\/www.santos-diez.com\/\" target=\"_blank\"><span style=\"color: #c0c0c0;\">Santos-D\u00edez<\/span><\/a> | <a style=\"font-size: 0.75em; text-align: right;\" href=\"http:\/\/www.bisimages.com\/\" target=\"_blank\"><span style=\"color: #c0c0c0;\">BISimages<\/span><\/a><\/p>\n<table class=\"aligncenter\" width=\"620\" border=\"0\" cellspacing=\"0\" cellpadding=\"0\">\n<tbody>\n<tr>\n<td width=\"180\"><strong>Obra:<\/strong><\/td>\n<td>\u00a031 viviendas y centro de d\u00eda<\/td>\n<\/tr>\n<tr>\n<td><strong>Arquitecto:<\/strong><\/td>\n<td>\u00a0Abalo Alonso Arquitectos<\/td>\n<\/tr>\n<tr>\n<td><strong>Provincia:<\/strong><\/td>\n<td>\u00a0Pontevedra<\/td>\n<\/tr>\n<tr>\n<td><strong>Localidade:<\/strong><\/td>\n<td>\u00a0Villagarc\u00eda de Arousa<\/td>\n<\/tr>\n<tr>\n<td><strong>Ano:<\/strong><\/td>\n<td>\u00a02010<\/td>\n<\/tr>\n<tr>\n<td><strong>Xeolocalizaci\u00f3n:<\/strong><\/td>\n<td>\u00a0<strong><a href=\"https:\/\/maps.google.com\/maps\/ms?ie=UTF8&amp;t=h&amp;vpsrc=6&amp;hl=es&amp;oe=UTF8&amp;dg=feature&amp;msa=0&amp;msid=205584753861089304839.0004b3590a9baff01c53d&amp;num=200&amp;start=400&amp;ll=42.591921,-8.767476&amp;spn=0.022211,0.045447&amp;z=15&amp;iwloc=0004df59390085a376f83\" target=\"_blank\">42.591,-8.767<\/a><\/strong><\/td>\n<\/tr>\n<\/tbody>\n<\/table>\n<table class=\" aligncenter\" width=\"620\" border=\"0\" cellspacing=\"0\" cellpadding=\"0\">\n<tbody>\n<tr>\n<td colspan=\"3\"><strong>Outros Datos:<\/strong><\/td>\n<\/tr>\n<tr>\n<td width=\"20\"><\/td>\n<td colspan=\"2\"><strong>Premios:<\/strong><\/td>\n<\/tr>\n<tr>\n<td width=\"20\"><\/td>\n<td width=\"20\"><\/td>\n<td width=\"580\">\u00a0Concurso de proyecto y obra | <em>Primer Premio | 2007<\/em><\/td>\n<\/tr>\n<tr>\n<td width=\"20\"><\/td>\n<td colspan=\"2\"><strong>Publicaci\u00f3ns:<\/strong><\/td>\n<\/tr>\n<tr>\n<td width=\"20\"><\/td>\n<td width=\"20\"><\/td>\n<td><\/td>\n<\/tr>\n<tr>\n<td width=\"20\"><\/td>\n<td colspan=\"2\"><strong>Informaci\u00f3n na rede:<\/strong><\/td>\n<\/tr>\n<tr>\n<td width=\"20\"><\/td>\n<td width=\"20\"><\/td>\n<td><strong><a href=\"http:\/\/www.abaloalonso.es\/trabajo\/31-viviendas-y-centro-de-dia\/\" target=\"_blank\">abaloalonso.es<\/a><br \/>\n<a href=\"http:\/\/veredes.es\/blog\/31-viviendas-para-jovenes-y-mayores-y-centro-de-dia-abalo-alonso-arquitectos\/\" target=\"_blank\">veredes.es<br \/>\n<\/a><a href=\"http:\/\/www.coagpontevedra.es\/?p=4844\" target=\"_blank\">coagpontevedra.es<\/a><br \/>\n<\/strong><\/td>\n<\/tr>\n<tr>\n<td width=\"20\"><\/td>\n<td colspan=\"2\"><strong>Descripci\u00f3n do proxecto:<\/strong><\/td>\n<\/tr>\n<tr>\n<td width=\"20\"><\/td>\n<td width=\"20\"><\/td>\n<td>\u00ab<em><span style=\"line-height: 19px;\">El edificio ocupa el final de un largo bloque, con fachadas a este y oeste, previsto en el desarrollo urban\u00edstico del Bosque de los Desamparados. La fuerte pendiente de la futura calle, de m\u00e1s de una planta y media en nuestro solar, la obligatoriedad de soportal y la necesidad de ubicar un peque\u00f1o centro de d\u00eda en planta baja condicionan la propuesta. La compleja interpretaci\u00f3n de la normativa urban\u00edstica por parte de los servicios t\u00e9cnicos municipales hace el resto. El presupuesto, como suele ocurrir en estos casos, exiguo.<br \/>\n<\/span><span style=\"line-height: 19px;\">Los accesos tanto al centro de d\u00eda como a las viviendas se ubican aproximadamente en el medio de la fachada, de tal forma que legalmente conseguimos que toda la planta baja sea habitable salvo espacios auxiliares que tendr\u00edan la consideraci\u00f3n de s\u00f3tano. Resulta evidente se\u00f1alar que un centro de d\u00eda de estas dimensiones no funcionar\u00eda con desniveles o diferentes plantas. En la parte m\u00e1s baja se sit\u00faa el acceso al garaje para minimizar el recorrido de la rampa. Se desarrolla en dos s\u00f3tanos.<br \/>\n<\/span><span style=\"line-height: 19px;\">En las plantas superiores un pasillo central distribuye las viviendas a ambos lados. Las situadas en los extremos se componen de una sala comedor cocina separada del dormitorio por el vest\u00edbulo de acceso y el ba\u00f1o. En el resto se agrupan ba\u00f1o y cocina en el cuerpo central, con independencia de que esta \u00faltima se pudiese llegar a incorporar a la sala. A las viviendas situadas junto al n\u00facleo de comunicaciones se les a\u00f1ade un dormitorio en el espacio posterior a \u00e9ste.<br \/>\n<\/span>La normativa urban\u00edstica permite viviendas independientes en el volumen comprendido en la envolvente inclinada de cubierta. En este caso, el juego se produce al tener el edificio consideraci\u00f3n de baja m\u00e1s tres en una zona y baja m\u00e1s tres y bajocubierta en otra. La presencia del soportal y la coronaci\u00f3n se\u00f1alada provoca la aparici\u00f3n tanto en la primera planta como en la \u00faltima de una serie de espacios susceptibles de ser aprovechados, en un edificio como \u00e9ste, como zonas comunes de estancia, juegos, lavander\u00eda\u2026 En el exterior dicha presencia se significa tanto en el remate escalonado, acompa\u00f1ado del juego de chimeneas, como de la resoluci\u00f3n formal aplicada al soportal<\/em>.\u00bb Abalo Alonso Arquitectos<\/td>\n<\/tr>\n<tr>\n<td width=\"20\"><\/td>\n<td colspan=\"2\"><b>Reportaxe fotogr\u00e1fica: <\/b><\/td>\n<\/tr>\n<tr>\n<td width=\"20\"><\/td>\n<td colspan=\"2\"><\/td>\n<\/tr>\n<tr>\n<td width=\"20\"><\/td>\n<td colspan=\"2\"><strong>Planos:<\/strong><\/td>\n<\/tr>\n<tr>\n<td width=\"20\"><\/td>\n<td colspan=\"2\"><\/td>\n<\/tr>\n<\/tbody>\n<\/table>\n","protected":false},"excerpt":{"rendered":"<p>El edificio ocupa el final de un largo bloque, con fachadas a este y oeste, previsto en el desarrollo urban\u00edstico del Bosque de los Desamparados. La fuerte pendiente de la futura calle, de m\u00e1s de una planta y media en nuestro solar, la obligatoriedad de soportal y la necesidad de ubicar un peque\u00f1o centro de d\u00eda en planta baja condicionan la propuesta. La compleja interpretaci\u00f3n de la normativa urban\u00edstica por parte de los servicios t\u00e9cnicos municipales hace el resto<\/p>\n","protected":false},"author":7,"featured_media":7128,"comment_status":"open","ping_status":"open","sticky":false,"template":"","format":"standard","meta":{"jetpack_post_was_ever_published":false,"_jetpack_newsletter_access":"","_jetpack_dont_email_post_to_subs":false,"_jetpack_newsletter_tier_id":0,"_jetpack_memberships_contains_paywalled_content":false,"_jetpack_memberships_contains_paid_content":false,"footnotes":"","jetpack_publicize_message":"","jetpack_publicize_feature_enabled":true,"jetpack_social_post_already_shared":true,"jetpack_social_options":{"image_generator_settings":{"template":"highway","enabled":false},"version":2}},"categories":[26],"tags":[55,58,550,77,108],"ano":[],"arquitectos":[],"tipoloxia":[],"class_list":["post-7127","post","type-post","status-publish","format-standard","has-post-thumbnail","hentry","category-vilagarcia-de-arousa","tag-55","tag-abaloalonso","tag-centro-de-dia","tag-colectiva","tag-vivenda","content-print"],"jetpack_publicize_connections":[],"yoast_head":"<!-- This site is optimized with the Yoast SEO plugin v24.1 - https:\/\/yoast.com\/wordpress\/plugins\/seo\/ -->\n<title>31 viviendas y centro de d\u00eda | AG<\/title>\n<meta name=\"robots\" content=\"index, follow, max-snippet:-1, max-image-preview:large, max-video-preview:-1\" \/>\n<link rel=\"canonical\" href=\"https:\/\/arquitecturadegalicia.eu\/blog\/31-viviendas-y-centro-de-dia\/\" \/>\n<meta property=\"og:locale\" content=\"es_ES\" \/>\n<meta property=\"og:type\" content=\"article\" \/>\n<meta property=\"og:title\" content=\"31 viviendas y centro de d\u00eda | AG\" \/>\n<meta property=\"og:description\" content=\"El edificio ocupa el final de un largo bloque, con fachadas a este y oeste, previsto en el desarrollo urban\u00edstico del Bosque de los Desamparados. La fuerte pendiente de la futura calle, de m\u00e1s de una planta y media en nuestro solar, la obligatoriedad de soportal y la necesidad de ubicar un peque\u00f1o centro de d\u00eda en planta baja condicionan la propuesta. La compleja interpretaci\u00f3n de la normativa urban\u00edstica por parte de los servicios t\u00e9cnicos municipales hace el resto\" \/>\n<meta property=\"og:url\" content=\"https:\/\/arquitecturadegalicia.eu\/blog\/31-viviendas-y-centro-de-dia\/\" \/>\n<meta property=\"og:site_name\" content=\"AG\" \/>\n<meta property=\"article:publisher\" content=\"https:\/\/www.facebook.com\/ArquitecturadeGalicia\/\" \/>\n<meta property=\"article:published_time\" content=\"2013-07-02T18:00:00+00:00\" \/>\n<meta property=\"article:modified_time\" content=\"2013-06-22T16:08:53+00:00\" \/>\n<meta property=\"og:image\" content=\"https:\/\/arquitecturadegalicia.eu\/blog\/wp-content\/uploads\/2013\/06\/santos.jpg\" \/>\n\t<meta property=\"og:image:width\" content=\"620\" \/>\n\t<meta property=\"og:image:height\" content=\"620\" \/>\n\t<meta property=\"og:image:type\" content=\"image\/jpeg\" \/>\n<meta name=\"author\" content=\"Dario Vallina\" \/>\n<meta name=\"twitter:card\" content=\"summary_large_image\" \/>\n<meta name=\"twitter:creator\" content=\"@arquigaliciaeu\" \/>\n<meta name=\"twitter:site\" content=\"@arquigaliciaeu\" \/>\n<meta name=\"twitter:label1\" content=\"Escrito por\" \/>\n\t<meta name=\"twitter:data1\" content=\"Dario Vallina\" \/>\n\t<meta name=\"twitter:label2\" content=\"Tiempo de lectura\" \/>\n\t<meta name=\"twitter:data2\" content=\"2 minutos\" \/>\n<script type=\"application\/ld+json\" class=\"yoast-schema-graph\">{\"@context\":\"https:\/\/schema.org\",\"@graph\":[{\"@type\":\"Article\",\"@id\":\"https:\/\/arquitecturadegalicia.eu\/blog\/31-viviendas-y-centro-de-dia\/#article\",\"isPartOf\":{\"@id\":\"https:\/\/arquitecturadegalicia.eu\/blog\/31-viviendas-y-centro-de-dia\/\"},\"author\":{\"name\":\"Dario Vallina\",\"@id\":\"https:\/\/arquitecturadegalicia.eu\/blog\/#\/schema\/person\/abcb74b3399abffb9dabced36488ac35\"},\"headline\":\"31 viviendas y centro de d\u00eda\",\"datePublished\":\"2013-07-02T18:00:00+00:00\",\"dateModified\":\"2013-06-22T16:08:53+00:00\",\"mainEntityOfPage\":{\"@id\":\"https:\/\/arquitecturadegalicia.eu\/blog\/31-viviendas-y-centro-de-dia\/\"},\"wordCount\":458,\"commentCount\":0,\"publisher\":{\"@id\":\"https:\/\/arquitecturadegalicia.eu\/blog\/#organization\"},\"image\":{\"@id\":\"https:\/\/arquitecturadegalicia.eu\/blog\/31-viviendas-y-centro-de-dia\/#primaryimage\"},\"thumbnailUrl\":\"https:\/\/arquitecturadegalicia.eu\/blog\/wp-content\/uploads\/2013\/06\/santos.jpg\",\"keywords\":[\"2010\",\"Abalo+Alonso\",\"centro de dia\",\"colectiva\",\"Vivenda\"],\"articleSection\":[\"Vilagarc\u00eda de Arousa\"],\"inLanguage\":\"es\",\"potentialAction\":[{\"@type\":\"CommentAction\",\"name\":\"Comment\",\"target\":[\"https:\/\/arquitecturadegalicia.eu\/blog\/31-viviendas-y-centro-de-dia\/#respond\"]}]},{\"@type\":\"WebPage\",\"@id\":\"https:\/\/arquitecturadegalicia.eu\/blog\/31-viviendas-y-centro-de-dia\/\",\"url\":\"https:\/\/arquitecturadegalicia.eu\/blog\/31-viviendas-y-centro-de-dia\/\",\"name\":\"31 viviendas y centro de d\u00eda | AG\",\"isPartOf\":{\"@id\":\"https:\/\/arquitecturadegalicia.eu\/blog\/#website\"},\"primaryImageOfPage\":{\"@id\":\"https:\/\/arquitecturadegalicia.eu\/blog\/31-viviendas-y-centro-de-dia\/#primaryimage\"},\"image\":{\"@id\":\"https:\/\/arquitecturadegalicia.eu\/blog\/31-viviendas-y-centro-de-dia\/#primaryimage\"},\"thumbnailUrl\":\"https:\/\/arquitecturadegalicia.eu\/blog\/wp-content\/uploads\/2013\/06\/santos.jpg\",\"datePublished\":\"2013-07-02T18:00:00+00:00\",\"dateModified\":\"2013-06-22T16:08:53+00:00\",\"breadcrumb\":{\"@id\":\"https:\/\/arquitecturadegalicia.eu\/blog\/31-viviendas-y-centro-de-dia\/#breadcrumb\"},\"inLanguage\":\"es\",\"potentialAction\":[{\"@type\":\"ReadAction\",\"target\":[\"https:\/\/arquitecturadegalicia.eu\/blog\/31-viviendas-y-centro-de-dia\/\"]}]},{\"@type\":\"ImageObject\",\"inLanguage\":\"es\",\"@id\":\"https:\/\/arquitecturadegalicia.eu\/blog\/31-viviendas-y-centro-de-dia\/#primaryimage\",\"url\":\"https:\/\/arquitecturadegalicia.eu\/blog\/wp-content\/uploads\/2013\/06\/santos.jpg\",\"contentUrl\":\"https:\/\/arquitecturadegalicia.eu\/blog\/wp-content\/uploads\/2013\/06\/santos.jpg\",\"width\":620,\"height\":620,\"caption\":\"31 VPO y centro de dia | Villargarcia | Abalo alonso | Santos Diez\"},{\"@type\":\"BreadcrumbList\",\"@id\":\"https:\/\/arquitecturadegalicia.eu\/blog\/31-viviendas-y-centro-de-dia\/#breadcrumb\",\"itemListElement\":[{\"@type\":\"ListItem\",\"position\":1,\"name\":\"Portada\",\"item\":\"https:\/\/arquitecturadegalicia.eu\/blog\/\"},{\"@type\":\"ListItem\",\"position\":2,\"name\":\"31 viviendas y centro de d\u00eda\"}]},{\"@type\":\"WebSite\",\"@id\":\"https:\/\/arquitecturadegalicia.eu\/blog\/#website\",\"url\":\"https:\/\/arquitecturadegalicia.eu\/blog\/\",\"name\":\"AG\",\"description\":\"Arquitectura de Galicia\",\"publisher\":{\"@id\":\"https:\/\/arquitecturadegalicia.eu\/blog\/#organization\"},\"potentialAction\":[{\"@type\":\"SearchAction\",\"target\":{\"@type\":\"EntryPoint\",\"urlTemplate\":\"https:\/\/arquitecturadegalicia.eu\/blog\/?s={search_term_string}\"},\"query-input\":{\"@type\":\"PropertyValueSpecification\",\"valueRequired\":true,\"valueName\":\"search_term_string\"}}],\"inLanguage\":\"es\"},{\"@type\":\"Organization\",\"@id\":\"https:\/\/arquitecturadegalicia.eu\/blog\/#organization\",\"name\":\"Arquitectura de Galicia\",\"url\":\"https:\/\/arquitecturadegalicia.eu\/blog\/\",\"logo\":{\"@type\":\"ImageObject\",\"inLanguage\":\"es\",\"@id\":\"https:\/\/arquitecturadegalicia.eu\/blog\/#\/schema\/logo\/image\/\",\"url\":\"https:\/\/arquitecturadegalicia.eu\/blog\/wp-content\/uploads\/2017\/01\/arquitecturacurrents2.png\",\"contentUrl\":\"https:\/\/arquitecturadegalicia.eu\/blog\/wp-content\/uploads\/2017\/01\/arquitecturacurrents2.png\",\"width\":840,\"height\":640,\"caption\":\"Arquitectura de Galicia\"},\"image\":{\"@id\":\"https:\/\/arquitecturadegalicia.eu\/blog\/#\/schema\/logo\/image\/\"},\"sameAs\":[\"https:\/\/www.facebook.com\/ArquitecturadeGalicia\/\",\"https:\/\/x.com\/arquigaliciaeu\",\"https:\/\/www.instagram.com\/arquigaliciaeu\/\"]},{\"@type\":\"Person\",\"@id\":\"https:\/\/arquitecturadegalicia.eu\/blog\/#\/schema\/person\/abcb74b3399abffb9dabced36488ac35\",\"name\":\"Dario Vallina\",\"image\":{\"@type\":\"ImageObject\",\"inLanguage\":\"es\",\"@id\":\"https:\/\/arquitecturadegalicia.eu\/blog\/#\/schema\/person\/image\/\",\"url\":\"https:\/\/secure.gravatar.com\/avatar\/a79e713b96510b29d405cacc448bf2e0?s=96&d=mm&r=g\",\"contentUrl\":\"https:\/\/secure.gravatar.com\/avatar\/a79e713b96510b29d405cacc448bf2e0?s=96&d=mm&r=g\",\"caption\":\"Dario Vallina\"},\"description\":\"Xix\u00f3n | Coordinaci\u00f3n e edici\u00f3n de artigos | La simplicidad es la mayor sofisticaci\u00f3n. Un caballo pintado a rayas no es una cebra. La imaginaci\u00f3n es m\u00e1s importante que la sabidur\u00eda. Si no puedo dibujarlo, es que no lo entiendo.\",\"url\":\"https:\/\/arquitecturadegalicia.eu\/blog\/author\/dariovallina\/\"}]}<\/script>\n<!-- \/ Yoast SEO plugin. -->","yoast_head_json":{"title":"31 viviendas y centro de d\u00eda | AG","robots":{"index":"index","follow":"follow","max-snippet":"max-snippet:-1","max-image-preview":"max-image-preview:large","max-video-preview":"max-video-preview:-1"},"canonical":"https:\/\/arquitecturadegalicia.eu\/blog\/31-viviendas-y-centro-de-dia\/","og_locale":"es_ES","og_type":"article","og_title":"31 viviendas y centro de d\u00eda | AG","og_description":"El edificio ocupa el final de un largo bloque, con fachadas a este y oeste, previsto en el desarrollo urban\u00edstico del Bosque de los Desamparados. La fuerte pendiente de la futura calle, de m\u00e1s de una planta y media en nuestro solar, la obligatoriedad de soportal y la necesidad de ubicar un peque\u00f1o centro de d\u00eda en planta baja condicionan la propuesta. La compleja interpretaci\u00f3n de la normativa urban\u00edstica por parte de los servicios t\u00e9cnicos municipales hace el resto","og_url":"https:\/\/arquitecturadegalicia.eu\/blog\/31-viviendas-y-centro-de-dia\/","og_site_name":"AG","article_publisher":"https:\/\/www.facebook.com\/ArquitecturadeGalicia\/","article_published_time":"2013-07-02T18:00:00+00:00","article_modified_time":"2013-06-22T16:08:53+00:00","og_image":[{"width":620,"height":620,"url":"https:\/\/arquitecturadegalicia.eu\/blog\/wp-content\/uploads\/2013\/06\/santos.jpg","type":"image\/jpeg"}],"author":"Dario Vallina","twitter_card":"summary_large_image","twitter_creator":"@arquigaliciaeu","twitter_site":"@arquigaliciaeu","twitter_misc":{"Escrito por":"Dario Vallina","Tiempo de lectura":"2 minutos"},"schema":{"@context":"https:\/\/schema.org","@graph":[{"@type":"Article","@id":"https:\/\/arquitecturadegalicia.eu\/blog\/31-viviendas-y-centro-de-dia\/#article","isPartOf":{"@id":"https:\/\/arquitecturadegalicia.eu\/blog\/31-viviendas-y-centro-de-dia\/"},"author":{"name":"Dario Vallina","@id":"https:\/\/arquitecturadegalicia.eu\/blog\/#\/schema\/person\/abcb74b3399abffb9dabced36488ac35"},"headline":"31 viviendas y centro de d\u00eda","datePublished":"2013-07-02T18:00:00+00:00","dateModified":"2013-06-22T16:08:53+00:00","mainEntityOfPage":{"@id":"https:\/\/arquitecturadegalicia.eu\/blog\/31-viviendas-y-centro-de-dia\/"},"wordCount":458,"commentCount":0,"publisher":{"@id":"https:\/\/arquitecturadegalicia.eu\/blog\/#organization"},"image":{"@id":"https:\/\/arquitecturadegalicia.eu\/blog\/31-viviendas-y-centro-de-dia\/#primaryimage"},"thumbnailUrl":"https:\/\/arquitecturadegalicia.eu\/blog\/wp-content\/uploads\/2013\/06\/santos.jpg","keywords":["2010","Abalo+Alonso","centro de dia","colectiva","Vivenda"],"articleSection":["Vilagarc\u00eda de Arousa"],"inLanguage":"es","potentialAction":[{"@type":"CommentAction","name":"Comment","target":["https:\/\/arquitecturadegalicia.eu\/blog\/31-viviendas-y-centro-de-dia\/#respond"]}]},{"@type":"WebPage","@id":"https:\/\/arquitecturadegalicia.eu\/blog\/31-viviendas-y-centro-de-dia\/","url":"https:\/\/arquitecturadegalicia.eu\/blog\/31-viviendas-y-centro-de-dia\/","name":"31 viviendas y centro de d\u00eda | AG","isPartOf":{"@id":"https:\/\/arquitecturadegalicia.eu\/blog\/#website"},"primaryImageOfPage":{"@id":"https:\/\/arquitecturadegalicia.eu\/blog\/31-viviendas-y-centro-de-dia\/#primaryimage"},"image":{"@id":"https:\/\/arquitecturadegalicia.eu\/blog\/31-viviendas-y-centro-de-dia\/#primaryimage"},"thumbnailUrl":"https:\/\/arquitecturadegalicia.eu\/blog\/wp-content\/uploads\/2013\/06\/santos.jpg","datePublished":"2013-07-02T18:00:00+00:00","dateModified":"2013-06-22T16:08:53+00:00","breadcrumb":{"@id":"https:\/\/arquitecturadegalicia.eu\/blog\/31-viviendas-y-centro-de-dia\/#breadcrumb"},"inLanguage":"es","potentialAction":[{"@type":"ReadAction","target":["https:\/\/arquitecturadegalicia.eu\/blog\/31-viviendas-y-centro-de-dia\/"]}]},{"@type":"ImageObject","inLanguage":"es","@id":"https:\/\/arquitecturadegalicia.eu\/blog\/31-viviendas-y-centro-de-dia\/#primaryimage","url":"https:\/\/arquitecturadegalicia.eu\/blog\/wp-content\/uploads\/2013\/06\/santos.jpg","contentUrl":"https:\/\/arquitecturadegalicia.eu\/blog\/wp-content\/uploads\/2013\/06\/santos.jpg","width":620,"height":620,"caption":"31 VPO y centro de dia | Villargarcia | Abalo alonso | Santos Diez"},{"@type":"BreadcrumbList","@id":"https:\/\/arquitecturadegalicia.eu\/blog\/31-viviendas-y-centro-de-dia\/#breadcrumb","itemListElement":[{"@type":"ListItem","position":1,"name":"Portada","item":"https:\/\/arquitecturadegalicia.eu\/blog\/"},{"@type":"ListItem","position":2,"name":"31 viviendas y centro de d\u00eda"}]},{"@type":"WebSite","@id":"https:\/\/arquitecturadegalicia.eu\/blog\/#website","url":"https:\/\/arquitecturadegalicia.eu\/blog\/","name":"AG","description":"Arquitectura de Galicia","publisher":{"@id":"https:\/\/arquitecturadegalicia.eu\/blog\/#organization"},"potentialAction":[{"@type":"SearchAction","target":{"@type":"EntryPoint","urlTemplate":"https:\/\/arquitecturadegalicia.eu\/blog\/?s={search_term_string}"},"query-input":{"@type":"PropertyValueSpecification","valueRequired":true,"valueName":"search_term_string"}}],"inLanguage":"es"},{"@type":"Organization","@id":"https:\/\/arquitecturadegalicia.eu\/blog\/#organization","name":"Arquitectura de Galicia","url":"https:\/\/arquitecturadegalicia.eu\/blog\/","logo":{"@type":"ImageObject","inLanguage":"es","@id":"https:\/\/arquitecturadegalicia.eu\/blog\/#\/schema\/logo\/image\/","url":"https:\/\/arquitecturadegalicia.eu\/blog\/wp-content\/uploads\/2017\/01\/arquitecturacurrents2.png","contentUrl":"https:\/\/arquitecturadegalicia.eu\/blog\/wp-content\/uploads\/2017\/01\/arquitecturacurrents2.png","width":840,"height":640,"caption":"Arquitectura de Galicia"},"image":{"@id":"https:\/\/arquitecturadegalicia.eu\/blog\/#\/schema\/logo\/image\/"},"sameAs":["https:\/\/www.facebook.com\/ArquitecturadeGalicia\/","https:\/\/x.com\/arquigaliciaeu","https:\/\/www.instagram.com\/arquigaliciaeu\/"]},{"@type":"Person","@id":"https:\/\/arquitecturadegalicia.eu\/blog\/#\/schema\/person\/abcb74b3399abffb9dabced36488ac35","name":"Dario Vallina","image":{"@type":"ImageObject","inLanguage":"es","@id":"https:\/\/arquitecturadegalicia.eu\/blog\/#\/schema\/person\/image\/","url":"https:\/\/secure.gravatar.com\/avatar\/a79e713b96510b29d405cacc448bf2e0?s=96&d=mm&r=g","contentUrl":"https:\/\/secure.gravatar.com\/avatar\/a79e713b96510b29d405cacc448bf2e0?s=96&d=mm&r=g","caption":"Dario Vallina"},"description":"Xix\u00f3n | Coordinaci\u00f3n e edici\u00f3n de artigos | La simplicidad es la mayor sofisticaci\u00f3n. Un caballo pintado a rayas no es una cebra. La imaginaci\u00f3n es m\u00e1s importante que la sabidur\u00eda. Si no puedo dibujarlo, es que no lo entiendo.","url":"https:\/\/arquitecturadegalicia.eu\/blog\/author\/dariovallina\/"}]}},"jetpack_featured_media_url":"https:\/\/arquitecturadegalicia.eu\/blog\/wp-content\/uploads\/2013\/06\/santos.jpg","jetpack_shortlink":"https:\/\/wp.me\/p2NHs2-1QX","jetpack_sharing_enabled":true,"_links":{"self":[{"href":"https:\/\/arquitecturadegalicia.eu\/blog\/wp-json\/wp\/v2\/posts\/7127","targetHints":{"allow":["GET"]}}],"collection":[{"href":"https:\/\/arquitecturadegalicia.eu\/blog\/wp-json\/wp\/v2\/posts"}],"about":[{"href":"https:\/\/arquitecturadegalicia.eu\/blog\/wp-json\/wp\/v2\/types\/post"}],"author":[{"embeddable":true,"href":"https:\/\/arquitecturadegalicia.eu\/blog\/wp-json\/wp\/v2\/users\/7"}],"replies":[{"embeddable":true,"href":"https:\/\/arquitecturadegalicia.eu\/blog\/wp-json\/wp\/v2\/comments?post=7127"}],"version-history":[{"count":5,"href":"https:\/\/arquitecturadegalicia.eu\/blog\/wp-json\/wp\/v2\/posts\/7127\/revisions"}],"predecessor-version":[{"id":7131,"href":"https:\/\/arquitecturadegalicia.eu\/blog\/wp-json\/wp\/v2\/posts\/7127\/revisions\/7131"}],"wp:featuredmedia":[{"embeddable":true,"href":"https:\/\/arquitecturadegalicia.eu\/blog\/wp-json\/wp\/v2\/media\/7128"}],"wp:attachment":[{"href":"https:\/\/arquitecturadegalicia.eu\/blog\/wp-json\/wp\/v2\/media?parent=7127"}],"wp:term":[{"taxonomy":"category","embeddable":true,"href":"https:\/\/arquitecturadegalicia.eu\/blog\/wp-json\/wp\/v2\/categories?post=7127"},{"taxonomy":"post_tag","embeddable":true,"href":"https:\/\/arquitecturadegalicia.eu\/blog\/wp-json\/wp\/v2\/tags?post=7127"},{"taxonomy":"ano","embeddable":true,"href":"https:\/\/arquitecturadegalicia.eu\/blog\/wp-json\/wp\/v2\/ano?post=7127"},{"taxonomy":"arquitectos","embeddable":true,"href":"https:\/\/arquitecturadegalicia.eu\/blog\/wp-json\/wp\/v2\/arquitectos?post=7127"},{"taxonomy":"tipoloxia","embeddable":true,"href":"https:\/\/arquitecturadegalicia.eu\/blog\/wp-json\/wp\/v2\/tipoloxia?post=7127"}],"curies":[{"name":"wp","href":"https:\/\/api.w.org\/{rel}","templated":true}]}}