{"id":7454,"date":"2013-07-21T12:00:00","date_gmt":"2013-07-21T10:00:00","guid":{"rendered":"http:\/\/arquitecturadegalicia.eu\/blog\/?p=7454"},"modified":"2013-07-22T00:50:01","modified_gmt":"2013-07-21T22:50:01","slug":"ceip-amadeo","status":"publish","type":"post","link":"https:\/\/arquitecturadegalicia.eu\/blog\/ceip-amadeo\/","title":{"rendered":"CEIP Amadeo Rodr\u00edguez Barroso"},"content":{"rendered":"<p style=\"text-align: right;\"><a href=\"http:\/\/arquitecturadegalicia.eu\/blog\/wp-content\/uploads\/2013\/07\/rsz_h_io_49_25061.jpg\"><img fetchpriority=\"high\" decoding=\"async\" class=\"aligncenter size-full wp-image-7455\" alt=\"CEIP Amadeo | Ourense | HIVAS\" src=\"http:\/\/arquitecturadegalicia.eu\/blog\/wp-content\/uploads\/2013\/07\/rsz_h_io_49_25061.jpg\" width=\"620\" height=\"465\" srcset=\"https:\/\/arquitecturadegalicia.eu\/blog\/wp-content\/uploads\/2013\/07\/rsz_h_io_49_25061.jpg 620w, https:\/\/arquitecturadegalicia.eu\/blog\/wp-content\/uploads\/2013\/07\/rsz_h_io_49_25061-300x225.jpg 300w\" sizes=\"(max-width: 620px) 100vw, 620px\" \/><\/a><span style=\"color: #c0c0c0;\"><a style=\"font-size: 0.75em; text-align: right;\" href=\"http:\/\/www.santos-diez.com\/\" target=\"_blank\"><span style=\"color: #c0c0c0;\">Santos-D\u00edez<\/span><\/a> | <a style=\"font-size: 0.75em; text-align: right;\" href=\"http:\/\/www.bisimages.com\/\" target=\"_blank\"><span style=\"color: #c0c0c0;\">BISimages<\/span><\/a><\/span><\/p>\n<table class=\"aligncenter\" width=\"620\" border=\"0\" cellspacing=\"0\" cellpadding=\"0\">\n<tbody>\n<tr>\n<td width=\"180\"><strong>Obra:<\/strong><\/td>\n<td>CEIP Amadeo Rodr\u00edguez Barroso<\/td>\n<\/tr>\n<tr>\n<td><strong>Arquitecto:<\/strong><\/td>\n<td>HIVAS<\/td>\n<\/tr>\n<tr>\n<td><strong>Provincia:<\/strong><\/td>\n<td>Ourense<\/td>\n<\/tr>\n<tr>\n<td><strong>Localidade:<\/strong><\/td>\n<td>Ourense<\/td>\n<\/tr>\n<tr>\n<td><strong>Ano:<\/strong><\/td>\n<td>2010<\/td>\n<\/tr>\n<tr>\n<td><strong>Xeolocalizaci\u00f3n:<\/strong><\/td>\n<td><strong><a href=\"https:\/\/maps.google.es\/maps\/ms?msa=0&amp;msid=205584753861089304839.0004b3590a9baff01c53d&amp;ie=UTF8&amp;t=m&amp;source=embed&amp;ll=42.43562,-7.996674&amp;spn=0.876702,2.113495&amp;z=10&amp;vpsrc=6&amp;iwloc=0004ce24dc4e9e146a288\" target=\"_blank\">42.436,-7.997<\/a><\/strong><\/td>\n<\/tr>\n<\/tbody>\n<\/table>\n<table class=\" aligncenter\" width=\"620\" border=\"0\" cellspacing=\"0\" cellpadding=\"0\">\n<tbody>\n<tr>\n<td colspan=\"3\"><strong>Outros Datos:<\/strong><\/td>\n<\/tr>\n<tr>\n<td width=\"20\"><\/td>\n<td colspan=\"2\"><strong>Premios:<\/strong><\/td>\n<\/tr>\n<tr>\n<td width=\"20\"><\/td>\n<td width=\"20\"><\/td>\n<td width=\"580\"><strong>\u00a0<\/strong><\/td>\n<\/tr>\n<tr>\n<td width=\"20\"><\/td>\n<td colspan=\"2\"><strong>Publicaci\u00f3ns:<\/strong><\/td>\n<\/tr>\n<tr>\n<td width=\"20\"><\/td>\n<td width=\"20\"><\/td>\n<td><\/td>\n<\/tr>\n<tr>\n<td width=\"20\"><\/td>\n<td colspan=\"2\"><strong>Informaci\u00f3n na rede:<\/strong><\/td>\n<\/tr>\n<tr>\n<td width=\"20\"><\/td>\n<td width=\"20\"><\/td>\n<td><strong><strong><a href=\"http:\/\/www.hivas.es\/\" target=\"_blank\">P\u00e1xina do estudio HIVAS<\/a><br \/>\n<\/strong><\/strong><strong style=\"line-height: 19px;\"><\/strong><\/td>\n<\/tr>\n<tr>\n<td width=\"20\"><\/td>\n<td colspan=\"2\"><strong>Descripci\u00f3n do proxecto:<\/strong><\/td>\n<\/tr>\n<tr>\n<td width=\"20\"><\/td>\n<td width=\"20\"><\/td>\n<td><em>\u00abP\u00e1rtese dunha disposici\u00f3n do edificio perpendicular \u00e1 r\u00faa de acceso. A ocupaci\u00f3n distrib\u00faese por plantas segundo idades. A planta inferior recolle os usos com\u00fans do CEIP e as aulas de infantil. Os espacios totalmente abertos ao extereior prot\u00e9xense baixo porches xerados pola planta superior. Esta parte dun esquema funcional claro de corredor central e aulas de primaria aos lados. O volumen compacto perf\u00f3rase con patios abertos dos que reciben luz as aulas e o corredor central cos seus n\u00facleos de comunicaci\u00f3n vertical. Os extremos do volume que configura os patios cara o parque colindante disp\u00f3\u00f1ense opacos e con acabados crom\u00e1ticos contrastando co volumen inferior. O espacio de acceso aparece como prolongaci\u00f3n do pabell\u00f3n a modo de p\u00e9rgola, proporcionando continuidade ao conxunto e permitindo a comunicaci\u00f3n baixo cuberto.\u00bb\u00a0<\/em>HIVAS<\/td>\n<\/tr>\n<tr>\n<td width=\"20\"><\/td>\n<td colspan=\"2\"><b><b>Reportaxe fotogr\u00e1fica:<br \/>\n<\/b><\/b><\/td>\n<\/tr>\n<tr>\n<td width=\"20\"><\/td>\n<td colspan=\"2\"><\/td>\n<\/tr>\n<tr>\n<td width=\"20\"><\/td>\n<td colspan=\"2\"><strong>Planos:<\/strong><\/td>\n<\/tr>\n<tr>\n<td width=\"20\"><\/td>\n<td colspan=\"2\"><\/td>\n<\/tr>\n<\/tbody>\n<\/table>\n","protected":false},"excerpt":{"rendered":"<p>No CEIP Amadeo Rodr\u00edguez Barroso de Ourense, o estudio HIVAS parte dunha disposici\u00f3n do edificio perpendicular \u00e1 r\u00faa de acceso. A ocupaci\u00f3n distrib\u00faese por plantas segundo idades. A planta inferior recolle os usos com\u00fans do CEIP e as aulas de infantil. Os espacios totalmente abertos ao extereior prot\u00e9xense baixo porches xerados pola planta superior. Esta parte dun esquema funcional claro de corredor central e aulas de primaria aos lados. O volumen compacto perf\u00f3rase con patios abertos dos que reciben luz as aulas e o corredor central cos seus n\u00facleos de comunicaci\u00f3n vertical. Os extremos do volume que configura os patios cara o parque colindante disp\u00f3\u00f1ense opacos e con acabados crom\u00e1ticos contrastando co volumen inferior. O espacio de acceso aparece como prolongaci\u00f3n do pabell\u00f3n a modo de p\u00e9rgola, proporcionando continuidade ao conxunto e permitindo a comunicaci\u00f3n baixo cuberto.<\/p>\n","protected":false},"author":11,"featured_media":7455,"comment_status":"open","ping_status":"open","sticky":false,"template":"","format":"standard","meta":{"jetpack_post_was_ever_published":false,"_jetpack_newsletter_access":"","_jetpack_dont_email_post_to_subs":false,"_jetpack_newsletter_tier_id":0,"_jetpack_memberships_contains_paywalled_content":false,"_jetpack_memberships_contains_paid_content":false,"footnotes":"","jetpack_publicize_message":"","jetpack_publicize_feature_enabled":true,"jetpack_social_post_already_shared":true,"jetpack_social_options":{"image_generator_settings":{"template":"highway","enabled":false},"version":2}},"categories":[14],"tags":[55,81,271],"ano":[],"arquitectos":[],"tipoloxia":[],"class_list":["post-7454","post","type-post","status-publish","format-standard","has-post-thumbnail","hentry","category-ourense-ourense","tag-55","tag-educacion","tag-hivas","content-print"],"jetpack_publicize_connections":[],"yoast_head":"<!-- This site is optimized with the Yoast SEO plugin v24.1 - https:\/\/yoast.com\/wordpress\/plugins\/seo\/ -->\n<title>CEIP Amadeo Rodr\u00edguez Barroso | AG<\/title>\n<meta name=\"robots\" content=\"index, follow, max-snippet:-1, max-image-preview:large, max-video-preview:-1\" \/>\n<link rel=\"canonical\" href=\"https:\/\/arquitecturadegalicia.eu\/blog\/ceip-amadeo\/\" \/>\n<meta property=\"og:locale\" content=\"es_ES\" \/>\n<meta property=\"og:type\" content=\"article\" \/>\n<meta property=\"og:title\" content=\"CEIP Amadeo Rodr\u00edguez Barroso | AG\" \/>\n<meta property=\"og:description\" content=\"No CEIP Amadeo Rodr\u00edguez Barroso de Ourense, o estudio HIVAS parte dunha disposici\u00f3n do edificio perpendicular \u00e1 r\u00faa de acceso. A ocupaci\u00f3n distrib\u00faese por plantas segundo idades. A planta inferior recolle os usos com\u00fans do CEIP e as aulas de infantil. Os espacios totalmente abertos ao extereior prot\u00e9xense baixo porches xerados pola planta superior. Esta parte dun esquema funcional claro de corredor central e aulas de primaria aos lados. O volumen compacto perf\u00f3rase con patios abertos dos que reciben luz as aulas e o corredor central cos seus n\u00facleos de comunicaci\u00f3n vertical. Os extremos do volume que configura os patios cara o parque colindante disp\u00f3\u00f1ense opacos e con acabados crom\u00e1ticos contrastando co volumen inferior. O espacio de acceso aparece como prolongaci\u00f3n do pabell\u00f3n a modo de p\u00e9rgola, proporcionando continuidade ao conxunto e permitindo a comunicaci\u00f3n baixo cuberto.\" \/>\n<meta property=\"og:url\" content=\"https:\/\/arquitecturadegalicia.eu\/blog\/ceip-amadeo\/\" \/>\n<meta property=\"og:site_name\" content=\"AG\" \/>\n<meta property=\"article:publisher\" content=\"https:\/\/www.facebook.com\/ArquitecturadeGalicia\/\" \/>\n<meta property=\"article:published_time\" content=\"2013-07-21T10:00:00+00:00\" \/>\n<meta property=\"article:modified_time\" content=\"2013-07-21T22:50:01+00:00\" \/>\n<meta property=\"og:image\" content=\"https:\/\/arquitecturadegalicia.eu\/blog\/wp-content\/uploads\/2013\/07\/rsz_h_io_49_25061.jpg\" \/>\n\t<meta property=\"og:image:width\" content=\"620\" \/>\n\t<meta property=\"og:image:height\" content=\"465\" \/>\n\t<meta property=\"og:image:type\" content=\"image\/jpeg\" \/>\n<meta name=\"author\" content=\"Adri\u00e1n Capelo\" \/>\n<meta name=\"twitter:card\" content=\"summary_large_image\" \/>\n<meta name=\"twitter:creator\" content=\"@arquigaliciaeu\" \/>\n<meta name=\"twitter:site\" content=\"@arquigaliciaeu\" \/>\n<meta name=\"twitter:label1\" content=\"Escrito por\" \/>\n\t<meta name=\"twitter:data1\" content=\"Adri\u00e1n Capelo\" \/>\n\t<meta name=\"twitter:label2\" content=\"Tiempo de lectura\" \/>\n\t<meta name=\"twitter:data2\" content=\"1 minuto\" \/>\n<script type=\"application\/ld+json\" class=\"yoast-schema-graph\">{\"@context\":\"https:\/\/schema.org\",\"@graph\":[{\"@type\":\"Article\",\"@id\":\"https:\/\/arquitecturadegalicia.eu\/blog\/ceip-amadeo\/#article\",\"isPartOf\":{\"@id\":\"https:\/\/arquitecturadegalicia.eu\/blog\/ceip-amadeo\/\"},\"author\":{\"name\":\"Adri\u00e1n Capelo\",\"@id\":\"https:\/\/arquitecturadegalicia.eu\/blog\/#\/schema\/person\/02decbe073ba6ac287ee8b22fc7c953e\"},\"headline\":\"CEIP Amadeo Rodr\u00edguez Barroso\",\"datePublished\":\"2013-07-21T10:00:00+00:00\",\"dateModified\":\"2013-07-21T22:50:01+00:00\",\"mainEntityOfPage\":{\"@id\":\"https:\/\/arquitecturadegalicia.eu\/blog\/ceip-amadeo\/\"},\"wordCount\":189,\"commentCount\":2,\"publisher\":{\"@id\":\"https:\/\/arquitecturadegalicia.eu\/blog\/#organization\"},\"image\":{\"@id\":\"https:\/\/arquitecturadegalicia.eu\/blog\/ceip-amadeo\/#primaryimage\"},\"thumbnailUrl\":\"https:\/\/arquitecturadegalicia.eu\/blog\/wp-content\/uploads\/2013\/07\/rsz_h_io_49_25061.jpg\",\"keywords\":[\"2010\",\"educaci\u00f3n\",\"Hivas\"],\"articleSection\":[\"Ourense\"],\"inLanguage\":\"es\",\"potentialAction\":[{\"@type\":\"CommentAction\",\"name\":\"Comment\",\"target\":[\"https:\/\/arquitecturadegalicia.eu\/blog\/ceip-amadeo\/#respond\"]}]},{\"@type\":\"WebPage\",\"@id\":\"https:\/\/arquitecturadegalicia.eu\/blog\/ceip-amadeo\/\",\"url\":\"https:\/\/arquitecturadegalicia.eu\/blog\/ceip-amadeo\/\",\"name\":\"CEIP Amadeo Rodr\u00edguez Barroso | AG\",\"isPartOf\":{\"@id\":\"https:\/\/arquitecturadegalicia.eu\/blog\/#website\"},\"primaryImageOfPage\":{\"@id\":\"https:\/\/arquitecturadegalicia.eu\/blog\/ceip-amadeo\/#primaryimage\"},\"image\":{\"@id\":\"https:\/\/arquitecturadegalicia.eu\/blog\/ceip-amadeo\/#primaryimage\"},\"thumbnailUrl\":\"https:\/\/arquitecturadegalicia.eu\/blog\/wp-content\/uploads\/2013\/07\/rsz_h_io_49_25061.jpg\",\"datePublished\":\"2013-07-21T10:00:00+00:00\",\"dateModified\":\"2013-07-21T22:50:01+00:00\",\"breadcrumb\":{\"@id\":\"https:\/\/arquitecturadegalicia.eu\/blog\/ceip-amadeo\/#breadcrumb\"},\"inLanguage\":\"es\",\"potentialAction\":[{\"@type\":\"ReadAction\",\"target\":[\"https:\/\/arquitecturadegalicia.eu\/blog\/ceip-amadeo\/\"]}]},{\"@type\":\"ImageObject\",\"inLanguage\":\"es\",\"@id\":\"https:\/\/arquitecturadegalicia.eu\/blog\/ceip-amadeo\/#primaryimage\",\"url\":\"https:\/\/arquitecturadegalicia.eu\/blog\/wp-content\/uploads\/2013\/07\/rsz_h_io_49_25061.jpg\",\"contentUrl\":\"https:\/\/arquitecturadegalicia.eu\/blog\/wp-content\/uploads\/2013\/07\/rsz_h_io_49_25061.jpg\",\"width\":620,\"height\":465,\"caption\":\"CEIP Amadeo | Ourense | HIVAS\"},{\"@type\":\"BreadcrumbList\",\"@id\":\"https:\/\/arquitecturadegalicia.eu\/blog\/ceip-amadeo\/#breadcrumb\",\"itemListElement\":[{\"@type\":\"ListItem\",\"position\":1,\"name\":\"Portada\",\"item\":\"https:\/\/arquitecturadegalicia.eu\/blog\/\"},{\"@type\":\"ListItem\",\"position\":2,\"name\":\"CEIP Amadeo Rodr\u00edguez Barroso\"}]},{\"@type\":\"WebSite\",\"@id\":\"https:\/\/arquitecturadegalicia.eu\/blog\/#website\",\"url\":\"https:\/\/arquitecturadegalicia.eu\/blog\/\",\"name\":\"AG\",\"description\":\"Arquitectura de Galicia\",\"publisher\":{\"@id\":\"https:\/\/arquitecturadegalicia.eu\/blog\/#organization\"},\"potentialAction\":[{\"@type\":\"SearchAction\",\"target\":{\"@type\":\"EntryPoint\",\"urlTemplate\":\"https:\/\/arquitecturadegalicia.eu\/blog\/?s={search_term_string}\"},\"query-input\":{\"@type\":\"PropertyValueSpecification\",\"valueRequired\":true,\"valueName\":\"search_term_string\"}}],\"inLanguage\":\"es\"},{\"@type\":\"Organization\",\"@id\":\"https:\/\/arquitecturadegalicia.eu\/blog\/#organization\",\"name\":\"Arquitectura de Galicia\",\"url\":\"https:\/\/arquitecturadegalicia.eu\/blog\/\",\"logo\":{\"@type\":\"ImageObject\",\"inLanguage\":\"es\",\"@id\":\"https:\/\/arquitecturadegalicia.eu\/blog\/#\/schema\/logo\/image\/\",\"url\":\"https:\/\/arquitecturadegalicia.eu\/blog\/wp-content\/uploads\/2017\/01\/arquitecturacurrents2.png\",\"contentUrl\":\"https:\/\/arquitecturadegalicia.eu\/blog\/wp-content\/uploads\/2017\/01\/arquitecturacurrents2.png\",\"width\":840,\"height\":640,\"caption\":\"Arquitectura de Galicia\"},\"image\":{\"@id\":\"https:\/\/arquitecturadegalicia.eu\/blog\/#\/schema\/logo\/image\/\"},\"sameAs\":[\"https:\/\/www.facebook.com\/ArquitecturadeGalicia\/\",\"https:\/\/x.com\/arquigaliciaeu\",\"https:\/\/www.instagram.com\/arquigaliciaeu\/\"]},{\"@type\":\"Person\",\"@id\":\"https:\/\/arquitecturadegalicia.eu\/blog\/#\/schema\/person\/02decbe073ba6ac287ee8b22fc7c953e\",\"name\":\"Adri\u00e1n Capelo\",\"image\":{\"@type\":\"ImageObject\",\"inLanguage\":\"es\",\"@id\":\"https:\/\/arquitecturadegalicia.eu\/blog\/#\/schema\/person\/image\/\",\"url\":\"https:\/\/secure.gravatar.com\/avatar\/f106f10a14512409fee37ea940dd22e4?s=96&d=mm&r=g\",\"contentUrl\":\"https:\/\/secure.gravatar.com\/avatar\/f106f10a14512409fee37ea940dd22e4?s=96&d=mm&r=g\",\"caption\":\"Adri\u00e1n Capelo\"},\"description\":\"Pontevedra | Dese\u00f1o gr\u00e1fico, fotograf\u00eda e\u00a0edici\u00f3n de artigos | Estudiante de Arquitectura na ETSA de A Coru\u00f1a. Fai \u00e1s veces de fot\u00f3grafo, dese\u00f1ador gr\u00e1fico ou m\u00fasico | M\u00e1is informaci\u00f3n sobre Adri\u00e1n\",\"url\":\"https:\/\/arquitecturadegalicia.eu\/blog\/author\/adriancapelo\/\"}]}<\/script>\n<!-- \/ Yoast SEO plugin. -->","yoast_head_json":{"title":"CEIP Amadeo Rodr\u00edguez Barroso | AG","robots":{"index":"index","follow":"follow","max-snippet":"max-snippet:-1","max-image-preview":"max-image-preview:large","max-video-preview":"max-video-preview:-1"},"canonical":"https:\/\/arquitecturadegalicia.eu\/blog\/ceip-amadeo\/","og_locale":"es_ES","og_type":"article","og_title":"CEIP Amadeo Rodr\u00edguez Barroso | AG","og_description":"No CEIP Amadeo Rodr\u00edguez Barroso de Ourense, o estudio HIVAS parte dunha disposici\u00f3n do edificio perpendicular \u00e1 r\u00faa de acceso. A ocupaci\u00f3n distrib\u00faese por plantas segundo idades. A planta inferior recolle os usos com\u00fans do CEIP e as aulas de infantil. Os espacios totalmente abertos ao extereior prot\u00e9xense baixo porches xerados pola planta superior. Esta parte dun esquema funcional claro de corredor central e aulas de primaria aos lados. O volumen compacto perf\u00f3rase con patios abertos dos que reciben luz as aulas e o corredor central cos seus n\u00facleos de comunicaci\u00f3n vertical. Os extremos do volume que configura os patios cara o parque colindante disp\u00f3\u00f1ense opacos e con acabados crom\u00e1ticos contrastando co volumen inferior. O espacio de acceso aparece como prolongaci\u00f3n do pabell\u00f3n a modo de p\u00e9rgola, proporcionando continuidade ao conxunto e permitindo a comunicaci\u00f3n baixo cuberto.","og_url":"https:\/\/arquitecturadegalicia.eu\/blog\/ceip-amadeo\/","og_site_name":"AG","article_publisher":"https:\/\/www.facebook.com\/ArquitecturadeGalicia\/","article_published_time":"2013-07-21T10:00:00+00:00","article_modified_time":"2013-07-21T22:50:01+00:00","og_image":[{"width":620,"height":465,"url":"https:\/\/arquitecturadegalicia.eu\/blog\/wp-content\/uploads\/2013\/07\/rsz_h_io_49_25061.jpg","type":"image\/jpeg"}],"author":"Adri\u00e1n Capelo","twitter_card":"summary_large_image","twitter_creator":"@arquigaliciaeu","twitter_site":"@arquigaliciaeu","twitter_misc":{"Escrito por":"Adri\u00e1n Capelo","Tiempo de lectura":"1 minuto"},"schema":{"@context":"https:\/\/schema.org","@graph":[{"@type":"Article","@id":"https:\/\/arquitecturadegalicia.eu\/blog\/ceip-amadeo\/#article","isPartOf":{"@id":"https:\/\/arquitecturadegalicia.eu\/blog\/ceip-amadeo\/"},"author":{"name":"Adri\u00e1n Capelo","@id":"https:\/\/arquitecturadegalicia.eu\/blog\/#\/schema\/person\/02decbe073ba6ac287ee8b22fc7c953e"},"headline":"CEIP Amadeo Rodr\u00edguez Barroso","datePublished":"2013-07-21T10:00:00+00:00","dateModified":"2013-07-21T22:50:01+00:00","mainEntityOfPage":{"@id":"https:\/\/arquitecturadegalicia.eu\/blog\/ceip-amadeo\/"},"wordCount":189,"commentCount":2,"publisher":{"@id":"https:\/\/arquitecturadegalicia.eu\/blog\/#organization"},"image":{"@id":"https:\/\/arquitecturadegalicia.eu\/blog\/ceip-amadeo\/#primaryimage"},"thumbnailUrl":"https:\/\/arquitecturadegalicia.eu\/blog\/wp-content\/uploads\/2013\/07\/rsz_h_io_49_25061.jpg","keywords":["2010","educaci\u00f3n","Hivas"],"articleSection":["Ourense"],"inLanguage":"es","potentialAction":[{"@type":"CommentAction","name":"Comment","target":["https:\/\/arquitecturadegalicia.eu\/blog\/ceip-amadeo\/#respond"]}]},{"@type":"WebPage","@id":"https:\/\/arquitecturadegalicia.eu\/blog\/ceip-amadeo\/","url":"https:\/\/arquitecturadegalicia.eu\/blog\/ceip-amadeo\/","name":"CEIP Amadeo Rodr\u00edguez Barroso | AG","isPartOf":{"@id":"https:\/\/arquitecturadegalicia.eu\/blog\/#website"},"primaryImageOfPage":{"@id":"https:\/\/arquitecturadegalicia.eu\/blog\/ceip-amadeo\/#primaryimage"},"image":{"@id":"https:\/\/arquitecturadegalicia.eu\/blog\/ceip-amadeo\/#primaryimage"},"thumbnailUrl":"https:\/\/arquitecturadegalicia.eu\/blog\/wp-content\/uploads\/2013\/07\/rsz_h_io_49_25061.jpg","datePublished":"2013-07-21T10:00:00+00:00","dateModified":"2013-07-21T22:50:01+00:00","breadcrumb":{"@id":"https:\/\/arquitecturadegalicia.eu\/blog\/ceip-amadeo\/#breadcrumb"},"inLanguage":"es","potentialAction":[{"@type":"ReadAction","target":["https:\/\/arquitecturadegalicia.eu\/blog\/ceip-amadeo\/"]}]},{"@type":"ImageObject","inLanguage":"es","@id":"https:\/\/arquitecturadegalicia.eu\/blog\/ceip-amadeo\/#primaryimage","url":"https:\/\/arquitecturadegalicia.eu\/blog\/wp-content\/uploads\/2013\/07\/rsz_h_io_49_25061.jpg","contentUrl":"https:\/\/arquitecturadegalicia.eu\/blog\/wp-content\/uploads\/2013\/07\/rsz_h_io_49_25061.jpg","width":620,"height":465,"caption":"CEIP Amadeo | Ourense | HIVAS"},{"@type":"BreadcrumbList","@id":"https:\/\/arquitecturadegalicia.eu\/blog\/ceip-amadeo\/#breadcrumb","itemListElement":[{"@type":"ListItem","position":1,"name":"Portada","item":"https:\/\/arquitecturadegalicia.eu\/blog\/"},{"@type":"ListItem","position":2,"name":"CEIP Amadeo Rodr\u00edguez Barroso"}]},{"@type":"WebSite","@id":"https:\/\/arquitecturadegalicia.eu\/blog\/#website","url":"https:\/\/arquitecturadegalicia.eu\/blog\/","name":"AG","description":"Arquitectura de Galicia","publisher":{"@id":"https:\/\/arquitecturadegalicia.eu\/blog\/#organization"},"potentialAction":[{"@type":"SearchAction","target":{"@type":"EntryPoint","urlTemplate":"https:\/\/arquitecturadegalicia.eu\/blog\/?s={search_term_string}"},"query-input":{"@type":"PropertyValueSpecification","valueRequired":true,"valueName":"search_term_string"}}],"inLanguage":"es"},{"@type":"Organization","@id":"https:\/\/arquitecturadegalicia.eu\/blog\/#organization","name":"Arquitectura de Galicia","url":"https:\/\/arquitecturadegalicia.eu\/blog\/","logo":{"@type":"ImageObject","inLanguage":"es","@id":"https:\/\/arquitecturadegalicia.eu\/blog\/#\/schema\/logo\/image\/","url":"https:\/\/arquitecturadegalicia.eu\/blog\/wp-content\/uploads\/2017\/01\/arquitecturacurrents2.png","contentUrl":"https:\/\/arquitecturadegalicia.eu\/blog\/wp-content\/uploads\/2017\/01\/arquitecturacurrents2.png","width":840,"height":640,"caption":"Arquitectura de Galicia"},"image":{"@id":"https:\/\/arquitecturadegalicia.eu\/blog\/#\/schema\/logo\/image\/"},"sameAs":["https:\/\/www.facebook.com\/ArquitecturadeGalicia\/","https:\/\/x.com\/arquigaliciaeu","https:\/\/www.instagram.com\/arquigaliciaeu\/"]},{"@type":"Person","@id":"https:\/\/arquitecturadegalicia.eu\/blog\/#\/schema\/person\/02decbe073ba6ac287ee8b22fc7c953e","name":"Adri\u00e1n Capelo","image":{"@type":"ImageObject","inLanguage":"es","@id":"https:\/\/arquitecturadegalicia.eu\/blog\/#\/schema\/person\/image\/","url":"https:\/\/secure.gravatar.com\/avatar\/f106f10a14512409fee37ea940dd22e4?s=96&d=mm&r=g","contentUrl":"https:\/\/secure.gravatar.com\/avatar\/f106f10a14512409fee37ea940dd22e4?s=96&d=mm&r=g","caption":"Adri\u00e1n Capelo"},"description":"Pontevedra | Dese\u00f1o gr\u00e1fico, fotograf\u00eda e\u00a0edici\u00f3n de artigos | Estudiante de Arquitectura na ETSA de A Coru\u00f1a. Fai \u00e1s veces de fot\u00f3grafo, dese\u00f1ador gr\u00e1fico ou m\u00fasico | M\u00e1is informaci\u00f3n sobre Adri\u00e1n","url":"https:\/\/arquitecturadegalicia.eu\/blog\/author\/adriancapelo\/"}]}},"jetpack_featured_media_url":"https:\/\/arquitecturadegalicia.eu\/blog\/wp-content\/uploads\/2013\/07\/rsz_h_io_49_25061.jpg","jetpack_shortlink":"https:\/\/wp.me\/p2NHs2-1We","jetpack_sharing_enabled":true,"_links":{"self":[{"href":"https:\/\/arquitecturadegalicia.eu\/blog\/wp-json\/wp\/v2\/posts\/7454","targetHints":{"allow":["GET"]}}],"collection":[{"href":"https:\/\/arquitecturadegalicia.eu\/blog\/wp-json\/wp\/v2\/posts"}],"about":[{"href":"https:\/\/arquitecturadegalicia.eu\/blog\/wp-json\/wp\/v2\/types\/post"}],"author":[{"embeddable":true,"href":"https:\/\/arquitecturadegalicia.eu\/blog\/wp-json\/wp\/v2\/users\/11"}],"replies":[{"embeddable":true,"href":"https:\/\/arquitecturadegalicia.eu\/blog\/wp-json\/wp\/v2\/comments?post=7454"}],"version-history":[{"count":12,"href":"https:\/\/arquitecturadegalicia.eu\/blog\/wp-json\/wp\/v2\/posts\/7454\/revisions"}],"predecessor-version":[{"id":7458,"href":"https:\/\/arquitecturadegalicia.eu\/blog\/wp-json\/wp\/v2\/posts\/7454\/revisions\/7458"}],"wp:featuredmedia":[{"embeddable":true,"href":"https:\/\/arquitecturadegalicia.eu\/blog\/wp-json\/wp\/v2\/media\/7455"}],"wp:attachment":[{"href":"https:\/\/arquitecturadegalicia.eu\/blog\/wp-json\/wp\/v2\/media?parent=7454"}],"wp:term":[{"taxonomy":"category","embeddable":true,"href":"https:\/\/arquitecturadegalicia.eu\/blog\/wp-json\/wp\/v2\/categories?post=7454"},{"taxonomy":"post_tag","embeddable":true,"href":"https:\/\/arquitecturadegalicia.eu\/blog\/wp-json\/wp\/v2\/tags?post=7454"},{"taxonomy":"ano","embeddable":true,"href":"https:\/\/arquitecturadegalicia.eu\/blog\/wp-json\/wp\/v2\/ano?post=7454"},{"taxonomy":"arquitectos","embeddable":true,"href":"https:\/\/arquitecturadegalicia.eu\/blog\/wp-json\/wp\/v2\/arquitectos?post=7454"},{"taxonomy":"tipoloxia","embeddable":true,"href":"https:\/\/arquitecturadegalicia.eu\/blog\/wp-json\/wp\/v2\/tipoloxia?post=7454"}],"curies":[{"name":"wp","href":"https:\/\/api.w.org\/{rel}","templated":true}]}}