{"id":8050,"date":"2013-08-04T12:00:13","date_gmt":"2013-08-04T10:00:13","guid":{"rendered":"http:\/\/arquitecturadegalicia.eu\/blog\/?p=8050"},"modified":"2013-07-25T17:28:54","modified_gmt":"2013-07-25T15:28:54","slug":"vivienda-en-tebra","status":"publish","type":"post","link":"https:\/\/arquitecturadegalicia.eu\/blog\/vivienda-en-tebra\/","title":{"rendered":"Vivienda en Tebra"},"content":{"rendered":"<p><img fetchpriority=\"high\" decoding=\"async\" class=\"aligncenter size-full wp-image-8051\" alt=\"Vivienda en Tebra | Irisarri+Pi\u00f1era | Santos-D\u00edez\" src=\"http:\/\/arquitecturadegalicia.eu\/blog\/wp-content\/uploads\/2013\/07\/ip_tbr_001_60818.jpg\" width=\"620\" height=\"465\" srcset=\"https:\/\/arquitecturadegalicia.eu\/blog\/wp-content\/uploads\/2013\/07\/ip_tbr_001_60818.jpg 620w, https:\/\/arquitecturadegalicia.eu\/blog\/wp-content\/uploads\/2013\/07\/ip_tbr_001_60818-300x225.jpg 300w\" sizes=\"(max-width: 620px) 100vw, 620px\" \/><\/p>\n<p style=\"text-align: right;\"><a style=\"font-size: 0.75em; text-align: right;\" href=\"http:\/\/www.santos-diez.com\/\" target=\"_blank\"><span style=\"color: #c0c0c0;\">Santos-D\u00edez<\/span><\/a> | <a style=\"font-size: 0.75em; text-align: right;\" href=\"http:\/\/www.bisimages.com\/\" target=\"_blank\"><span style=\"color: #c0c0c0;\">BISimages<\/span><\/a><\/p>\n<table class=\"aligncenter\" width=\"620\" border=\"0\" cellspacing=\"0\" cellpadding=\"0\">\n<tbody>\n<tr>\n<td width=\"180\"><strong>Obra:<\/strong><\/td>\n<td>\u00a0Vivienda en Tebra<\/td>\n<\/tr>\n<tr>\n<td><strong>Arquitecto:<\/strong><\/td>\n<td>Irisarri + Pi\u00f1era<\/td>\n<\/tr>\n<tr>\n<td><strong>Provincia:<\/strong><\/td>\n<td>\u00a0Pontevedra<\/td>\n<\/tr>\n<tr>\n<td><strong>Localidade:<\/strong><\/td>\n<td>\u00a0Tebra, Tomi\u00f1o<\/td>\n<\/tr>\n<tr>\n<td><strong>Ano:<\/strong><\/td>\n<td>\u00a02013<\/td>\n<\/tr>\n<tr>\n<td><strong>Xeolocalizaci\u00f3n:<\/strong><\/td>\n<td>\u00a0<strong><a href=\"https:\/\/maps.google.com\/maps\/ms?ie=UTF8&amp;t=h&amp;vpsrc=6&amp;hl=es&amp;oe=UTF8&amp;dg=feature&amp;msa=0&amp;msid=205584753861089304839.0004b3590a9baff01c53d&amp;start=400&amp;num=200&amp;ll=42.03966,-8.724357&amp;spn=0.00557,0.011362&amp;z=17&amp;iwloc=0004e2418425b79d81bad\" target=\"_blank\">42.039,-8.724<\/a><\/strong><\/td>\n<\/tr>\n<\/tbody>\n<\/table>\n<table class=\" aligncenter\" width=\"620\" border=\"0\" cellspacing=\"0\" cellpadding=\"0\">\n<tbody>\n<tr>\n<td colspan=\"3\"><strong>Outros Datos:<\/strong><\/td>\n<\/tr>\n<tr>\n<td width=\"20\"><\/td>\n<td colspan=\"2\"><strong>Premios:<\/strong><\/td>\n<\/tr>\n<tr>\n<td width=\"20\"><\/td>\n<td width=\"20\"><\/td>\n<td width=\"580\">\u00a0<strong><a href=\"http:\/\/arquitecturadegalicia.eu\/blog\/?page_id=1698\" target=\"_blank\">XV Premios COAG<\/a><\/strong> | <em>Finalista<\/em>\u00a0| <em>Vivienda<\/em><\/td>\n<\/tr>\n<tr>\n<td width=\"20\"><\/td>\n<td colspan=\"2\"><strong>Publicaci\u00f3ns:<\/strong><\/td>\n<\/tr>\n<tr>\n<td width=\"20\"><\/td>\n<td width=\"20\"><\/td>\n<td><\/td>\n<\/tr>\n<tr>\n<td width=\"20\"><\/td>\n<td colspan=\"2\"><strong>Informaci\u00f3n na rede:<\/strong><\/td>\n<\/tr>\n<tr>\n<td width=\"20\"><\/td>\n<td width=\"20\"><\/td>\n<td><a href=\"http:\/\/www.coag.es\/premiosCOAG\/candidaturas\/portada.aspx\" target=\"_blank\"><strong>coag.es<\/strong><\/a><\/td>\n<\/tr>\n<tr>\n<td width=\"20\"><\/td>\n<td colspan=\"2\"><strong>Descripci\u00f3n do proxecto:<\/strong><\/td>\n<\/tr>\n<tr>\n<td width=\"20\"><\/td>\n<td width=\"20\"><\/td>\n<td>\u00ab<em><span style=\"line-height: 19px;\">Deambular, vivir, capturar momentos. Una serie de preexistencias, los restos p\u00e9treos de una antigua construcci\u00f3n agr\u00edcola tradicional, una mesa bajo la frondosa glicinea que ha acogido comidas y reuniones familiares durante muchos a\u00f1os\u00a0 y la piscina cercana, se convierten en origen y trama que desarrolla un espacio construido como lugar de vida.<br \/>\n<\/span><span style=\"line-height: 19px;\">Tambi\u00e9n un terreno en pendiente con peque\u00f1os bancales, un casta\u00f1o que creci\u00f3 al abrigo de la ruina y la experiencia de la vida en la parcela, el recorrido del sol en una zona del valle orientada al S-SW, el calor en los largos d\u00edas de verano, el deseo de luz para el invierno. Los peque\u00f1os momentos de cada d\u00eda.<br \/>\n<\/span><span style=\"line-height: 19px;\">Se trata de experimentar a trav\u00e9s de la generaci\u00f3n de un continuo de espacios intermedios de nueva construcci\u00f3n, que enlazan las\u00a0 ruinas, tres piezas agrupadas en l\u00ednea, y que\u00a0 juntan su diverso estado de conservaci\u00f3n y el car\u00e1cter que les da su posici\u00f3n-orientaci\u00f3n, para ofrecer al proyecto espacios complementarios a aquellos nuevos que este propone. Se explora as\u00ed\u00a0 la manera en que estos generan diversos sistemas de filtro de control, clim\u00e1tico, lum\u00ednico o de privacidad, como un sistema de articulaciones que conectan paisajes y momentos.<br \/>\n<\/span><span style=\"line-height: 19px;\">Las zonas m\u00e1s privadas se disponen con cierta independencia en los extremos y entre ellos se envuelve un espacio continuo que se adapta a la topograf\u00eda.<br \/>\n<\/span><span style=\"line-height: 19px;\">El car\u00e1cter previo de los espacios de la ruina , mas introvertidos,\u00a0 aportan al espacio dom\u00e9stico aquellos momentos m\u00e1s \u00edntimos y contrastados con el exterior en la zona reconstruida, as\u00ed como patios abiertos cuando los muros y el proceso de ruina los hab\u00edan generado.<br \/>\n<\/span><span style=\"line-height: 19px;\">Los restos de la edificaci\u00f3n existente se tratan como ruina consolidando los muros de mamposter\u00eda mediante un trasdosado de hormig\u00f3n que continua en losa evocando el volumen original, y enfatizando as\u00ed el car\u00e1cter cerrado de construcci\u00f3n antigua.<br \/>\n<\/span><span style=\"line-height: 19px;\">Una losa de hormig\u00f3n que emula la topograf\u00eda del terreno,\u00a0 climatiza y delimita el espacio\u00a0 continuo,\u00a0 con un cerramiento ligero de capas especializadas que act\u00faa como membrana activa, con composiciones diversas seg\u00fan su orientaci\u00f3n, y con gran capacidad de manipulaci\u00f3n y transformaci\u00f3n por parte de los usuarios.<br \/>\n<\/span><\/em><span style=\"line-height: 19px;\"><em>El decalaje tanto de las capas de cierre como de la losa con ellas, crea espacios ef\u00edmeros a voluntad de los habitantes<\/em>.\u00bb Irisarri + Pi\u00f1era<br \/>\n<\/span><\/td>\n<\/tr>\n<tr>\n<td width=\"20\"><\/td>\n<td colspan=\"2\"><b>Reportaxe fotogr\u00e1fica: <a href=\"http:\/\/santos-diez.com\/\" target=\"_blank\">Santos-D\u00edez<\/a> | <a href=\"http:\/\/bisimages.com\/\" target=\"_blank\">Bisimages<\/a><\/b><\/td>\n<\/tr>\n<tr>\n<td width=\"20\"><\/td>\n<td colspan=\"2\"><\/td>\n<\/tr>\n<tr>\n<td width=\"20\"><\/td>\n<td colspan=\"2\"><strong>Planos:<\/strong><\/td>\n<\/tr>\n<tr>\n<td width=\"20\"><\/td>\n<td colspan=\"2\"><\/td>\n<\/tr>\n<\/tbody>\n<\/table>\n","protected":false},"excerpt":{"rendered":"<p>Deambular, vivir, capturar momentos. Una serie de preexistencias, los restos p\u00e9treos de una antigua construcci\u00f3n agr\u00edcola tradicional, una mesa bajo la frondosa glicinea que ha acogido comidas y reuniones familiares durante muchos a\u00f1os  y la piscina cercana, se convierten en origen y trama que desarrolla un espacio construido como lugar de vida.<\/p>\n","protected":false},"author":7,"featured_media":8051,"comment_status":"open","ping_status":"open","sticky":false,"template":"","format":"standard","meta":{"jetpack_post_was_ever_published":false,"_jetpack_newsletter_access":"","_jetpack_dont_email_post_to_subs":false,"_jetpack_newsletter_tier_id":0,"_jetpack_memberships_contains_paywalled_content":false,"_jetpack_memberships_contains_paid_content":false,"footnotes":"","jetpack_publicize_message":"","jetpack_publicize_feature_enabled":true,"jetpack_social_post_already_shared":true,"jetpack_social_options":{"image_generator_settings":{"template":"highway","enabled":false},"version":2}},"categories":[537],"tags":[539,163,99,105,108],"ano":[],"arquitectos":[],"tipoloxia":[],"class_list":["post-8050","post","type-post","status-publish","format-standard","has-post-thumbnail","hentry","category-tomino","tag-539","tag-irisarri-pinera","tag-rehabilitacion","tag-unifamiliar","tag-vivenda","content-print"],"jetpack_publicize_connections":[],"yoast_head":"<!-- This site is optimized with the Yoast SEO plugin v24.1 - https:\/\/yoast.com\/wordpress\/plugins\/seo\/ -->\n<title>Vivienda en Tebra | AG<\/title>\n<meta name=\"robots\" content=\"index, follow, max-snippet:-1, max-image-preview:large, max-video-preview:-1\" \/>\n<link rel=\"canonical\" href=\"https:\/\/arquitecturadegalicia.eu\/blog\/vivienda-en-tebra\/\" \/>\n<meta property=\"og:locale\" content=\"es_ES\" \/>\n<meta property=\"og:type\" content=\"article\" \/>\n<meta property=\"og:title\" content=\"Vivienda en Tebra | AG\" \/>\n<meta property=\"og:description\" content=\"Deambular, vivir, capturar momentos. Una serie de preexistencias, los restos p\u00e9treos de una antigua construcci\u00f3n agr\u00edcola tradicional, una mesa bajo la frondosa glicinea que ha acogido comidas y reuniones familiares durante muchos a\u00f1os y la piscina cercana, se convierten en origen y trama que desarrolla un espacio construido como lugar de vida.\" \/>\n<meta property=\"og:url\" content=\"https:\/\/arquitecturadegalicia.eu\/blog\/vivienda-en-tebra\/\" \/>\n<meta property=\"og:site_name\" content=\"AG\" \/>\n<meta property=\"article:publisher\" content=\"https:\/\/www.facebook.com\/ArquitecturadeGalicia\/\" \/>\n<meta property=\"article:published_time\" content=\"2013-08-04T10:00:13+00:00\" \/>\n<meta property=\"article:modified_time\" content=\"2013-07-25T15:28:54+00:00\" \/>\n<meta property=\"og:image\" content=\"https:\/\/arquitecturadegalicia.eu\/blog\/wp-content\/uploads\/2013\/07\/ip_tbr_001_60818.jpg\" \/>\n\t<meta property=\"og:image:width\" content=\"620\" \/>\n\t<meta property=\"og:image:height\" content=\"465\" \/>\n\t<meta property=\"og:image:type\" content=\"image\/jpeg\" \/>\n<meta name=\"author\" content=\"Dario Vallina\" \/>\n<meta name=\"twitter:card\" content=\"summary_large_image\" \/>\n<meta name=\"twitter:creator\" content=\"@arquigaliciaeu\" \/>\n<meta name=\"twitter:site\" content=\"@arquigaliciaeu\" \/>\n<meta name=\"twitter:label1\" content=\"Escrito por\" \/>\n\t<meta name=\"twitter:data1\" content=\"Dario Vallina\" \/>\n\t<meta name=\"twitter:label2\" content=\"Tiempo de lectura\" \/>\n\t<meta name=\"twitter:data2\" content=\"2 minutos\" \/>\n<script type=\"application\/ld+json\" class=\"yoast-schema-graph\">{\"@context\":\"https:\/\/schema.org\",\"@graph\":[{\"@type\":\"Article\",\"@id\":\"https:\/\/arquitecturadegalicia.eu\/blog\/vivienda-en-tebra\/#article\",\"isPartOf\":{\"@id\":\"https:\/\/arquitecturadegalicia.eu\/blog\/vivienda-en-tebra\/\"},\"author\":{\"name\":\"Dario Vallina\",\"@id\":\"https:\/\/arquitecturadegalicia.eu\/blog\/#\/schema\/person\/abcb74b3399abffb9dabced36488ac35\"},\"headline\":\"Vivienda en Tebra\",\"datePublished\":\"2013-08-04T10:00:13+00:00\",\"dateModified\":\"2013-07-25T15:28:54+00:00\",\"mainEntityOfPage\":{\"@id\":\"https:\/\/arquitecturadegalicia.eu\/blog\/vivienda-en-tebra\/\"},\"wordCount\":464,\"commentCount\":0,\"publisher\":{\"@id\":\"https:\/\/arquitecturadegalicia.eu\/blog\/#organization\"},\"image\":{\"@id\":\"https:\/\/arquitecturadegalicia.eu\/blog\/vivienda-en-tebra\/#primaryimage\"},\"thumbnailUrl\":\"https:\/\/arquitecturadegalicia.eu\/blog\/wp-content\/uploads\/2013\/07\/ip_tbr_001_60818.jpg\",\"keywords\":[\"2013\",\"Irisarri + Pi\u00f1era\",\"rehabilitaci\u00f3n\",\"unifamiliar\",\"Vivenda\"],\"articleSection\":[\"Tomi\u00f1o\"],\"inLanguage\":\"es\",\"potentialAction\":[{\"@type\":\"CommentAction\",\"name\":\"Comment\",\"target\":[\"https:\/\/arquitecturadegalicia.eu\/blog\/vivienda-en-tebra\/#respond\"]}]},{\"@type\":\"WebPage\",\"@id\":\"https:\/\/arquitecturadegalicia.eu\/blog\/vivienda-en-tebra\/\",\"url\":\"https:\/\/arquitecturadegalicia.eu\/blog\/vivienda-en-tebra\/\",\"name\":\"Vivienda en Tebra | AG\",\"isPartOf\":{\"@id\":\"https:\/\/arquitecturadegalicia.eu\/blog\/#website\"},\"primaryImageOfPage\":{\"@id\":\"https:\/\/arquitecturadegalicia.eu\/blog\/vivienda-en-tebra\/#primaryimage\"},\"image\":{\"@id\":\"https:\/\/arquitecturadegalicia.eu\/blog\/vivienda-en-tebra\/#primaryimage\"},\"thumbnailUrl\":\"https:\/\/arquitecturadegalicia.eu\/blog\/wp-content\/uploads\/2013\/07\/ip_tbr_001_60818.jpg\",\"datePublished\":\"2013-08-04T10:00:13+00:00\",\"dateModified\":\"2013-07-25T15:28:54+00:00\",\"breadcrumb\":{\"@id\":\"https:\/\/arquitecturadegalicia.eu\/blog\/vivienda-en-tebra\/#breadcrumb\"},\"inLanguage\":\"es\",\"potentialAction\":[{\"@type\":\"ReadAction\",\"target\":[\"https:\/\/arquitecturadegalicia.eu\/blog\/vivienda-en-tebra\/\"]}]},{\"@type\":\"ImageObject\",\"inLanguage\":\"es\",\"@id\":\"https:\/\/arquitecturadegalicia.eu\/blog\/vivienda-en-tebra\/#primaryimage\",\"url\":\"https:\/\/arquitecturadegalicia.eu\/blog\/wp-content\/uploads\/2013\/07\/ip_tbr_001_60818.jpg\",\"contentUrl\":\"https:\/\/arquitecturadegalicia.eu\/blog\/wp-content\/uploads\/2013\/07\/ip_tbr_001_60818.jpg\",\"width\":620,\"height\":465,\"caption\":\"Vivienda en Tebra | Irisarri+Pi\u00f1era | Santos-D\u00edez\"},{\"@type\":\"BreadcrumbList\",\"@id\":\"https:\/\/arquitecturadegalicia.eu\/blog\/vivienda-en-tebra\/#breadcrumb\",\"itemListElement\":[{\"@type\":\"ListItem\",\"position\":1,\"name\":\"Portada\",\"item\":\"https:\/\/arquitecturadegalicia.eu\/blog\/\"},{\"@type\":\"ListItem\",\"position\":2,\"name\":\"Vivienda en Tebra\"}]},{\"@type\":\"WebSite\",\"@id\":\"https:\/\/arquitecturadegalicia.eu\/blog\/#website\",\"url\":\"https:\/\/arquitecturadegalicia.eu\/blog\/\",\"name\":\"AG\",\"description\":\"Arquitectura de Galicia\",\"publisher\":{\"@id\":\"https:\/\/arquitecturadegalicia.eu\/blog\/#organization\"},\"potentialAction\":[{\"@type\":\"SearchAction\",\"target\":{\"@type\":\"EntryPoint\",\"urlTemplate\":\"https:\/\/arquitecturadegalicia.eu\/blog\/?s={search_term_string}\"},\"query-input\":{\"@type\":\"PropertyValueSpecification\",\"valueRequired\":true,\"valueName\":\"search_term_string\"}}],\"inLanguage\":\"es\"},{\"@type\":\"Organization\",\"@id\":\"https:\/\/arquitecturadegalicia.eu\/blog\/#organization\",\"name\":\"Arquitectura de Galicia\",\"url\":\"https:\/\/arquitecturadegalicia.eu\/blog\/\",\"logo\":{\"@type\":\"ImageObject\",\"inLanguage\":\"es\",\"@id\":\"https:\/\/arquitecturadegalicia.eu\/blog\/#\/schema\/logo\/image\/\",\"url\":\"https:\/\/arquitecturadegalicia.eu\/blog\/wp-content\/uploads\/2017\/01\/arquitecturacurrents2.png\",\"contentUrl\":\"https:\/\/arquitecturadegalicia.eu\/blog\/wp-content\/uploads\/2017\/01\/arquitecturacurrents2.png\",\"width\":840,\"height\":640,\"caption\":\"Arquitectura de Galicia\"},\"image\":{\"@id\":\"https:\/\/arquitecturadegalicia.eu\/blog\/#\/schema\/logo\/image\/\"},\"sameAs\":[\"https:\/\/www.facebook.com\/ArquitecturadeGalicia\/\",\"https:\/\/x.com\/arquigaliciaeu\",\"https:\/\/www.instagram.com\/arquigaliciaeu\/\"]},{\"@type\":\"Person\",\"@id\":\"https:\/\/arquitecturadegalicia.eu\/blog\/#\/schema\/person\/abcb74b3399abffb9dabced36488ac35\",\"name\":\"Dario Vallina\",\"image\":{\"@type\":\"ImageObject\",\"inLanguage\":\"es\",\"@id\":\"https:\/\/arquitecturadegalicia.eu\/blog\/#\/schema\/person\/image\/\",\"url\":\"https:\/\/secure.gravatar.com\/avatar\/a79e713b96510b29d405cacc448bf2e0?s=96&d=mm&r=g\",\"contentUrl\":\"https:\/\/secure.gravatar.com\/avatar\/a79e713b96510b29d405cacc448bf2e0?s=96&d=mm&r=g\",\"caption\":\"Dario Vallina\"},\"description\":\"Xix\u00f3n | Coordinaci\u00f3n e edici\u00f3n de artigos | La simplicidad es la mayor sofisticaci\u00f3n. Un caballo pintado a rayas no es una cebra. La imaginaci\u00f3n es m\u00e1s importante que la sabidur\u00eda. Si no puedo dibujarlo, es que no lo entiendo.\",\"url\":\"https:\/\/arquitecturadegalicia.eu\/blog\/author\/dariovallina\/\"}]}<\/script>\n<!-- \/ Yoast SEO plugin. -->","yoast_head_json":{"title":"Vivienda en Tebra | AG","robots":{"index":"index","follow":"follow","max-snippet":"max-snippet:-1","max-image-preview":"max-image-preview:large","max-video-preview":"max-video-preview:-1"},"canonical":"https:\/\/arquitecturadegalicia.eu\/blog\/vivienda-en-tebra\/","og_locale":"es_ES","og_type":"article","og_title":"Vivienda en Tebra | AG","og_description":"Deambular, vivir, capturar momentos. Una serie de preexistencias, los restos p\u00e9treos de una antigua construcci\u00f3n agr\u00edcola tradicional, una mesa bajo la frondosa glicinea que ha acogido comidas y reuniones familiares durante muchos a\u00f1os y la piscina cercana, se convierten en origen y trama que desarrolla un espacio construido como lugar de vida.","og_url":"https:\/\/arquitecturadegalicia.eu\/blog\/vivienda-en-tebra\/","og_site_name":"AG","article_publisher":"https:\/\/www.facebook.com\/ArquitecturadeGalicia\/","article_published_time":"2013-08-04T10:00:13+00:00","article_modified_time":"2013-07-25T15:28:54+00:00","og_image":[{"width":620,"height":465,"url":"https:\/\/arquitecturadegalicia.eu\/blog\/wp-content\/uploads\/2013\/07\/ip_tbr_001_60818.jpg","type":"image\/jpeg"}],"author":"Dario Vallina","twitter_card":"summary_large_image","twitter_creator":"@arquigaliciaeu","twitter_site":"@arquigaliciaeu","twitter_misc":{"Escrito por":"Dario Vallina","Tiempo de lectura":"2 minutos"},"schema":{"@context":"https:\/\/schema.org","@graph":[{"@type":"Article","@id":"https:\/\/arquitecturadegalicia.eu\/blog\/vivienda-en-tebra\/#article","isPartOf":{"@id":"https:\/\/arquitecturadegalicia.eu\/blog\/vivienda-en-tebra\/"},"author":{"name":"Dario Vallina","@id":"https:\/\/arquitecturadegalicia.eu\/blog\/#\/schema\/person\/abcb74b3399abffb9dabced36488ac35"},"headline":"Vivienda en Tebra","datePublished":"2013-08-04T10:00:13+00:00","dateModified":"2013-07-25T15:28:54+00:00","mainEntityOfPage":{"@id":"https:\/\/arquitecturadegalicia.eu\/blog\/vivienda-en-tebra\/"},"wordCount":464,"commentCount":0,"publisher":{"@id":"https:\/\/arquitecturadegalicia.eu\/blog\/#organization"},"image":{"@id":"https:\/\/arquitecturadegalicia.eu\/blog\/vivienda-en-tebra\/#primaryimage"},"thumbnailUrl":"https:\/\/arquitecturadegalicia.eu\/blog\/wp-content\/uploads\/2013\/07\/ip_tbr_001_60818.jpg","keywords":["2013","Irisarri + Pi\u00f1era","rehabilitaci\u00f3n","unifamiliar","Vivenda"],"articleSection":["Tomi\u00f1o"],"inLanguage":"es","potentialAction":[{"@type":"CommentAction","name":"Comment","target":["https:\/\/arquitecturadegalicia.eu\/blog\/vivienda-en-tebra\/#respond"]}]},{"@type":"WebPage","@id":"https:\/\/arquitecturadegalicia.eu\/blog\/vivienda-en-tebra\/","url":"https:\/\/arquitecturadegalicia.eu\/blog\/vivienda-en-tebra\/","name":"Vivienda en Tebra | AG","isPartOf":{"@id":"https:\/\/arquitecturadegalicia.eu\/blog\/#website"},"primaryImageOfPage":{"@id":"https:\/\/arquitecturadegalicia.eu\/blog\/vivienda-en-tebra\/#primaryimage"},"image":{"@id":"https:\/\/arquitecturadegalicia.eu\/blog\/vivienda-en-tebra\/#primaryimage"},"thumbnailUrl":"https:\/\/arquitecturadegalicia.eu\/blog\/wp-content\/uploads\/2013\/07\/ip_tbr_001_60818.jpg","datePublished":"2013-08-04T10:00:13+00:00","dateModified":"2013-07-25T15:28:54+00:00","breadcrumb":{"@id":"https:\/\/arquitecturadegalicia.eu\/blog\/vivienda-en-tebra\/#breadcrumb"},"inLanguage":"es","potentialAction":[{"@type":"ReadAction","target":["https:\/\/arquitecturadegalicia.eu\/blog\/vivienda-en-tebra\/"]}]},{"@type":"ImageObject","inLanguage":"es","@id":"https:\/\/arquitecturadegalicia.eu\/blog\/vivienda-en-tebra\/#primaryimage","url":"https:\/\/arquitecturadegalicia.eu\/blog\/wp-content\/uploads\/2013\/07\/ip_tbr_001_60818.jpg","contentUrl":"https:\/\/arquitecturadegalicia.eu\/blog\/wp-content\/uploads\/2013\/07\/ip_tbr_001_60818.jpg","width":620,"height":465,"caption":"Vivienda en Tebra | Irisarri+Pi\u00f1era | Santos-D\u00edez"},{"@type":"BreadcrumbList","@id":"https:\/\/arquitecturadegalicia.eu\/blog\/vivienda-en-tebra\/#breadcrumb","itemListElement":[{"@type":"ListItem","position":1,"name":"Portada","item":"https:\/\/arquitecturadegalicia.eu\/blog\/"},{"@type":"ListItem","position":2,"name":"Vivienda en Tebra"}]},{"@type":"WebSite","@id":"https:\/\/arquitecturadegalicia.eu\/blog\/#website","url":"https:\/\/arquitecturadegalicia.eu\/blog\/","name":"AG","description":"Arquitectura de Galicia","publisher":{"@id":"https:\/\/arquitecturadegalicia.eu\/blog\/#organization"},"potentialAction":[{"@type":"SearchAction","target":{"@type":"EntryPoint","urlTemplate":"https:\/\/arquitecturadegalicia.eu\/blog\/?s={search_term_string}"},"query-input":{"@type":"PropertyValueSpecification","valueRequired":true,"valueName":"search_term_string"}}],"inLanguage":"es"},{"@type":"Organization","@id":"https:\/\/arquitecturadegalicia.eu\/blog\/#organization","name":"Arquitectura de Galicia","url":"https:\/\/arquitecturadegalicia.eu\/blog\/","logo":{"@type":"ImageObject","inLanguage":"es","@id":"https:\/\/arquitecturadegalicia.eu\/blog\/#\/schema\/logo\/image\/","url":"https:\/\/arquitecturadegalicia.eu\/blog\/wp-content\/uploads\/2017\/01\/arquitecturacurrents2.png","contentUrl":"https:\/\/arquitecturadegalicia.eu\/blog\/wp-content\/uploads\/2017\/01\/arquitecturacurrents2.png","width":840,"height":640,"caption":"Arquitectura de Galicia"},"image":{"@id":"https:\/\/arquitecturadegalicia.eu\/blog\/#\/schema\/logo\/image\/"},"sameAs":["https:\/\/www.facebook.com\/ArquitecturadeGalicia\/","https:\/\/x.com\/arquigaliciaeu","https:\/\/www.instagram.com\/arquigaliciaeu\/"]},{"@type":"Person","@id":"https:\/\/arquitecturadegalicia.eu\/blog\/#\/schema\/person\/abcb74b3399abffb9dabced36488ac35","name":"Dario Vallina","image":{"@type":"ImageObject","inLanguage":"es","@id":"https:\/\/arquitecturadegalicia.eu\/blog\/#\/schema\/person\/image\/","url":"https:\/\/secure.gravatar.com\/avatar\/a79e713b96510b29d405cacc448bf2e0?s=96&d=mm&r=g","contentUrl":"https:\/\/secure.gravatar.com\/avatar\/a79e713b96510b29d405cacc448bf2e0?s=96&d=mm&r=g","caption":"Dario Vallina"},"description":"Xix\u00f3n | Coordinaci\u00f3n e edici\u00f3n de artigos | La simplicidad es la mayor sofisticaci\u00f3n. Un caballo pintado a rayas no es una cebra. La imaginaci\u00f3n es m\u00e1s importante que la sabidur\u00eda. Si no puedo dibujarlo, es que no lo entiendo.","url":"https:\/\/arquitecturadegalicia.eu\/blog\/author\/dariovallina\/"}]}},"jetpack_featured_media_url":"https:\/\/arquitecturadegalicia.eu\/blog\/wp-content\/uploads\/2013\/07\/ip_tbr_001_60818.jpg","jetpack_shortlink":"https:\/\/wp.me\/p2NHs2-25Q","jetpack_sharing_enabled":true,"_links":{"self":[{"href":"https:\/\/arquitecturadegalicia.eu\/blog\/wp-json\/wp\/v2\/posts\/8050","targetHints":{"allow":["GET"]}}],"collection":[{"href":"https:\/\/arquitecturadegalicia.eu\/blog\/wp-json\/wp\/v2\/posts"}],"about":[{"href":"https:\/\/arquitecturadegalicia.eu\/blog\/wp-json\/wp\/v2\/types\/post"}],"author":[{"embeddable":true,"href":"https:\/\/arquitecturadegalicia.eu\/blog\/wp-json\/wp\/v2\/users\/7"}],"replies":[{"embeddable":true,"href":"https:\/\/arquitecturadegalicia.eu\/blog\/wp-json\/wp\/v2\/comments?post=8050"}],"version-history":[{"count":10,"href":"https:\/\/arquitecturadegalicia.eu\/blog\/wp-json\/wp\/v2\/posts\/8050\/revisions"}],"predecessor-version":[{"id":8054,"href":"https:\/\/arquitecturadegalicia.eu\/blog\/wp-json\/wp\/v2\/posts\/8050\/revisions\/8054"}],"wp:featuredmedia":[{"embeddable":true,"href":"https:\/\/arquitecturadegalicia.eu\/blog\/wp-json\/wp\/v2\/media\/8051"}],"wp:attachment":[{"href":"https:\/\/arquitecturadegalicia.eu\/blog\/wp-json\/wp\/v2\/media?parent=8050"}],"wp:term":[{"taxonomy":"category","embeddable":true,"href":"https:\/\/arquitecturadegalicia.eu\/blog\/wp-json\/wp\/v2\/categories?post=8050"},{"taxonomy":"post_tag","embeddable":true,"href":"https:\/\/arquitecturadegalicia.eu\/blog\/wp-json\/wp\/v2\/tags?post=8050"},{"taxonomy":"ano","embeddable":true,"href":"https:\/\/arquitecturadegalicia.eu\/blog\/wp-json\/wp\/v2\/ano?post=8050"},{"taxonomy":"arquitectos","embeddable":true,"href":"https:\/\/arquitecturadegalicia.eu\/blog\/wp-json\/wp\/v2\/arquitectos?post=8050"},{"taxonomy":"tipoloxia","embeddable":true,"href":"https:\/\/arquitecturadegalicia.eu\/blog\/wp-json\/wp\/v2\/tipoloxia?post=8050"}],"curies":[{"name":"wp","href":"https:\/\/api.w.org\/{rel}","templated":true}]}}