{"id":8397,"date":"2013-08-19T12:00:55","date_gmt":"2013-08-19T10:00:55","guid":{"rendered":"http:\/\/arquitecturadegalicia.eu\/blog\/?p=8397"},"modified":"2013-08-07T17:05:03","modified_gmt":"2013-08-07T15:05:03","slug":"ampliacion-e-rehabilitacion-do-pazo-do-castelo","status":"publish","type":"post","link":"https:\/\/arquitecturadegalicia.eu\/blog\/ampliacion-e-rehabilitacion-do-pazo-do-castelo\/","title":{"rendered":"Ampliaci\u00f3n e rehabilitaci\u00f3n do Pazo do Castelo"},"content":{"rendered":"<h6 style=\"text-align: right;\"><img fetchpriority=\"high\" decoding=\"async\" class=\"alignnone size-full wp-image-8400\" alt=\"vivenda_chain_arquetipos_gondomar\" src=\"http:\/\/arquitecturadegalicia.eu\/blog\/wp-content\/uploads\/2013\/08\/vivenda_chain_arquetipos_gondomar.jpg\" width=\"620\" height=\"305\" srcset=\"https:\/\/arquitecturadegalicia.eu\/blog\/wp-content\/uploads\/2013\/08\/vivenda_chain_arquetipos_gondomar.jpg 620w, https:\/\/arquitecturadegalicia.eu\/blog\/wp-content\/uploads\/2013\/08\/vivenda_chain_arquetipos_gondomar-300x147.jpg 300w\" sizes=\"(max-width: 620px) 100vw, 620px\" \/><br \/>\n<span style=\"color: #999999;\">Arqu\u00e9tipos!<\/span><\/h6>\n<table class=\"aligncenter\" width=\"620\" border=\"0\" cellspacing=\"0\" cellpadding=\"0\">\n<tbody>\n<tr>\n<td width=\"180\"><strong>Obra:<\/strong><\/td>\n<td>Ampliaci\u00f3n e rehabilitaci\u00f3n dunha vivienda en Cha\u00edn<\/td>\n<\/tr>\n<tr>\n<td><strong>Arquitecto:<\/strong><\/td>\n<td>Arqu\u00e9tipos! (Ram\u00f3n Vi\u00e9itez,\u00a0Alberto Cebral e Iria Rivas)<\/td>\n<\/tr>\n<tr>\n<td><strong>Provincia:<\/strong><\/td>\n<td>Pontevedra<\/td>\n<\/tr>\n<tr>\n<td><strong>Localidade:<\/strong><\/td>\n<td>Cha\u00edn, Gondomar<\/td>\n<\/tr>\n<tr>\n<td><strong>Ano:<\/strong><\/td>\n<td>2009<\/td>\n<\/tr>\n<tr>\n<td><strong>Xeolocalizaci\u00f3n:<\/strong><\/td>\n<td><a href=\"https:\/\/maps.google.es\/maps\/ms?ie=UTF8&amp;t=h&amp;source=embed&amp;hl=es&amp;oe=UTF8&amp;msa=0&amp;msid=205584753861089304839.0004b3590a9baff01c53d&amp;start=400&amp;num=200&amp;vpsrc=6&amp;ll=42.1201,-8.740608&amp;spn=0.001699,0.002411&amp;z=19&amp;iwloc=0004e35c8b98d34c42f2c\" target=\"_blank\"><strong>42.119,-8.740<\/strong><\/a><\/td>\n<\/tr>\n<\/tbody>\n<\/table>\n<table class=\" aligncenter\" width=\"620\" border=\"0\" cellspacing=\"0\" cellpadding=\"0\">\n<tbody>\n<tr>\n<td colspan=\"3\"><strong>Outros Datos:<\/strong><\/td>\n<\/tr>\n<tr>\n<td width=\"20\"><\/td>\n<td colspan=\"2\"><strong>Premios:<\/strong><\/td>\n<\/tr>\n<tr>\n<td width=\"20\"><\/td>\n<td width=\"20\"><\/td>\n<td width=\"580\">Seleccionado | Premios Xoana de Vega | 2010<\/td>\n<\/tr>\n<tr>\n<td width=\"20\"><\/td>\n<td colspan=\"2\"><strong>Publicaci\u00f3ns:<\/strong><\/td>\n<\/tr>\n<tr>\n<td width=\"20\"><\/td>\n<td width=\"20\"><\/td>\n<td><\/td>\n<\/tr>\n<tr>\n<td width=\"20\"><\/td>\n<td colspan=\"2\"><strong>Informaci\u00f3n na rede:<\/strong><\/td>\n<\/tr>\n<tr>\n<td width=\"20\"><\/td>\n<td width=\"20\"><\/td>\n<td><a href=\"http:\/\/www.quetipos.com\/portfolio\/ampliacion-y-rehabilitacion-de-vivienda-en-pintor-gondomar\/\" target=\"_blank\"><strong><strong>quetipos.com<\/strong><\/strong><\/a><a href=\"http:\/\/veredes.es\/blog\/rehabilitacion-y-ampliacion-del-pazo-%E2%80%9Co-castelo%E2%80%9D-ramon-vieitez-rodriguez\/\" target=\"_blank\"><strong><br \/>\nveredes.es<\/strong><\/a><\/td>\n<\/tr>\n<tr>\n<td width=\"20\"><\/td>\n<td style=\"text-align: justify;\" colspan=\"2\"><strong>Descripci\u00f3n do proxecto:<\/strong><\/td>\n<\/tr>\n<tr>\n<td width=\"20\"><\/td>\n<td width=\"20\"><\/td>\n<td style=\"text-align: justify;\">\u00abEl encargo consisti\u00f3 en la rehabilitaci\u00f3n y ampliaci\u00f3n, para su uso como vivienda, del antiguo Pazo \u201cO Castelo\u201d, un peque\u00f1o rect\u00e1ngulo de mamposter\u00eda de origen neocl\u00e1sico, con el lado largo dispuesto en el eje este-oeste y que se encontraba en ruinas.<br \/>\nLa volumetr\u00eda de la vivienda se sectoriza radicalmente, el antiguo Pazo se dedica a la zona de d\u00eda y se proyecta una ampliaci\u00f3n para la zona de noche.<br \/>\nLa ruina se \u201ctapa\u201d con un elemento ajeno y extra\u00f1o que se posa sobre ella y que quiere darle las condiciones de luminosidad y ventilaci\u00f3n adecuadas a los tiempos actuales. A trav\u00e9s del lucernario el sol calienta el muro norte de la ruina. El lucernario es tambi\u00e9n atalaya para disfrutar de las privilegiadas vistas sobre el valle.<br \/>\nLa ampliaci\u00f3n se disgrega por el lado oeste de la parcela, aportando intimidad al conjunto al limitar las vistas de los vecinos sobre el mismo. Escapando de geometr\u00edas rotundas se deshace en tres pabellones, cada uno con orientaci\u00f3n sur y con un pedazo de jard\u00edn delante.\u00bb<br \/>\nArqu\u00e9tipos!<\/td>\n<\/tr>\n<tr>\n<td width=\"20\"><\/td>\n<td colspan=\"2\"><b>Reportaxe fotogr\u00e1fica:<\/b><\/td>\n<\/tr>\n<tr>\n<td width=\"20\"><\/td>\n<td colspan=\"2\"><\/td>\n<\/tr>\n<tr>\n<td width=\"20\"><\/td>\n<td colspan=\"2\"><strong>Planos:<\/strong><\/td>\n<\/tr>\n<tr>\n<td width=\"20\"><\/td>\n<td colspan=\"2\"><\/td>\n<\/tr>\n<\/tbody>\n<\/table>\n","protected":false},"excerpt":{"rendered":"<p>&#8216;La ruina se \u201ctapa\u201d con un elemento ajeno y extra\u00f1o que se posa sobre ella y que quiere darle las condiciones de luminosidad y ventilaci\u00f3n adecuadas. La ampliaci\u00f3n se disgrega por el lado oeste de la parcela, aportando intimidad al conjunto al limitar las vistas de los vecinos sobre el mismo. Escapando de geometr\u00edas rotundas se deshace en tres pabellones&#8217;<br \/>\nArqu\u00e9tipos!<\/p>\n","protected":false},"author":8,"featured_media":8400,"comment_status":"open","ping_status":"open","sticky":false,"template":"","format":"standard","meta":{"jetpack_post_was_ever_published":false,"_jetpack_newsletter_access":"","_jetpack_dont_email_post_to_subs":false,"_jetpack_newsletter_tier_id":0,"_jetpack_memberships_contains_paywalled_content":false,"_jetpack_memberships_contains_paid_content":false,"footnotes":"","jetpack_publicize_message":"","jetpack_publicize_feature_enabled":true,"jetpack_social_post_already_shared":true,"jetpack_social_options":{"image_generator_settings":{"template":"highway","enabled":false},"version":2}},"categories":[290],"tags":[54,622,99,105,108],"ano":[],"arquitectos":[],"tipoloxia":[],"class_list":["post-8397","post","type-post","status-publish","format-standard","has-post-thumbnail","hentry","category-gondomar","tag-54","tag-arquetipos","tag-rehabilitacion","tag-unifamiliar","tag-vivenda","content-print"],"jetpack_publicize_connections":[],"yoast_head":"<!-- This site is optimized with the Yoast SEO plugin v24.1 - https:\/\/yoast.com\/wordpress\/plugins\/seo\/ -->\n<title>Ampliaci\u00f3n e rehabilitaci\u00f3n do Pazo do Castelo  | AG<\/title>\n<meta name=\"robots\" content=\"index, follow, max-snippet:-1, max-image-preview:large, max-video-preview:-1\" \/>\n<link rel=\"canonical\" href=\"https:\/\/arquitecturadegalicia.eu\/blog\/ampliacion-e-rehabilitacion-do-pazo-do-castelo\/\" \/>\n<meta property=\"og:locale\" content=\"es_ES\" \/>\n<meta property=\"og:type\" content=\"article\" \/>\n<meta property=\"og:title\" content=\"Ampliaci\u00f3n e rehabilitaci\u00f3n do Pazo do Castelo  | AG\" \/>\n<meta property=\"og:description\" content=\"&#039;La ruina se \u201ctapa\u201d con un elemento ajeno y extra\u00f1o que se posa sobre ella y que quiere darle las condiciones de luminosidad y ventilaci\u00f3n adecuadas. La ampliaci\u00f3n se disgrega por el lado oeste de la parcela, aportando intimidad al conjunto al limitar las vistas de los vecinos sobre el mismo. Escapando de geometr\u00edas rotundas se deshace en tres pabellones&#039;  Arqu\u00e9tipos!\" \/>\n<meta property=\"og:url\" content=\"https:\/\/arquitecturadegalicia.eu\/blog\/ampliacion-e-rehabilitacion-do-pazo-do-castelo\/\" \/>\n<meta property=\"og:site_name\" content=\"AG\" \/>\n<meta property=\"article:publisher\" content=\"https:\/\/www.facebook.com\/ArquitecturadeGalicia\/\" \/>\n<meta property=\"article:published_time\" content=\"2013-08-19T10:00:55+00:00\" \/>\n<meta property=\"article:modified_time\" content=\"2013-08-07T15:05:03+00:00\" \/>\n<meta property=\"og:image\" content=\"https:\/\/arquitecturadegalicia.eu\/blog\/wp-content\/uploads\/2013\/08\/vivenda_chain_arquetipos_gondomar.jpg\" \/>\n\t<meta property=\"og:image:width\" content=\"620\" \/>\n\t<meta property=\"og:image:height\" content=\"305\" \/>\n\t<meta property=\"og:image:type\" content=\"image\/jpeg\" \/>\n<meta name=\"author\" content=\"Iago Valverde\" \/>\n<meta name=\"twitter:card\" content=\"summary_large_image\" \/>\n<meta name=\"twitter:creator\" content=\"@arquigaliciaeu\" \/>\n<meta name=\"twitter:site\" content=\"@arquigaliciaeu\" \/>\n<meta name=\"twitter:label1\" content=\"Escrito por\" \/>\n\t<meta name=\"twitter:data1\" content=\"Iago Valverde\" \/>\n\t<meta name=\"twitter:label2\" content=\"Tiempo de lectura\" \/>\n\t<meta name=\"twitter:data2\" content=\"1 minuto\" \/>\n<script type=\"application\/ld+json\" class=\"yoast-schema-graph\">{\"@context\":\"https:\/\/schema.org\",\"@graph\":[{\"@type\":\"Article\",\"@id\":\"https:\/\/arquitecturadegalicia.eu\/blog\/ampliacion-e-rehabilitacion-do-pazo-do-castelo\/#article\",\"isPartOf\":{\"@id\":\"https:\/\/arquitecturadegalicia.eu\/blog\/ampliacion-e-rehabilitacion-do-pazo-do-castelo\/\"},\"author\":{\"name\":\"Iago Valverde\",\"@id\":\"https:\/\/arquitecturadegalicia.eu\/blog\/#\/schema\/person\/a51297ea3eeddd32ccbd89a218e148f1\"},\"headline\":\"Ampliaci\u00f3n e rehabilitaci\u00f3n do Pazo do Castelo\",\"datePublished\":\"2013-08-19T10:00:55+00:00\",\"dateModified\":\"2013-08-07T15:05:03+00:00\",\"mainEntityOfPage\":{\"@id\":\"https:\/\/arquitecturadegalicia.eu\/blog\/ampliacion-e-rehabilitacion-do-pazo-do-castelo\/\"},\"wordCount\":261,\"commentCount\":0,\"publisher\":{\"@id\":\"https:\/\/arquitecturadegalicia.eu\/blog\/#organization\"},\"image\":{\"@id\":\"https:\/\/arquitecturadegalicia.eu\/blog\/ampliacion-e-rehabilitacion-do-pazo-do-castelo\/#primaryimage\"},\"thumbnailUrl\":\"https:\/\/arquitecturadegalicia.eu\/blog\/wp-content\/uploads\/2013\/08\/vivenda_chain_arquetipos_gondomar.jpg\",\"keywords\":[\"2009\",\"Arqu\u00e9tipos!\",\"rehabilitaci\u00f3n\",\"unifamiliar\",\"Vivenda\"],\"articleSection\":[\"Gondomar\"],\"inLanguage\":\"es\",\"potentialAction\":[{\"@type\":\"CommentAction\",\"name\":\"Comment\",\"target\":[\"https:\/\/arquitecturadegalicia.eu\/blog\/ampliacion-e-rehabilitacion-do-pazo-do-castelo\/#respond\"]}]},{\"@type\":\"WebPage\",\"@id\":\"https:\/\/arquitecturadegalicia.eu\/blog\/ampliacion-e-rehabilitacion-do-pazo-do-castelo\/\",\"url\":\"https:\/\/arquitecturadegalicia.eu\/blog\/ampliacion-e-rehabilitacion-do-pazo-do-castelo\/\",\"name\":\"Ampliaci\u00f3n e rehabilitaci\u00f3n do Pazo do Castelo | AG\",\"isPartOf\":{\"@id\":\"https:\/\/arquitecturadegalicia.eu\/blog\/#website\"},\"primaryImageOfPage\":{\"@id\":\"https:\/\/arquitecturadegalicia.eu\/blog\/ampliacion-e-rehabilitacion-do-pazo-do-castelo\/#primaryimage\"},\"image\":{\"@id\":\"https:\/\/arquitecturadegalicia.eu\/blog\/ampliacion-e-rehabilitacion-do-pazo-do-castelo\/#primaryimage\"},\"thumbnailUrl\":\"https:\/\/arquitecturadegalicia.eu\/blog\/wp-content\/uploads\/2013\/08\/vivenda_chain_arquetipos_gondomar.jpg\",\"datePublished\":\"2013-08-19T10:00:55+00:00\",\"dateModified\":\"2013-08-07T15:05:03+00:00\",\"breadcrumb\":{\"@id\":\"https:\/\/arquitecturadegalicia.eu\/blog\/ampliacion-e-rehabilitacion-do-pazo-do-castelo\/#breadcrumb\"},\"inLanguage\":\"es\",\"potentialAction\":[{\"@type\":\"ReadAction\",\"target\":[\"https:\/\/arquitecturadegalicia.eu\/blog\/ampliacion-e-rehabilitacion-do-pazo-do-castelo\/\"]}]},{\"@type\":\"ImageObject\",\"inLanguage\":\"es\",\"@id\":\"https:\/\/arquitecturadegalicia.eu\/blog\/ampliacion-e-rehabilitacion-do-pazo-do-castelo\/#primaryimage\",\"url\":\"https:\/\/arquitecturadegalicia.eu\/blog\/wp-content\/uploads\/2013\/08\/vivenda_chain_arquetipos_gondomar.jpg\",\"contentUrl\":\"https:\/\/arquitecturadegalicia.eu\/blog\/wp-content\/uploads\/2013\/08\/vivenda_chain_arquetipos_gondomar.jpg\",\"width\":620,\"height\":305},{\"@type\":\"BreadcrumbList\",\"@id\":\"https:\/\/arquitecturadegalicia.eu\/blog\/ampliacion-e-rehabilitacion-do-pazo-do-castelo\/#breadcrumb\",\"itemListElement\":[{\"@type\":\"ListItem\",\"position\":1,\"name\":\"Portada\",\"item\":\"https:\/\/arquitecturadegalicia.eu\/blog\/\"},{\"@type\":\"ListItem\",\"position\":2,\"name\":\"Ampliaci\u00f3n e rehabilitaci\u00f3n do Pazo do Castelo\"}]},{\"@type\":\"WebSite\",\"@id\":\"https:\/\/arquitecturadegalicia.eu\/blog\/#website\",\"url\":\"https:\/\/arquitecturadegalicia.eu\/blog\/\",\"name\":\"AG\",\"description\":\"Arquitectura de Galicia\",\"publisher\":{\"@id\":\"https:\/\/arquitecturadegalicia.eu\/blog\/#organization\"},\"potentialAction\":[{\"@type\":\"SearchAction\",\"target\":{\"@type\":\"EntryPoint\",\"urlTemplate\":\"https:\/\/arquitecturadegalicia.eu\/blog\/?s={search_term_string}\"},\"query-input\":{\"@type\":\"PropertyValueSpecification\",\"valueRequired\":true,\"valueName\":\"search_term_string\"}}],\"inLanguage\":\"es\"},{\"@type\":\"Organization\",\"@id\":\"https:\/\/arquitecturadegalicia.eu\/blog\/#organization\",\"name\":\"Arquitectura de Galicia\",\"url\":\"https:\/\/arquitecturadegalicia.eu\/blog\/\",\"logo\":{\"@type\":\"ImageObject\",\"inLanguage\":\"es\",\"@id\":\"https:\/\/arquitecturadegalicia.eu\/blog\/#\/schema\/logo\/image\/\",\"url\":\"https:\/\/arquitecturadegalicia.eu\/blog\/wp-content\/uploads\/2017\/01\/arquitecturacurrents2.png\",\"contentUrl\":\"https:\/\/arquitecturadegalicia.eu\/blog\/wp-content\/uploads\/2017\/01\/arquitecturacurrents2.png\",\"width\":840,\"height\":640,\"caption\":\"Arquitectura de Galicia\"},\"image\":{\"@id\":\"https:\/\/arquitecturadegalicia.eu\/blog\/#\/schema\/logo\/image\/\"},\"sameAs\":[\"https:\/\/www.facebook.com\/ArquitecturadeGalicia\/\",\"https:\/\/x.com\/arquigaliciaeu\",\"https:\/\/www.instagram.com\/arquigaliciaeu\/\"]},{\"@type\":\"Person\",\"@id\":\"https:\/\/arquitecturadegalicia.eu\/blog\/#\/schema\/person\/a51297ea3eeddd32ccbd89a218e148f1\",\"name\":\"Iago Valverde\",\"image\":{\"@type\":\"ImageObject\",\"inLanguage\":\"es\",\"@id\":\"https:\/\/arquitecturadegalicia.eu\/blog\/#\/schema\/person\/image\/\",\"url\":\"https:\/\/secure.gravatar.com\/avatar\/eb8a9f2f10ff79db5c78989d92f1e8b2?s=96&d=mm&r=g\",\"contentUrl\":\"https:\/\/secure.gravatar.com\/avatar\/eb8a9f2f10ff79db5c78989d92f1e8b2?s=96&d=mm&r=g\",\"caption\":\"Iago Valverde\"},\"description\":\"Nigr\u00e1n | Edici\u00f3n de artigos e xeolocalizaci\u00f3n | Arquitecto en formaci\u00f3n na ETSAC e cursando PFC. Interesado en urbanismo, arquitectura, pol\u00edtica, e todo aquilo que \u00e9 complexo e vital\",\"url\":\"https:\/\/arquitecturadegalicia.eu\/blog\/author\/iago-valverde\/\"}]}<\/script>\n<!-- \/ Yoast SEO plugin. -->","yoast_head_json":{"title":"Ampliaci\u00f3n e rehabilitaci\u00f3n do Pazo do Castelo  | AG","robots":{"index":"index","follow":"follow","max-snippet":"max-snippet:-1","max-image-preview":"max-image-preview:large","max-video-preview":"max-video-preview:-1"},"canonical":"https:\/\/arquitecturadegalicia.eu\/blog\/ampliacion-e-rehabilitacion-do-pazo-do-castelo\/","og_locale":"es_ES","og_type":"article","og_title":"Ampliaci\u00f3n e rehabilitaci\u00f3n do Pazo do Castelo  | AG","og_description":"'La ruina se \u201ctapa\u201d con un elemento ajeno y extra\u00f1o que se posa sobre ella y que quiere darle las condiciones de luminosidad y ventilaci\u00f3n adecuadas. La ampliaci\u00f3n se disgrega por el lado oeste de la parcela, aportando intimidad al conjunto al limitar las vistas de los vecinos sobre el mismo. Escapando de geometr\u00edas rotundas se deshace en tres pabellones'  Arqu\u00e9tipos!","og_url":"https:\/\/arquitecturadegalicia.eu\/blog\/ampliacion-e-rehabilitacion-do-pazo-do-castelo\/","og_site_name":"AG","article_publisher":"https:\/\/www.facebook.com\/ArquitecturadeGalicia\/","article_published_time":"2013-08-19T10:00:55+00:00","article_modified_time":"2013-08-07T15:05:03+00:00","og_image":[{"width":620,"height":305,"url":"https:\/\/arquitecturadegalicia.eu\/blog\/wp-content\/uploads\/2013\/08\/vivenda_chain_arquetipos_gondomar.jpg","type":"image\/jpeg"}],"author":"Iago Valverde","twitter_card":"summary_large_image","twitter_creator":"@arquigaliciaeu","twitter_site":"@arquigaliciaeu","twitter_misc":{"Escrito por":"Iago Valverde","Tiempo de lectura":"1 minuto"},"schema":{"@context":"https:\/\/schema.org","@graph":[{"@type":"Article","@id":"https:\/\/arquitecturadegalicia.eu\/blog\/ampliacion-e-rehabilitacion-do-pazo-do-castelo\/#article","isPartOf":{"@id":"https:\/\/arquitecturadegalicia.eu\/blog\/ampliacion-e-rehabilitacion-do-pazo-do-castelo\/"},"author":{"name":"Iago Valverde","@id":"https:\/\/arquitecturadegalicia.eu\/blog\/#\/schema\/person\/a51297ea3eeddd32ccbd89a218e148f1"},"headline":"Ampliaci\u00f3n e rehabilitaci\u00f3n do Pazo do Castelo","datePublished":"2013-08-19T10:00:55+00:00","dateModified":"2013-08-07T15:05:03+00:00","mainEntityOfPage":{"@id":"https:\/\/arquitecturadegalicia.eu\/blog\/ampliacion-e-rehabilitacion-do-pazo-do-castelo\/"},"wordCount":261,"commentCount":0,"publisher":{"@id":"https:\/\/arquitecturadegalicia.eu\/blog\/#organization"},"image":{"@id":"https:\/\/arquitecturadegalicia.eu\/blog\/ampliacion-e-rehabilitacion-do-pazo-do-castelo\/#primaryimage"},"thumbnailUrl":"https:\/\/arquitecturadegalicia.eu\/blog\/wp-content\/uploads\/2013\/08\/vivenda_chain_arquetipos_gondomar.jpg","keywords":["2009","Arqu\u00e9tipos!","rehabilitaci\u00f3n","unifamiliar","Vivenda"],"articleSection":["Gondomar"],"inLanguage":"es","potentialAction":[{"@type":"CommentAction","name":"Comment","target":["https:\/\/arquitecturadegalicia.eu\/blog\/ampliacion-e-rehabilitacion-do-pazo-do-castelo\/#respond"]}]},{"@type":"WebPage","@id":"https:\/\/arquitecturadegalicia.eu\/blog\/ampliacion-e-rehabilitacion-do-pazo-do-castelo\/","url":"https:\/\/arquitecturadegalicia.eu\/blog\/ampliacion-e-rehabilitacion-do-pazo-do-castelo\/","name":"Ampliaci\u00f3n e rehabilitaci\u00f3n do Pazo do Castelo | AG","isPartOf":{"@id":"https:\/\/arquitecturadegalicia.eu\/blog\/#website"},"primaryImageOfPage":{"@id":"https:\/\/arquitecturadegalicia.eu\/blog\/ampliacion-e-rehabilitacion-do-pazo-do-castelo\/#primaryimage"},"image":{"@id":"https:\/\/arquitecturadegalicia.eu\/blog\/ampliacion-e-rehabilitacion-do-pazo-do-castelo\/#primaryimage"},"thumbnailUrl":"https:\/\/arquitecturadegalicia.eu\/blog\/wp-content\/uploads\/2013\/08\/vivenda_chain_arquetipos_gondomar.jpg","datePublished":"2013-08-19T10:00:55+00:00","dateModified":"2013-08-07T15:05:03+00:00","breadcrumb":{"@id":"https:\/\/arquitecturadegalicia.eu\/blog\/ampliacion-e-rehabilitacion-do-pazo-do-castelo\/#breadcrumb"},"inLanguage":"es","potentialAction":[{"@type":"ReadAction","target":["https:\/\/arquitecturadegalicia.eu\/blog\/ampliacion-e-rehabilitacion-do-pazo-do-castelo\/"]}]},{"@type":"ImageObject","inLanguage":"es","@id":"https:\/\/arquitecturadegalicia.eu\/blog\/ampliacion-e-rehabilitacion-do-pazo-do-castelo\/#primaryimage","url":"https:\/\/arquitecturadegalicia.eu\/blog\/wp-content\/uploads\/2013\/08\/vivenda_chain_arquetipos_gondomar.jpg","contentUrl":"https:\/\/arquitecturadegalicia.eu\/blog\/wp-content\/uploads\/2013\/08\/vivenda_chain_arquetipos_gondomar.jpg","width":620,"height":305},{"@type":"BreadcrumbList","@id":"https:\/\/arquitecturadegalicia.eu\/blog\/ampliacion-e-rehabilitacion-do-pazo-do-castelo\/#breadcrumb","itemListElement":[{"@type":"ListItem","position":1,"name":"Portada","item":"https:\/\/arquitecturadegalicia.eu\/blog\/"},{"@type":"ListItem","position":2,"name":"Ampliaci\u00f3n e rehabilitaci\u00f3n do Pazo do Castelo"}]},{"@type":"WebSite","@id":"https:\/\/arquitecturadegalicia.eu\/blog\/#website","url":"https:\/\/arquitecturadegalicia.eu\/blog\/","name":"AG","description":"Arquitectura de Galicia","publisher":{"@id":"https:\/\/arquitecturadegalicia.eu\/blog\/#organization"},"potentialAction":[{"@type":"SearchAction","target":{"@type":"EntryPoint","urlTemplate":"https:\/\/arquitecturadegalicia.eu\/blog\/?s={search_term_string}"},"query-input":{"@type":"PropertyValueSpecification","valueRequired":true,"valueName":"search_term_string"}}],"inLanguage":"es"},{"@type":"Organization","@id":"https:\/\/arquitecturadegalicia.eu\/blog\/#organization","name":"Arquitectura de Galicia","url":"https:\/\/arquitecturadegalicia.eu\/blog\/","logo":{"@type":"ImageObject","inLanguage":"es","@id":"https:\/\/arquitecturadegalicia.eu\/blog\/#\/schema\/logo\/image\/","url":"https:\/\/arquitecturadegalicia.eu\/blog\/wp-content\/uploads\/2017\/01\/arquitecturacurrents2.png","contentUrl":"https:\/\/arquitecturadegalicia.eu\/blog\/wp-content\/uploads\/2017\/01\/arquitecturacurrents2.png","width":840,"height":640,"caption":"Arquitectura de Galicia"},"image":{"@id":"https:\/\/arquitecturadegalicia.eu\/blog\/#\/schema\/logo\/image\/"},"sameAs":["https:\/\/www.facebook.com\/ArquitecturadeGalicia\/","https:\/\/x.com\/arquigaliciaeu","https:\/\/www.instagram.com\/arquigaliciaeu\/"]},{"@type":"Person","@id":"https:\/\/arquitecturadegalicia.eu\/blog\/#\/schema\/person\/a51297ea3eeddd32ccbd89a218e148f1","name":"Iago Valverde","image":{"@type":"ImageObject","inLanguage":"es","@id":"https:\/\/arquitecturadegalicia.eu\/blog\/#\/schema\/person\/image\/","url":"https:\/\/secure.gravatar.com\/avatar\/eb8a9f2f10ff79db5c78989d92f1e8b2?s=96&d=mm&r=g","contentUrl":"https:\/\/secure.gravatar.com\/avatar\/eb8a9f2f10ff79db5c78989d92f1e8b2?s=96&d=mm&r=g","caption":"Iago Valverde"},"description":"Nigr\u00e1n | Edici\u00f3n de artigos e xeolocalizaci\u00f3n | Arquitecto en formaci\u00f3n na ETSAC e cursando PFC. Interesado en urbanismo, arquitectura, pol\u00edtica, e todo aquilo que \u00e9 complexo e vital","url":"https:\/\/arquitecturadegalicia.eu\/blog\/author\/iago-valverde\/"}]}},"jetpack_featured_media_url":"https:\/\/arquitecturadegalicia.eu\/blog\/wp-content\/uploads\/2013\/08\/vivenda_chain_arquetipos_gondomar.jpg","jetpack_shortlink":"https:\/\/wp.me\/p2NHs2-2br","jetpack_sharing_enabled":true,"_links":{"self":[{"href":"https:\/\/arquitecturadegalicia.eu\/blog\/wp-json\/wp\/v2\/posts\/8397","targetHints":{"allow":["GET"]}}],"collection":[{"href":"https:\/\/arquitecturadegalicia.eu\/blog\/wp-json\/wp\/v2\/posts"}],"about":[{"href":"https:\/\/arquitecturadegalicia.eu\/blog\/wp-json\/wp\/v2\/types\/post"}],"author":[{"embeddable":true,"href":"https:\/\/arquitecturadegalicia.eu\/blog\/wp-json\/wp\/v2\/users\/8"}],"replies":[{"embeddable":true,"href":"https:\/\/arquitecturadegalicia.eu\/blog\/wp-json\/wp\/v2\/comments?post=8397"}],"version-history":[{"count":9,"href":"https:\/\/arquitecturadegalicia.eu\/blog\/wp-json\/wp\/v2\/posts\/8397\/revisions"}],"predecessor-version":[{"id":8406,"href":"https:\/\/arquitecturadegalicia.eu\/blog\/wp-json\/wp\/v2\/posts\/8397\/revisions\/8406"}],"wp:featuredmedia":[{"embeddable":true,"href":"https:\/\/arquitecturadegalicia.eu\/blog\/wp-json\/wp\/v2\/media\/8400"}],"wp:attachment":[{"href":"https:\/\/arquitecturadegalicia.eu\/blog\/wp-json\/wp\/v2\/media?parent=8397"}],"wp:term":[{"taxonomy":"category","embeddable":true,"href":"https:\/\/arquitecturadegalicia.eu\/blog\/wp-json\/wp\/v2\/categories?post=8397"},{"taxonomy":"post_tag","embeddable":true,"href":"https:\/\/arquitecturadegalicia.eu\/blog\/wp-json\/wp\/v2\/tags?post=8397"},{"taxonomy":"ano","embeddable":true,"href":"https:\/\/arquitecturadegalicia.eu\/blog\/wp-json\/wp\/v2\/ano?post=8397"},{"taxonomy":"arquitectos","embeddable":true,"href":"https:\/\/arquitecturadegalicia.eu\/blog\/wp-json\/wp\/v2\/arquitectos?post=8397"},{"taxonomy":"tipoloxia","embeddable":true,"href":"https:\/\/arquitecturadegalicia.eu\/blog\/wp-json\/wp\/v2\/tipoloxia?post=8397"}],"curies":[{"name":"wp","href":"https:\/\/api.w.org\/{rel}","templated":true}]}}