{"id":8457,"date":"2016-12-01T20:00:24","date_gmt":"2016-12-01T19:00:24","guid":{"rendered":"http:\/\/arquitecturadegalicia.eu\/blog\/?p=8457"},"modified":"2025-01-06T10:18:12","modified_gmt":"2025-01-06T09:18:12","slug":"casa-sobre-o-mino","status":"publish","type":"post","link":"https:\/\/arquitecturadegalicia.eu\/blog\/casa-sobre-o-mino\/","title":{"rendered":"Casa sobre o Mi\u00f1o"},"content":{"rendered":"<p><img fetchpriority=\"high\" decoding=\"async\" class=\"aligncenter size-full wp-image-14644\" src=\"http:\/\/arquitecturadegalicia.eu\/blog\/wp-content\/uploads\/2013\/08\/Principal-1.jpg\" alt=\"Casa sobre o Mi\u00f1o Quico Jorreto\" width=\"620\" height=\"403\" \/><\/p>\n<p style=\"text-align: right;\"><strong><a style=\"font-size: 0.75em; text-align: right;\" href=\"http:\/\/eugeni-pons.com\/\" target=\"_blank\" rel=\"noopener\"><span style=\"color: #c0c0c0;\">Eugeni Pons<\/span><\/a><\/strong><\/p>\n<table class=\"aligncenter\" border=\"0\" width=\"620\" cellspacing=\"0\" cellpadding=\"0\">\n<tbody>\n<tr>\n<td width=\"180\"><strong>Obra:<\/strong><\/td>\n<td>Casa sobre o Mi\u00f1o<\/td>\n<\/tr>\n<tr>\n<td><strong>Arquitecto:<\/strong><\/td>\n<td>Quico Jorreto<\/td>\n<\/tr>\n<tr>\n<td><strong>Provincia:<\/strong><\/td>\n<td>Ourense<\/td>\n<\/tr>\n<tr>\n<td><strong>Localidade:<\/strong><\/td>\n<td>Ourense<\/td>\n<\/tr>\n<tr>\n<td><strong>Ano:<\/strong><\/td>\n<td>2012<\/td>\n<\/tr>\n<tr>\n<td><strong>Xeolocalizaci\u00f3n:<\/strong><\/td>\n<td><strong><a href=\"https:\/\/fusiontables.google.com\/embedviz?q=select+col6+from+1SDgapi_D5DlY376iYYP9rfBhe0o6WliHne9w0EmJ&amp;viz=MAP&amp;h=false&amp;lat=42.339201557713&amp;lng=-7.973694771588955&amp;t=3&amp;z=20&amp;l=col6&amp;y=2&amp;tmplt=2&amp;hml=KML\" target=\"_blank\" rel=\"noopener\">42.339,-7.974<\/a><\/strong><\/td>\n<\/tr>\n<\/tbody>\n<\/table>\n<table class=\" aligncenter\" border=\"0\" width=\"620\" cellspacing=\"0\" cellpadding=\"0\">\n<tbody>\n<tr>\n<td colspan=\"3\"><strong>Outros Datos:<\/strong><\/td>\n<\/tr>\n<tr>\n<td width=\"20\"><\/td>\n<td colspan=\"2\"><strong>Premios:<\/strong><\/td>\n<\/tr>\n<tr>\n<td width=\"20\"><\/td>\n<td width=\"20\"><\/td>\n<td width=\"580\">Ga\u00f1ador | Gran de Area | 2016Ga\u00f1ador | Premio COAG | 2015<\/p>\n<p>Acc\u00e9sit | X Premio Juana de Vega | 2013<\/td>\n<\/tr>\n<tr>\n<td width=\"20\"><\/td>\n<td colspan=\"2\"><strong>Publicaci\u00f3ns:<\/strong><\/td>\n<\/tr>\n<tr>\n<td width=\"20\"><\/td>\n<td width=\"20\"><\/td>\n<td>\u00a0Arquitectura y Dise\u00f1o, n\u00ba 136 de marzo de 2012. RBA Revistas<\/td>\n<\/tr>\n<tr>\n<td width=\"20\"><\/td>\n<td colspan=\"2\"><strong>Informaci\u00f3n na rede:<\/strong><\/td>\n<\/tr>\n<tr>\n<td width=\"20\"><\/td>\n<td width=\"20\"><\/td>\n<td><a href=\"http:\/\/quicojorreto.com\/es\/\" target=\"_blank\" rel=\"noopener\"><strong>P\u00e1xina de Quico Jorreto<\/strong><\/a><strong><a href=\"http:\/\/www.decorarhogar.es\/casa-sobre-el-mino-una-casa-contemporanea-en-galicia\/\" target=\"_blank\" rel=\"noopener\">decorhogar.es<\/a><\/strong><\/p>\n<p><strong><a href=\"http:\/\/www.metalocus.es\/es\/noticias\/vivienda-sobre-el-rio-mino-por-quico-jorreto\" target=\"_blank\" rel=\"noopener\">metalocus.es<\/a><\/strong><\/td>\n<\/tr>\n<tr>\n<td width=\"20\"><\/td>\n<td colspan=\"2\"><strong>Descripci\u00f3n do proxecto:<\/strong><\/td>\n<\/tr>\n<tr>\n<td width=\"20\"><\/td>\n<td width=\"20\"><\/td>\n<td>\u00abA parcela ten unha gran pendente orientada ao sur que ademais coincide coas fant\u00e1sticas vistas sobre o Mi\u00f1o, o acceso pola parte superior xera un espazo de transici\u00f3n formado por tres pezas: un soportal cuberto que serve como garaxe ou espazo polivalente; nun extremo, semienterrada, a segunda peza destinada aos servizos e en terceiro lugar, unha sala miradoiro totalmente acristalada que da acceso \u00e1 casa en si, que se sit\u00faa semienterrada.A cuberta \u00e9 unha l\u00e1mina de auga, rodea este mirador, potenciando m\u00e1is a s\u00faa parte po\u00e9tica de relaci\u00f3n coa natureza.A casa, para unha mellor integraci\u00f3n na paisaxe ent\u00e9rrase pola s\u00faa parte norte, xerando un patio corrido que da luz e ventilaci\u00f3n a toda a casa e se abre ao r\u00edo e ao sol pola cara sur, a posici\u00f3n retranqueada do oco sur protexe do sol vertical do ver\u00e1n e permite o quecemento do sol m\u00e1is baixo do inverno, ademais deste xeito a casa prot\u00e9xese visualmente dos veci\u00f1os. O sal\u00f3n-comedor-coci\u00f1a \u00e9 os espazo principal da casa con dobre orientaci\u00f3n, sur (vistas e sol) e norte (patio, luz cenital). Dous n\u00facleos de aseos separan este espazo de d\u00eda das zonas m\u00e1is privadas, nos extremos da casa. Os dous dormitorios dan ao patio, xerando unha sensaci\u00f3n de protecci\u00f3n e tranquilidade. Aproveitando o sol do po\u00f1ente e nacente, ao oeste sit\u00faase unha sala de xogos e ao este, con acceso independente, un pequeno despacho.<\/p>\n<p>O formig\u00f3n \u00e9 o protagonista, a s\u00faa rotundidade e expresividade esf\u00famase co encontro coa topograf\u00eda e a natureza.\u00bb<\/p>\n<p>Quico Jorreto<\/td>\n<\/tr>\n<tr>\n<td width=\"20\"><\/td>\n<td colspan=\"2\"><b>Reportaxe fotogr\u00e1fica:\u00a0<a href=\"http:\/\/eugeni-pons.com\/\" target=\"_blank\" rel=\"noopener\"><strong>Eugeni Pons<\/strong><\/a> <\/b>(1 a 4) |<b> <strong><a href=\"http:\/\/quicojorreto.com\/es\/\" target=\"_blank\" rel=\"noopener\">Quico Jorreto<\/a><\/strong><\/b> (5)<\/td>\n<\/tr>\n<tr>\n<td width=\"20\"><\/td>\n<td colspan=\"2\"><strong>Planos:\u00a0<a href=\"http:\/\/quicojorreto.com\/es\/\" target=\"_blank\" rel=\"noopener\">Quico Jorreto<\/a><\/strong><\/td>\n<\/tr>\n<\/tbody>\n<\/table>\n\n <\/p>\n","protected":false},"excerpt":{"rendered":"<p>Unha cova, un ollo mirando o r\u00edo, buscando o sol e un patio enterrado dando luz, ventilaci\u00f3n e protecci\u00f3n.<\/p>\n","protected":false},"author":7,"featured_media":14644,"comment_status":"open","ping_status":"open","sticky":false,"template":"","format":"standard","meta":{"jetpack_post_was_ever_published":false,"_jetpack_newsletter_access":"","_jetpack_dont_email_post_to_subs":true,"_jetpack_newsletter_tier_id":0,"_jetpack_memberships_contains_paywalled_content":false,"_jetpack_memberships_contains_paid_content":false,"footnotes":"","jetpack_publicize_message":"","jetpack_publicize_feature_enabled":true,"jetpack_social_post_already_shared":true,"jetpack_social_options":{"image_generator_settings":{"template":"highway","enabled":false},"version":2}},"categories":[14],"tags":[57,611,105,108],"ano":[848],"arquitectos":[849],"tipoloxia":[850],"class_list":["post-8457","post","type-post","status-publish","format-standard","has-post-thumbnail","hentry","category-ourense-ourense","tag-57","tag-quico-jorreto","tag-unifamiliar","tag-vivenda","ano-848","arquitectos-quico-jorreto","tipoloxia-vivenda-de-nova-planta","content-print"],"jetpack_publicize_connections":[],"yoast_head":"<!-- This site is optimized with the Yoast SEO plugin v24.1 - https:\/\/yoast.com\/wordpress\/plugins\/seo\/ -->\n<title>Casa sobre o Mi\u00f1o | AG<\/title>\n<meta name=\"description\" content=\"Unha cova, un ollo mirando o r\u00edo, buscando o sol e un patio enterrado dando luz, ventilaci\u00f3n e protecci\u00f3n.\" \/>\n<meta name=\"robots\" content=\"index, follow, max-snippet:-1, max-image-preview:large, max-video-preview:-1\" \/>\n<link rel=\"canonical\" href=\"https:\/\/arquitecturadegalicia.eu\/blog\/casa-sobre-o-mino\/\" \/>\n<meta property=\"og:locale\" content=\"es_ES\" \/>\n<meta property=\"og:type\" content=\"article\" \/>\n<meta property=\"og:title\" content=\"Casa sobre o Mi\u00f1o | AG\" \/>\n<meta property=\"og:description\" content=\"Unha cova, un ollo mirando o r\u00edo, buscando o sol e un patio enterrado dando luz, ventilaci\u00f3n e protecci\u00f3n.\" \/>\n<meta property=\"og:url\" content=\"https:\/\/arquitecturadegalicia.eu\/blog\/casa-sobre-o-mino\/\" \/>\n<meta property=\"og:site_name\" content=\"AG\" \/>\n<meta property=\"article:publisher\" content=\"https:\/\/www.facebook.com\/ArquitecturadeGalicia\/\" \/>\n<meta property=\"article:published_time\" content=\"2016-12-01T19:00:24+00:00\" \/>\n<meta property=\"article:modified_time\" content=\"2025-01-06T09:18:12+00:00\" \/>\n<meta property=\"og:image\" content=\"https:\/\/arquitecturadegalicia.eu\/blog\/wp-content\/uploads\/2013\/08\/Principal-1.jpg\" \/>\n\t<meta property=\"og:image:width\" content=\"620\" \/>\n\t<meta property=\"og:image:height\" content=\"403\" \/>\n\t<meta property=\"og:image:type\" content=\"image\/jpeg\" \/>\n<meta name=\"author\" content=\"Dario Vallina\" \/>\n<meta name=\"twitter:card\" content=\"summary_large_image\" \/>\n<meta name=\"twitter:creator\" content=\"@arquigaliciaeu\" \/>\n<meta name=\"twitter:site\" content=\"@arquigaliciaeu\" \/>\n<meta name=\"twitter:label1\" content=\"Escrito por\" \/>\n\t<meta name=\"twitter:data1\" content=\"Dario Vallina\" \/>\n\t<meta name=\"twitter:label2\" content=\"Tiempo de lectura\" \/>\n\t<meta name=\"twitter:data2\" content=\"2 minutos\" \/>\n<script type=\"application\/ld+json\" class=\"yoast-schema-graph\">{\"@context\":\"https:\/\/schema.org\",\"@graph\":[{\"@type\":\"Article\",\"@id\":\"https:\/\/arquitecturadegalicia.eu\/blog\/casa-sobre-o-mino\/#article\",\"isPartOf\":{\"@id\":\"https:\/\/arquitecturadegalicia.eu\/blog\/casa-sobre-o-mino\/\"},\"author\":{\"name\":\"Dario Vallina\",\"@id\":\"http:\/\/arquitecturadegalicia.eu\/blog\/#\/schema\/person\/abcb74b3399abffb9dabced36488ac35\"},\"headline\":\"Casa sobre o Mi\u00f1o\",\"datePublished\":\"2016-12-01T19:00:24+00:00\",\"dateModified\":\"2025-01-06T09:18:12+00:00\",\"mainEntityOfPage\":{\"@id\":\"https:\/\/arquitecturadegalicia.eu\/blog\/casa-sobre-o-mino\/\"},\"wordCount\":385,\"commentCount\":0,\"publisher\":{\"@id\":\"http:\/\/arquitecturadegalicia.eu\/blog\/#organization\"},\"image\":{\"@id\":\"https:\/\/arquitecturadegalicia.eu\/blog\/casa-sobre-o-mino\/#primaryimage\"},\"thumbnailUrl\":\"https:\/\/arquitecturadegalicia.eu\/blog\/wp-content\/uploads\/2013\/08\/Principal-1.jpg\",\"keywords\":[\"2012\",\"Quico Jorreto\",\"unifamiliar\",\"Vivenda\"],\"articleSection\":[\"Ourense\"],\"inLanguage\":\"es\",\"potentialAction\":[{\"@type\":\"CommentAction\",\"name\":\"Comment\",\"target\":[\"https:\/\/arquitecturadegalicia.eu\/blog\/casa-sobre-o-mino\/#respond\"]}]},{\"@type\":\"WebPage\",\"@id\":\"https:\/\/arquitecturadegalicia.eu\/blog\/casa-sobre-o-mino\/\",\"url\":\"https:\/\/arquitecturadegalicia.eu\/blog\/casa-sobre-o-mino\/\",\"name\":\"Casa sobre o Mi\u00f1o | AG\",\"isPartOf\":{\"@id\":\"http:\/\/arquitecturadegalicia.eu\/blog\/#website\"},\"primaryImageOfPage\":{\"@id\":\"https:\/\/arquitecturadegalicia.eu\/blog\/casa-sobre-o-mino\/#primaryimage\"},\"image\":{\"@id\":\"https:\/\/arquitecturadegalicia.eu\/blog\/casa-sobre-o-mino\/#primaryimage\"},\"thumbnailUrl\":\"https:\/\/arquitecturadegalicia.eu\/blog\/wp-content\/uploads\/2013\/08\/Principal-1.jpg\",\"datePublished\":\"2016-12-01T19:00:24+00:00\",\"dateModified\":\"2025-01-06T09:18:12+00:00\",\"description\":\"Unha cova, un ollo mirando o r\u00edo, buscando o sol e un patio enterrado dando luz, ventilaci\u00f3n e protecci\u00f3n.\",\"breadcrumb\":{\"@id\":\"https:\/\/arquitecturadegalicia.eu\/blog\/casa-sobre-o-mino\/#breadcrumb\"},\"inLanguage\":\"es\",\"potentialAction\":[{\"@type\":\"ReadAction\",\"target\":[\"https:\/\/arquitecturadegalicia.eu\/blog\/casa-sobre-o-mino\/\"]}]},{\"@type\":\"ImageObject\",\"inLanguage\":\"es\",\"@id\":\"https:\/\/arquitecturadegalicia.eu\/blog\/casa-sobre-o-mino\/#primaryimage\",\"url\":\"https:\/\/arquitecturadegalicia.eu\/blog\/wp-content\/uploads\/2013\/08\/Principal-1.jpg\",\"contentUrl\":\"https:\/\/arquitecturadegalicia.eu\/blog\/wp-content\/uploads\/2013\/08\/Principal-1.jpg\",\"width\":620,\"height\":403,\"caption\":\"Casa sobre o Mi\u00f1o Quico Jorreto\"},{\"@type\":\"BreadcrumbList\",\"@id\":\"https:\/\/arquitecturadegalicia.eu\/blog\/casa-sobre-o-mino\/#breadcrumb\",\"itemListElement\":[{\"@type\":\"ListItem\",\"position\":1,\"name\":\"Portada\",\"item\":\"https:\/\/arquitecturadegalicia.eu\/blog\/\"},{\"@type\":\"ListItem\",\"position\":2,\"name\":\"Casa sobre o Mi\u00f1o\"}]},{\"@type\":\"WebSite\",\"@id\":\"http:\/\/arquitecturadegalicia.eu\/blog\/#website\",\"url\":\"http:\/\/arquitecturadegalicia.eu\/blog\/\",\"name\":\"AG\",\"description\":\"Arquitectura de Galicia\",\"publisher\":{\"@id\":\"http:\/\/arquitecturadegalicia.eu\/blog\/#organization\"},\"potentialAction\":[{\"@type\":\"SearchAction\",\"target\":{\"@type\":\"EntryPoint\",\"urlTemplate\":\"http:\/\/arquitecturadegalicia.eu\/blog\/?s={search_term_string}\"},\"query-input\":{\"@type\":\"PropertyValueSpecification\",\"valueRequired\":true,\"valueName\":\"search_term_string\"}}],\"inLanguage\":\"es\"},{\"@type\":\"Organization\",\"@id\":\"http:\/\/arquitecturadegalicia.eu\/blog\/#organization\",\"name\":\"Arquitectura de Galicia\",\"url\":\"http:\/\/arquitecturadegalicia.eu\/blog\/\",\"logo\":{\"@type\":\"ImageObject\",\"inLanguage\":\"es\",\"@id\":\"http:\/\/arquitecturadegalicia.eu\/blog\/#\/schema\/logo\/image\/\",\"url\":\"https:\/\/arquitecturadegalicia.eu\/blog\/wp-content\/uploads\/2017\/01\/arquitecturacurrents2.png\",\"contentUrl\":\"https:\/\/arquitecturadegalicia.eu\/blog\/wp-content\/uploads\/2017\/01\/arquitecturacurrents2.png\",\"width\":840,\"height\":640,\"caption\":\"Arquitectura de Galicia\"},\"image\":{\"@id\":\"http:\/\/arquitecturadegalicia.eu\/blog\/#\/schema\/logo\/image\/\"},\"sameAs\":[\"https:\/\/www.facebook.com\/ArquitecturadeGalicia\/\",\"https:\/\/x.com\/arquigaliciaeu\",\"https:\/\/www.instagram.com\/arquigaliciaeu\/\"]},{\"@type\":\"Person\",\"@id\":\"http:\/\/arquitecturadegalicia.eu\/blog\/#\/schema\/person\/abcb74b3399abffb9dabced36488ac35\",\"name\":\"Dario Vallina\",\"image\":{\"@type\":\"ImageObject\",\"inLanguage\":\"es\",\"@id\":\"http:\/\/arquitecturadegalicia.eu\/blog\/#\/schema\/person\/image\/\",\"url\":\"https:\/\/secure.gravatar.com\/avatar\/a79e713b96510b29d405cacc448bf2e0?s=96&d=mm&r=g\",\"contentUrl\":\"https:\/\/secure.gravatar.com\/avatar\/a79e713b96510b29d405cacc448bf2e0?s=96&d=mm&r=g\",\"caption\":\"Dario Vallina\"},\"description\":\"Xix\u00f3n | Coordinaci\u00f3n e edici\u00f3n de artigos | La simplicidad es la mayor sofisticaci\u00f3n. Un caballo pintado a rayas no es una cebra. La imaginaci\u00f3n es m\u00e1s importante que la sabidur\u00eda. Si no puedo dibujarlo, es que no lo entiendo.\",\"url\":\"https:\/\/arquitecturadegalicia.eu\/blog\/author\/dariovallina\/\"}]}<\/script>\n<!-- \/ Yoast SEO plugin. -->","yoast_head_json":{"title":"Casa sobre o Mi\u00f1o | AG","description":"Unha cova, un ollo mirando o r\u00edo, buscando o sol e un patio enterrado dando luz, ventilaci\u00f3n e protecci\u00f3n.","robots":{"index":"index","follow":"follow","max-snippet":"max-snippet:-1","max-image-preview":"max-image-preview:large","max-video-preview":"max-video-preview:-1"},"canonical":"https:\/\/arquitecturadegalicia.eu\/blog\/casa-sobre-o-mino\/","og_locale":"es_ES","og_type":"article","og_title":"Casa sobre o Mi\u00f1o | AG","og_description":"Unha cova, un ollo mirando o r\u00edo, buscando o sol e un patio enterrado dando luz, ventilaci\u00f3n e protecci\u00f3n.","og_url":"https:\/\/arquitecturadegalicia.eu\/blog\/casa-sobre-o-mino\/","og_site_name":"AG","article_publisher":"https:\/\/www.facebook.com\/ArquitecturadeGalicia\/","article_published_time":"2016-12-01T19:00:24+00:00","article_modified_time":"2025-01-06T09:18:12+00:00","og_image":[{"width":620,"height":403,"url":"https:\/\/arquitecturadegalicia.eu\/blog\/wp-content\/uploads\/2013\/08\/Principal-1.jpg","type":"image\/jpeg"}],"author":"Dario Vallina","twitter_card":"summary_large_image","twitter_creator":"@arquigaliciaeu","twitter_site":"@arquigaliciaeu","twitter_misc":{"Escrito por":"Dario Vallina","Tiempo de lectura":"2 minutos"},"schema":{"@context":"https:\/\/schema.org","@graph":[{"@type":"Article","@id":"https:\/\/arquitecturadegalicia.eu\/blog\/casa-sobre-o-mino\/#article","isPartOf":{"@id":"https:\/\/arquitecturadegalicia.eu\/blog\/casa-sobre-o-mino\/"},"author":{"name":"Dario Vallina","@id":"http:\/\/arquitecturadegalicia.eu\/blog\/#\/schema\/person\/abcb74b3399abffb9dabced36488ac35"},"headline":"Casa sobre o Mi\u00f1o","datePublished":"2016-12-01T19:00:24+00:00","dateModified":"2025-01-06T09:18:12+00:00","mainEntityOfPage":{"@id":"https:\/\/arquitecturadegalicia.eu\/blog\/casa-sobre-o-mino\/"},"wordCount":385,"commentCount":0,"publisher":{"@id":"http:\/\/arquitecturadegalicia.eu\/blog\/#organization"},"image":{"@id":"https:\/\/arquitecturadegalicia.eu\/blog\/casa-sobre-o-mino\/#primaryimage"},"thumbnailUrl":"https:\/\/arquitecturadegalicia.eu\/blog\/wp-content\/uploads\/2013\/08\/Principal-1.jpg","keywords":["2012","Quico Jorreto","unifamiliar","Vivenda"],"articleSection":["Ourense"],"inLanguage":"es","potentialAction":[{"@type":"CommentAction","name":"Comment","target":["https:\/\/arquitecturadegalicia.eu\/blog\/casa-sobre-o-mino\/#respond"]}]},{"@type":"WebPage","@id":"https:\/\/arquitecturadegalicia.eu\/blog\/casa-sobre-o-mino\/","url":"https:\/\/arquitecturadegalicia.eu\/blog\/casa-sobre-o-mino\/","name":"Casa sobre o Mi\u00f1o | AG","isPartOf":{"@id":"http:\/\/arquitecturadegalicia.eu\/blog\/#website"},"primaryImageOfPage":{"@id":"https:\/\/arquitecturadegalicia.eu\/blog\/casa-sobre-o-mino\/#primaryimage"},"image":{"@id":"https:\/\/arquitecturadegalicia.eu\/blog\/casa-sobre-o-mino\/#primaryimage"},"thumbnailUrl":"https:\/\/arquitecturadegalicia.eu\/blog\/wp-content\/uploads\/2013\/08\/Principal-1.jpg","datePublished":"2016-12-01T19:00:24+00:00","dateModified":"2025-01-06T09:18:12+00:00","description":"Unha cova, un ollo mirando o r\u00edo, buscando o sol e un patio enterrado dando luz, ventilaci\u00f3n e protecci\u00f3n.","breadcrumb":{"@id":"https:\/\/arquitecturadegalicia.eu\/blog\/casa-sobre-o-mino\/#breadcrumb"},"inLanguage":"es","potentialAction":[{"@type":"ReadAction","target":["https:\/\/arquitecturadegalicia.eu\/blog\/casa-sobre-o-mino\/"]}]},{"@type":"ImageObject","inLanguage":"es","@id":"https:\/\/arquitecturadegalicia.eu\/blog\/casa-sobre-o-mino\/#primaryimage","url":"https:\/\/arquitecturadegalicia.eu\/blog\/wp-content\/uploads\/2013\/08\/Principal-1.jpg","contentUrl":"https:\/\/arquitecturadegalicia.eu\/blog\/wp-content\/uploads\/2013\/08\/Principal-1.jpg","width":620,"height":403,"caption":"Casa sobre o Mi\u00f1o Quico Jorreto"},{"@type":"BreadcrumbList","@id":"https:\/\/arquitecturadegalicia.eu\/blog\/casa-sobre-o-mino\/#breadcrumb","itemListElement":[{"@type":"ListItem","position":1,"name":"Portada","item":"https:\/\/arquitecturadegalicia.eu\/blog\/"},{"@type":"ListItem","position":2,"name":"Casa sobre o Mi\u00f1o"}]},{"@type":"WebSite","@id":"http:\/\/arquitecturadegalicia.eu\/blog\/#website","url":"http:\/\/arquitecturadegalicia.eu\/blog\/","name":"AG","description":"Arquitectura de Galicia","publisher":{"@id":"http:\/\/arquitecturadegalicia.eu\/blog\/#organization"},"potentialAction":[{"@type":"SearchAction","target":{"@type":"EntryPoint","urlTemplate":"http:\/\/arquitecturadegalicia.eu\/blog\/?s={search_term_string}"},"query-input":{"@type":"PropertyValueSpecification","valueRequired":true,"valueName":"search_term_string"}}],"inLanguage":"es"},{"@type":"Organization","@id":"http:\/\/arquitecturadegalicia.eu\/blog\/#organization","name":"Arquitectura de Galicia","url":"http:\/\/arquitecturadegalicia.eu\/blog\/","logo":{"@type":"ImageObject","inLanguage":"es","@id":"http:\/\/arquitecturadegalicia.eu\/blog\/#\/schema\/logo\/image\/","url":"https:\/\/arquitecturadegalicia.eu\/blog\/wp-content\/uploads\/2017\/01\/arquitecturacurrents2.png","contentUrl":"https:\/\/arquitecturadegalicia.eu\/blog\/wp-content\/uploads\/2017\/01\/arquitecturacurrents2.png","width":840,"height":640,"caption":"Arquitectura de Galicia"},"image":{"@id":"http:\/\/arquitecturadegalicia.eu\/blog\/#\/schema\/logo\/image\/"},"sameAs":["https:\/\/www.facebook.com\/ArquitecturadeGalicia\/","https:\/\/x.com\/arquigaliciaeu","https:\/\/www.instagram.com\/arquigaliciaeu\/"]},{"@type":"Person","@id":"http:\/\/arquitecturadegalicia.eu\/blog\/#\/schema\/person\/abcb74b3399abffb9dabced36488ac35","name":"Dario Vallina","image":{"@type":"ImageObject","inLanguage":"es","@id":"http:\/\/arquitecturadegalicia.eu\/blog\/#\/schema\/person\/image\/","url":"https:\/\/secure.gravatar.com\/avatar\/a79e713b96510b29d405cacc448bf2e0?s=96&d=mm&r=g","contentUrl":"https:\/\/secure.gravatar.com\/avatar\/a79e713b96510b29d405cacc448bf2e0?s=96&d=mm&r=g","caption":"Dario Vallina"},"description":"Xix\u00f3n | Coordinaci\u00f3n e edici\u00f3n de artigos | La simplicidad es la mayor sofisticaci\u00f3n. Un caballo pintado a rayas no es una cebra. La imaginaci\u00f3n es m\u00e1s importante que la sabidur\u00eda. Si no puedo dibujarlo, es que no lo entiendo.","url":"https:\/\/arquitecturadegalicia.eu\/blog\/author\/dariovallina\/"}]}},"jetpack_featured_media_url":"https:\/\/arquitecturadegalicia.eu\/blog\/wp-content\/uploads\/2013\/08\/Principal-1.jpg","jetpack_shortlink":"https:\/\/wp.me\/p2NHs2-2cp","jetpack_sharing_enabled":true,"_links":{"self":[{"href":"https:\/\/arquitecturadegalicia.eu\/blog\/wp-json\/wp\/v2\/posts\/8457","targetHints":{"allow":["GET"]}}],"collection":[{"href":"https:\/\/arquitecturadegalicia.eu\/blog\/wp-json\/wp\/v2\/posts"}],"about":[{"href":"https:\/\/arquitecturadegalicia.eu\/blog\/wp-json\/wp\/v2\/types\/post"}],"author":[{"embeddable":true,"href":"https:\/\/arquitecturadegalicia.eu\/blog\/wp-json\/wp\/v2\/users\/7"}],"replies":[{"embeddable":true,"href":"https:\/\/arquitecturadegalicia.eu\/blog\/wp-json\/wp\/v2\/comments?post=8457"}],"version-history":[{"count":20,"href":"https:\/\/arquitecturadegalicia.eu\/blog\/wp-json\/wp\/v2\/posts\/8457\/revisions"}],"predecessor-version":[{"id":14962,"href":"https:\/\/arquitecturadegalicia.eu\/blog\/wp-json\/wp\/v2\/posts\/8457\/revisions\/14962"}],"wp:featuredmedia":[{"embeddable":true,"href":"https:\/\/arquitecturadegalicia.eu\/blog\/wp-json\/wp\/v2\/media\/14644"}],"wp:attachment":[{"href":"https:\/\/arquitecturadegalicia.eu\/blog\/wp-json\/wp\/v2\/media?parent=8457"}],"wp:term":[{"taxonomy":"category","embeddable":true,"href":"https:\/\/arquitecturadegalicia.eu\/blog\/wp-json\/wp\/v2\/categories?post=8457"},{"taxonomy":"post_tag","embeddable":true,"href":"https:\/\/arquitecturadegalicia.eu\/blog\/wp-json\/wp\/v2\/tags?post=8457"},{"taxonomy":"ano","embeddable":true,"href":"https:\/\/arquitecturadegalicia.eu\/blog\/wp-json\/wp\/v2\/ano?post=8457"},{"taxonomy":"arquitectos","embeddable":true,"href":"https:\/\/arquitecturadegalicia.eu\/blog\/wp-json\/wp\/v2\/arquitectos?post=8457"},{"taxonomy":"tipoloxia","embeddable":true,"href":"https:\/\/arquitecturadegalicia.eu\/blog\/wp-json\/wp\/v2\/tipoloxia?post=8457"}],"curies":[{"name":"wp","href":"https:\/\/api.w.org\/{rel}","templated":true}]}}