{"id":8702,"date":"2013-08-28T20:00:40","date_gmt":"2013-08-28T18:00:40","guid":{"rendered":"http:\/\/arquitecturadegalicia.eu\/blog\/?p=8702"},"modified":"2013-08-20T15:21:53","modified_gmt":"2013-08-20T13:21:53","slug":"rehabilitacion-da-illa-de-san-simon-e-san-anton","status":"publish","type":"post","link":"https:\/\/arquitecturadegalicia.eu\/blog\/rehabilitacion-da-illa-de-san-simon-e-san-anton\/","title":{"rendered":"Rehabilitaci\u00f3n da illa de San Sim\u00f3n e San Ant\u00f3n"},"content":{"rendered":"<h6 style=\"text-align: right;\"><img fetchpriority=\"high\" decoding=\"async\" class=\"alignnone size-full wp-image-8708\" alt=\"illa_san_simon_portela_redondela_vigo\" src=\"http:\/\/arquitecturadegalicia.eu\/blog\/wp-content\/uploads\/2013\/08\/illa_san_simon_portela_redondela_vigo.jpg\" width=\"620\" height=\"465\" srcset=\"https:\/\/arquitecturadegalicia.eu\/blog\/wp-content\/uploads\/2013\/08\/illa_san_simon_portela_redondela_vigo.jpg 620w, https:\/\/arquitecturadegalicia.eu\/blog\/wp-content\/uploads\/2013\/08\/illa_san_simon_portela_redondela_vigo-300x225.jpg 300w\" sizes=\"(max-width: 620px) 100vw, 620px\" \/><br \/>\n<span style=\"color: #999999;\"><a href=\"http:\/\/www.turgalicia.es\/ficha-recurso?langId=es_ES&amp;cod_rec=36244&amp;ctre=46\" target=\"_blank\"><span style=\"color: #999999;\"><strong>turgalicia.es<\/strong><\/span><\/a><\/span><\/h6>\n<table class=\"aligncenter\" width=\"620\" border=\"0\" cellspacing=\"0\" cellpadding=\"0\">\n<tbody>\n<tr>\n<td width=\"180\"><strong>Obra:<\/strong><\/td>\n<td>Rehabilitaci\u00f3n da illa de San Sim\u00f3n e San Ant\u00f3n<\/td>\n<\/tr>\n<tr>\n<td><strong>Arquitecto:<\/strong><\/td>\n<td>C\u00e9sar Portela<\/td>\n<\/tr>\n<tr>\n<td><strong>Provincia:<\/strong><\/td>\n<td>Pontevedra<\/td>\n<\/tr>\n<tr>\n<td><strong>Localidade:<\/strong><\/td>\n<td>Redondela<\/td>\n<\/tr>\n<tr>\n<td><strong>Ano:<\/strong><\/td>\n<td>1992 &#8211; 2003<\/td>\n<\/tr>\n<tr>\n<td><strong>Xeolocalizaci\u00f3n:<\/strong><\/td>\n<td><a href=\"https:\/\/www.google.es\/maps\/ms?ie=UTF8&amp;hl=es&amp;oe=UTF8&amp;msa=0&amp;msid=205584753861089304839.0004b3590a9baff01c53d&amp;num=200&amp;start=400&amp;t=h&amp;source=embed&amp;dg=feature&amp;vpsrc=6&amp;ll=42.315337,-8.621092&amp;spn=0.037129,0.077162&amp;z=14&amp;iwloc=0004ded32ca22bfb1cb10\" target=\"_blank\"><strong>42.307, -8.628<\/strong><\/a><\/td>\n<\/tr>\n<\/tbody>\n<\/table>\n<table class=\" aligncenter\" width=\"620\" border=\"0\" cellspacing=\"0\" cellpadding=\"0\">\n<tbody>\n<tr>\n<td colspan=\"3\"><strong>Outros Datos:<\/strong><\/td>\n<\/tr>\n<tr>\n<td width=\"20\"><\/td>\n<td colspan=\"2\"><strong>Premios:<\/strong><\/td>\n<\/tr>\n<tr>\n<td width=\"20\"><\/td>\n<td width=\"20\"><\/td>\n<td width=\"580\"><\/td>\n<\/tr>\n<tr>\n<td width=\"20\"><\/td>\n<td colspan=\"2\"><strong>Publicaci\u00f3ns:<\/strong><\/td>\n<\/tr>\n<tr>\n<td width=\"20\"><\/td>\n<td width=\"20\"><\/td>\n<td><span style=\"color: #000000;\">Illas de San Sim\u00f3n e San Ant\u00f3n: a recuperaci\u00f3n dun sitio hist\u00f3rico |\u00a0Xunta de Galicia 2008<\/span><\/td>\n<\/tr>\n<tr>\n<td width=\"20\"><\/td>\n<td colspan=\"2\"><strong>Informaci\u00f3n na rede:<\/strong><\/td>\n<\/tr>\n<tr>\n<td width=\"20\"><\/td>\n<td width=\"20\"><\/td>\n<td>\n<p id=\"watch-headline-title\"><a href=\"http:\/\/www.cesarportela.com\/proyectos_ga.html\" target=\"_blank\"><strong>cesarportela.com<br \/>\n<\/strong><\/a><a href=\"www.fundacionilladesansimon.org\/\" target=\"_blank\"><strong>fundacionilladesansimon.org<\/strong><\/a><a href=\"http:\/\/youtu.be\/ocgSRVZjmj8\" target=\"_blank\"><strong><br \/>\nC\u00e9sar Portela, Arquitecto. Illas de San Sim\u00f3n e San Ant\u00f3n<\/strong><\/a> (Video)<\/p>\n<\/td>\n<\/tr>\n<tr>\n<td width=\"20\"><\/td>\n<td style=\"text-align: justify;\" colspan=\"2\"><strong>Descripci\u00f3n do proxecto:<\/strong><\/td>\n<\/tr>\n<tr>\n<td width=\"20\"><\/td>\n<td width=\"20\"><\/td>\n<td style=\"text-align: justify;\">\u00abTodas as actuaci\u00f3ns arquitect\u00f3nicas, bot\u00e1nicas, ambientais, paisax\u00edsticas,\u2026 levadas a cabo ata a data e que supuxeron a rehabilitaci\u00f3n dos edificios existentes e do espazo e do medio insular no seu conxunto, pretenderon ser fieis aos obxectivos e principios do Plano Director.<br \/>\nDos logros alcanzados gustar\u00edame significar un par:<br \/>\nConseguir transformar o car\u00e1cter triste, case tr\u00e1xico, dos edificios e do conxunto das illas \u2013 contaxiados todos eles polas actividades que albergaron historicamente- en edificios luminosos e alegres grazas ao manexo da luz e da calor, mediante a inserci\u00f3n de lucernarios e galer\u00edas, e o emprego de estucos\u2026 todo iso sen menoscabo do tradicional car\u00e1cter rom\u00e1ntico que sempre tivo.<br \/>\nLograr dotar ao conxunto \u2013 tam\u00e9n med\u00edate a luz, a cor e a vexetaci\u00f3n adecuada- dun car\u00e1cter mestizo, dunha atmosfera un tanto caribe\u00f1a, sen perder por iso a s\u00faa forte esencia galega, par\u00e1metros \u00e1mbolos propios dun lugar en que fac\u00edan escala os barcos que navegaban e comunicaban Am\u00e9rica e Galiza\u00bb<br \/>\nC\u00e9sar Portela<\/td>\n<\/tr>\n<tr>\n<td width=\"20\"><\/td>\n<td colspan=\"2\"><b>Reportaxe fotogr\u00e1fica:<\/b><\/td>\n<\/tr>\n<tr>\n<td width=\"20\"><\/td>\n<td colspan=\"2\"><\/td>\n<\/tr>\n<tr>\n<td width=\"20\"><\/td>\n<td colspan=\"2\"><strong>Planos:<\/strong><\/td>\n<\/tr>\n<tr>\n<td width=\"20\"><\/td>\n<td colspan=\"2\"><\/td>\n<\/tr>\n<\/tbody>\n<\/table>\n","protected":false},"excerpt":{"rendered":"<p>\u00abTransformar o car\u00e1cter triste, case tr\u00e1xico, dos edificios e do conxunto das illas \u2013 contaxiados todos eles polas actividades que albergaron historicamente- en edificios luminosos e alegres grazas ao manexo da luz e da calor, mediante a inserci\u00f3n de lucernarios e galer\u00edas, e o emprego de estucos\u00bb C\u00e9sar Portela<\/p>\n","protected":false},"author":8,"featured_media":8708,"comment_status":"open","ping_status":"open","sticky":false,"template":"","format":"standard","meta":{"jetpack_post_was_ever_published":false,"_jetpack_newsletter_access":"","_jetpack_dont_email_post_to_subs":false,"_jetpack_newsletter_tier_id":0,"_jetpack_memberships_contains_paywalled_content":false,"_jetpack_memberships_contains_paid_content":false,"footnotes":"","jetpack_publicize_message":"","jetpack_publicize_feature_enabled":true,"jetpack_social_post_already_shared":true,"jetpack_social_options":{"image_generator_settings":{"template":"highway","enabled":false},"version":2}},"categories":[198],"tags":[49,147,99],"ano":[],"arquitectos":[],"tipoloxia":[],"class_list":["post-8702","post","type-post","status-publish","format-standard","has-post-thumbnail","hentry","category-redondela","tag-49","tag-cesar-portela","tag-rehabilitacion","content-print"],"jetpack_publicize_connections":[],"yoast_head":"<!-- This site is optimized with the Yoast SEO plugin v24.1 - https:\/\/yoast.com\/wordpress\/plugins\/seo\/ -->\n<title>Rehabilitaci\u00f3n da illa de San Sim\u00f3n e San Ant\u00f3n | AG<\/title>\n<meta name=\"robots\" content=\"index, follow, max-snippet:-1, max-image-preview:large, max-video-preview:-1\" \/>\n<link rel=\"canonical\" href=\"https:\/\/arquitecturadegalicia.eu\/blog\/rehabilitacion-da-illa-de-san-simon-e-san-anton\/\" \/>\n<meta property=\"og:locale\" content=\"es_ES\" \/>\n<meta property=\"og:type\" content=\"article\" \/>\n<meta property=\"og:title\" content=\"Rehabilitaci\u00f3n da illa de San Sim\u00f3n e San Ant\u00f3n | AG\" \/>\n<meta property=\"og:description\" content=\"&quot;Transformar o car\u00e1cter triste, case tr\u00e1xico, dos edificios e do conxunto das illas \u2013 contaxiados todos eles polas actividades que albergaron historicamente- en edificios luminosos e alegres grazas ao manexo da luz e da calor, mediante a inserci\u00f3n de lucernarios e galer\u00edas, e o emprego de estucos&quot; C\u00e9sar Portela\" \/>\n<meta property=\"og:url\" content=\"https:\/\/arquitecturadegalicia.eu\/blog\/rehabilitacion-da-illa-de-san-simon-e-san-anton\/\" \/>\n<meta property=\"og:site_name\" content=\"AG\" \/>\n<meta property=\"article:publisher\" content=\"https:\/\/www.facebook.com\/ArquitecturadeGalicia\/\" \/>\n<meta property=\"article:published_time\" content=\"2013-08-28T18:00:40+00:00\" \/>\n<meta property=\"article:modified_time\" content=\"2013-08-20T13:21:53+00:00\" \/>\n<meta property=\"og:image\" content=\"https:\/\/arquitecturadegalicia.eu\/blog\/wp-content\/uploads\/2013\/08\/illa_san_simon_portela_redondela_vigo.jpg\" \/>\n\t<meta property=\"og:image:width\" content=\"620\" \/>\n\t<meta property=\"og:image:height\" content=\"465\" \/>\n\t<meta property=\"og:image:type\" content=\"image\/jpeg\" \/>\n<meta name=\"author\" content=\"Iago Valverde\" \/>\n<meta name=\"twitter:card\" content=\"summary_large_image\" \/>\n<meta name=\"twitter:creator\" content=\"@arquigaliciaeu\" \/>\n<meta name=\"twitter:site\" content=\"@arquigaliciaeu\" \/>\n<meta name=\"twitter:label1\" content=\"Escrito por\" \/>\n\t<meta name=\"twitter:data1\" content=\"Iago Valverde\" \/>\n\t<meta name=\"twitter:label2\" content=\"Tiempo de lectura\" \/>\n\t<meta name=\"twitter:data2\" content=\"1 minuto\" \/>\n<script type=\"application\/ld+json\" class=\"yoast-schema-graph\">{\"@context\":\"https:\/\/schema.org\",\"@graph\":[{\"@type\":\"Article\",\"@id\":\"https:\/\/arquitecturadegalicia.eu\/blog\/rehabilitacion-da-illa-de-san-simon-e-san-anton\/#article\",\"isPartOf\":{\"@id\":\"https:\/\/arquitecturadegalicia.eu\/blog\/rehabilitacion-da-illa-de-san-simon-e-san-anton\/\"},\"author\":{\"name\":\"Iago Valverde\",\"@id\":\"https:\/\/arquitecturadegalicia.eu\/blog\/#\/schema\/person\/a51297ea3eeddd32ccbd89a218e148f1\"},\"headline\":\"Rehabilitaci\u00f3n da illa de San Sim\u00f3n e San Ant\u00f3n\",\"datePublished\":\"2013-08-28T18:00:40+00:00\",\"dateModified\":\"2013-08-20T13:21:53+00:00\",\"mainEntityOfPage\":{\"@id\":\"https:\/\/arquitecturadegalicia.eu\/blog\/rehabilitacion-da-illa-de-san-simon-e-san-anton\/\"},\"wordCount\":273,\"commentCount\":0,\"publisher\":{\"@id\":\"https:\/\/arquitecturadegalicia.eu\/blog\/#organization\"},\"image\":{\"@id\":\"https:\/\/arquitecturadegalicia.eu\/blog\/rehabilitacion-da-illa-de-san-simon-e-san-anton\/#primaryimage\"},\"thumbnailUrl\":\"https:\/\/arquitecturadegalicia.eu\/blog\/wp-content\/uploads\/2013\/08\/illa_san_simon_portela_redondela_vigo.jpg\",\"keywords\":[\"2003\",\"C\u00e9sar Portela\",\"rehabilitaci\u00f3n\"],\"articleSection\":[\"Redondela\"],\"inLanguage\":\"es\",\"potentialAction\":[{\"@type\":\"CommentAction\",\"name\":\"Comment\",\"target\":[\"https:\/\/arquitecturadegalicia.eu\/blog\/rehabilitacion-da-illa-de-san-simon-e-san-anton\/#respond\"]}]},{\"@type\":\"WebPage\",\"@id\":\"https:\/\/arquitecturadegalicia.eu\/blog\/rehabilitacion-da-illa-de-san-simon-e-san-anton\/\",\"url\":\"https:\/\/arquitecturadegalicia.eu\/blog\/rehabilitacion-da-illa-de-san-simon-e-san-anton\/\",\"name\":\"Rehabilitaci\u00f3n da illa de San Sim\u00f3n e San Ant\u00f3n | AG\",\"isPartOf\":{\"@id\":\"https:\/\/arquitecturadegalicia.eu\/blog\/#website\"},\"primaryImageOfPage\":{\"@id\":\"https:\/\/arquitecturadegalicia.eu\/blog\/rehabilitacion-da-illa-de-san-simon-e-san-anton\/#primaryimage\"},\"image\":{\"@id\":\"https:\/\/arquitecturadegalicia.eu\/blog\/rehabilitacion-da-illa-de-san-simon-e-san-anton\/#primaryimage\"},\"thumbnailUrl\":\"https:\/\/arquitecturadegalicia.eu\/blog\/wp-content\/uploads\/2013\/08\/illa_san_simon_portela_redondela_vigo.jpg\",\"datePublished\":\"2013-08-28T18:00:40+00:00\",\"dateModified\":\"2013-08-20T13:21:53+00:00\",\"breadcrumb\":{\"@id\":\"https:\/\/arquitecturadegalicia.eu\/blog\/rehabilitacion-da-illa-de-san-simon-e-san-anton\/#breadcrumb\"},\"inLanguage\":\"es\",\"potentialAction\":[{\"@type\":\"ReadAction\",\"target\":[\"https:\/\/arquitecturadegalicia.eu\/blog\/rehabilitacion-da-illa-de-san-simon-e-san-anton\/\"]}]},{\"@type\":\"ImageObject\",\"inLanguage\":\"es\",\"@id\":\"https:\/\/arquitecturadegalicia.eu\/blog\/rehabilitacion-da-illa-de-san-simon-e-san-anton\/#primaryimage\",\"url\":\"https:\/\/arquitecturadegalicia.eu\/blog\/wp-content\/uploads\/2013\/08\/illa_san_simon_portela_redondela_vigo.jpg\",\"contentUrl\":\"https:\/\/arquitecturadegalicia.eu\/blog\/wp-content\/uploads\/2013\/08\/illa_san_simon_portela_redondela_vigo.jpg\",\"width\":620,\"height\":465},{\"@type\":\"BreadcrumbList\",\"@id\":\"https:\/\/arquitecturadegalicia.eu\/blog\/rehabilitacion-da-illa-de-san-simon-e-san-anton\/#breadcrumb\",\"itemListElement\":[{\"@type\":\"ListItem\",\"position\":1,\"name\":\"Portada\",\"item\":\"https:\/\/arquitecturadegalicia.eu\/blog\/\"},{\"@type\":\"ListItem\",\"position\":2,\"name\":\"Rehabilitaci\u00f3n da illa de San Sim\u00f3n e San Ant\u00f3n\"}]},{\"@type\":\"WebSite\",\"@id\":\"https:\/\/arquitecturadegalicia.eu\/blog\/#website\",\"url\":\"https:\/\/arquitecturadegalicia.eu\/blog\/\",\"name\":\"AG\",\"description\":\"Arquitectura de Galicia\",\"publisher\":{\"@id\":\"https:\/\/arquitecturadegalicia.eu\/blog\/#organization\"},\"potentialAction\":[{\"@type\":\"SearchAction\",\"target\":{\"@type\":\"EntryPoint\",\"urlTemplate\":\"https:\/\/arquitecturadegalicia.eu\/blog\/?s={search_term_string}\"},\"query-input\":{\"@type\":\"PropertyValueSpecification\",\"valueRequired\":true,\"valueName\":\"search_term_string\"}}],\"inLanguage\":\"es\"},{\"@type\":\"Organization\",\"@id\":\"https:\/\/arquitecturadegalicia.eu\/blog\/#organization\",\"name\":\"Arquitectura de Galicia\",\"url\":\"https:\/\/arquitecturadegalicia.eu\/blog\/\",\"logo\":{\"@type\":\"ImageObject\",\"inLanguage\":\"es\",\"@id\":\"https:\/\/arquitecturadegalicia.eu\/blog\/#\/schema\/logo\/image\/\",\"url\":\"https:\/\/arquitecturadegalicia.eu\/blog\/wp-content\/uploads\/2017\/01\/arquitecturacurrents2.png\",\"contentUrl\":\"https:\/\/arquitecturadegalicia.eu\/blog\/wp-content\/uploads\/2017\/01\/arquitecturacurrents2.png\",\"width\":840,\"height\":640,\"caption\":\"Arquitectura de Galicia\"},\"image\":{\"@id\":\"https:\/\/arquitecturadegalicia.eu\/blog\/#\/schema\/logo\/image\/\"},\"sameAs\":[\"https:\/\/www.facebook.com\/ArquitecturadeGalicia\/\",\"https:\/\/x.com\/arquigaliciaeu\",\"https:\/\/www.instagram.com\/arquigaliciaeu\/\"]},{\"@type\":\"Person\",\"@id\":\"https:\/\/arquitecturadegalicia.eu\/blog\/#\/schema\/person\/a51297ea3eeddd32ccbd89a218e148f1\",\"name\":\"Iago Valverde\",\"image\":{\"@type\":\"ImageObject\",\"inLanguage\":\"es\",\"@id\":\"https:\/\/arquitecturadegalicia.eu\/blog\/#\/schema\/person\/image\/\",\"url\":\"https:\/\/secure.gravatar.com\/avatar\/eb8a9f2f10ff79db5c78989d92f1e8b2?s=96&d=mm&r=g\",\"contentUrl\":\"https:\/\/secure.gravatar.com\/avatar\/eb8a9f2f10ff79db5c78989d92f1e8b2?s=96&d=mm&r=g\",\"caption\":\"Iago Valverde\"},\"description\":\"Nigr\u00e1n | Edici\u00f3n de artigos e xeolocalizaci\u00f3n | Arquitecto en formaci\u00f3n na ETSAC e cursando PFC. Interesado en urbanismo, arquitectura, pol\u00edtica, e todo aquilo que \u00e9 complexo e vital\",\"url\":\"https:\/\/arquitecturadegalicia.eu\/blog\/author\/iago-valverde\/\"}]}<\/script>\n<!-- \/ Yoast SEO plugin. -->","yoast_head_json":{"title":"Rehabilitaci\u00f3n da illa de San Sim\u00f3n e San Ant\u00f3n | AG","robots":{"index":"index","follow":"follow","max-snippet":"max-snippet:-1","max-image-preview":"max-image-preview:large","max-video-preview":"max-video-preview:-1"},"canonical":"https:\/\/arquitecturadegalicia.eu\/blog\/rehabilitacion-da-illa-de-san-simon-e-san-anton\/","og_locale":"es_ES","og_type":"article","og_title":"Rehabilitaci\u00f3n da illa de San Sim\u00f3n e San Ant\u00f3n | AG","og_description":"\"Transformar o car\u00e1cter triste, case tr\u00e1xico, dos edificios e do conxunto das illas \u2013 contaxiados todos eles polas actividades que albergaron historicamente- en edificios luminosos e alegres grazas ao manexo da luz e da calor, mediante a inserci\u00f3n de lucernarios e galer\u00edas, e o emprego de estucos\" C\u00e9sar Portela","og_url":"https:\/\/arquitecturadegalicia.eu\/blog\/rehabilitacion-da-illa-de-san-simon-e-san-anton\/","og_site_name":"AG","article_publisher":"https:\/\/www.facebook.com\/ArquitecturadeGalicia\/","article_published_time":"2013-08-28T18:00:40+00:00","article_modified_time":"2013-08-20T13:21:53+00:00","og_image":[{"width":620,"height":465,"url":"https:\/\/arquitecturadegalicia.eu\/blog\/wp-content\/uploads\/2013\/08\/illa_san_simon_portela_redondela_vigo.jpg","type":"image\/jpeg"}],"author":"Iago Valverde","twitter_card":"summary_large_image","twitter_creator":"@arquigaliciaeu","twitter_site":"@arquigaliciaeu","twitter_misc":{"Escrito por":"Iago Valverde","Tiempo de lectura":"1 minuto"},"schema":{"@context":"https:\/\/schema.org","@graph":[{"@type":"Article","@id":"https:\/\/arquitecturadegalicia.eu\/blog\/rehabilitacion-da-illa-de-san-simon-e-san-anton\/#article","isPartOf":{"@id":"https:\/\/arquitecturadegalicia.eu\/blog\/rehabilitacion-da-illa-de-san-simon-e-san-anton\/"},"author":{"name":"Iago Valverde","@id":"https:\/\/arquitecturadegalicia.eu\/blog\/#\/schema\/person\/a51297ea3eeddd32ccbd89a218e148f1"},"headline":"Rehabilitaci\u00f3n da illa de San Sim\u00f3n e San Ant\u00f3n","datePublished":"2013-08-28T18:00:40+00:00","dateModified":"2013-08-20T13:21:53+00:00","mainEntityOfPage":{"@id":"https:\/\/arquitecturadegalicia.eu\/blog\/rehabilitacion-da-illa-de-san-simon-e-san-anton\/"},"wordCount":273,"commentCount":0,"publisher":{"@id":"https:\/\/arquitecturadegalicia.eu\/blog\/#organization"},"image":{"@id":"https:\/\/arquitecturadegalicia.eu\/blog\/rehabilitacion-da-illa-de-san-simon-e-san-anton\/#primaryimage"},"thumbnailUrl":"https:\/\/arquitecturadegalicia.eu\/blog\/wp-content\/uploads\/2013\/08\/illa_san_simon_portela_redondela_vigo.jpg","keywords":["2003","C\u00e9sar Portela","rehabilitaci\u00f3n"],"articleSection":["Redondela"],"inLanguage":"es","potentialAction":[{"@type":"CommentAction","name":"Comment","target":["https:\/\/arquitecturadegalicia.eu\/blog\/rehabilitacion-da-illa-de-san-simon-e-san-anton\/#respond"]}]},{"@type":"WebPage","@id":"https:\/\/arquitecturadegalicia.eu\/blog\/rehabilitacion-da-illa-de-san-simon-e-san-anton\/","url":"https:\/\/arquitecturadegalicia.eu\/blog\/rehabilitacion-da-illa-de-san-simon-e-san-anton\/","name":"Rehabilitaci\u00f3n da illa de San Sim\u00f3n e San Ant\u00f3n | AG","isPartOf":{"@id":"https:\/\/arquitecturadegalicia.eu\/blog\/#website"},"primaryImageOfPage":{"@id":"https:\/\/arquitecturadegalicia.eu\/blog\/rehabilitacion-da-illa-de-san-simon-e-san-anton\/#primaryimage"},"image":{"@id":"https:\/\/arquitecturadegalicia.eu\/blog\/rehabilitacion-da-illa-de-san-simon-e-san-anton\/#primaryimage"},"thumbnailUrl":"https:\/\/arquitecturadegalicia.eu\/blog\/wp-content\/uploads\/2013\/08\/illa_san_simon_portela_redondela_vigo.jpg","datePublished":"2013-08-28T18:00:40+00:00","dateModified":"2013-08-20T13:21:53+00:00","breadcrumb":{"@id":"https:\/\/arquitecturadegalicia.eu\/blog\/rehabilitacion-da-illa-de-san-simon-e-san-anton\/#breadcrumb"},"inLanguage":"es","potentialAction":[{"@type":"ReadAction","target":["https:\/\/arquitecturadegalicia.eu\/blog\/rehabilitacion-da-illa-de-san-simon-e-san-anton\/"]}]},{"@type":"ImageObject","inLanguage":"es","@id":"https:\/\/arquitecturadegalicia.eu\/blog\/rehabilitacion-da-illa-de-san-simon-e-san-anton\/#primaryimage","url":"https:\/\/arquitecturadegalicia.eu\/blog\/wp-content\/uploads\/2013\/08\/illa_san_simon_portela_redondela_vigo.jpg","contentUrl":"https:\/\/arquitecturadegalicia.eu\/blog\/wp-content\/uploads\/2013\/08\/illa_san_simon_portela_redondela_vigo.jpg","width":620,"height":465},{"@type":"BreadcrumbList","@id":"https:\/\/arquitecturadegalicia.eu\/blog\/rehabilitacion-da-illa-de-san-simon-e-san-anton\/#breadcrumb","itemListElement":[{"@type":"ListItem","position":1,"name":"Portada","item":"https:\/\/arquitecturadegalicia.eu\/blog\/"},{"@type":"ListItem","position":2,"name":"Rehabilitaci\u00f3n da illa de San Sim\u00f3n e San Ant\u00f3n"}]},{"@type":"WebSite","@id":"https:\/\/arquitecturadegalicia.eu\/blog\/#website","url":"https:\/\/arquitecturadegalicia.eu\/blog\/","name":"AG","description":"Arquitectura de Galicia","publisher":{"@id":"https:\/\/arquitecturadegalicia.eu\/blog\/#organization"},"potentialAction":[{"@type":"SearchAction","target":{"@type":"EntryPoint","urlTemplate":"https:\/\/arquitecturadegalicia.eu\/blog\/?s={search_term_string}"},"query-input":{"@type":"PropertyValueSpecification","valueRequired":true,"valueName":"search_term_string"}}],"inLanguage":"es"},{"@type":"Organization","@id":"https:\/\/arquitecturadegalicia.eu\/blog\/#organization","name":"Arquitectura de Galicia","url":"https:\/\/arquitecturadegalicia.eu\/blog\/","logo":{"@type":"ImageObject","inLanguage":"es","@id":"https:\/\/arquitecturadegalicia.eu\/blog\/#\/schema\/logo\/image\/","url":"https:\/\/arquitecturadegalicia.eu\/blog\/wp-content\/uploads\/2017\/01\/arquitecturacurrents2.png","contentUrl":"https:\/\/arquitecturadegalicia.eu\/blog\/wp-content\/uploads\/2017\/01\/arquitecturacurrents2.png","width":840,"height":640,"caption":"Arquitectura de Galicia"},"image":{"@id":"https:\/\/arquitecturadegalicia.eu\/blog\/#\/schema\/logo\/image\/"},"sameAs":["https:\/\/www.facebook.com\/ArquitecturadeGalicia\/","https:\/\/x.com\/arquigaliciaeu","https:\/\/www.instagram.com\/arquigaliciaeu\/"]},{"@type":"Person","@id":"https:\/\/arquitecturadegalicia.eu\/blog\/#\/schema\/person\/a51297ea3eeddd32ccbd89a218e148f1","name":"Iago Valverde","image":{"@type":"ImageObject","inLanguage":"es","@id":"https:\/\/arquitecturadegalicia.eu\/blog\/#\/schema\/person\/image\/","url":"https:\/\/secure.gravatar.com\/avatar\/eb8a9f2f10ff79db5c78989d92f1e8b2?s=96&d=mm&r=g","contentUrl":"https:\/\/secure.gravatar.com\/avatar\/eb8a9f2f10ff79db5c78989d92f1e8b2?s=96&d=mm&r=g","caption":"Iago Valverde"},"description":"Nigr\u00e1n | Edici\u00f3n de artigos e xeolocalizaci\u00f3n | Arquitecto en formaci\u00f3n na ETSAC e cursando PFC. Interesado en urbanismo, arquitectura, pol\u00edtica, e todo aquilo que \u00e9 complexo e vital","url":"https:\/\/arquitecturadegalicia.eu\/blog\/author\/iago-valverde\/"}]}},"jetpack_featured_media_url":"https:\/\/arquitecturadegalicia.eu\/blog\/wp-content\/uploads\/2013\/08\/illa_san_simon_portela_redondela_vigo.jpg","jetpack_shortlink":"https:\/\/wp.me\/p2NHs2-2gm","jetpack_sharing_enabled":true,"_links":{"self":[{"href":"https:\/\/arquitecturadegalicia.eu\/blog\/wp-json\/wp\/v2\/posts\/8702","targetHints":{"allow":["GET"]}}],"collection":[{"href":"https:\/\/arquitecturadegalicia.eu\/blog\/wp-json\/wp\/v2\/posts"}],"about":[{"href":"https:\/\/arquitecturadegalicia.eu\/blog\/wp-json\/wp\/v2\/types\/post"}],"author":[{"embeddable":true,"href":"https:\/\/arquitecturadegalicia.eu\/blog\/wp-json\/wp\/v2\/users\/8"}],"replies":[{"embeddable":true,"href":"https:\/\/arquitecturadegalicia.eu\/blog\/wp-json\/wp\/v2\/comments?post=8702"}],"version-history":[{"count":9,"href":"https:\/\/arquitecturadegalicia.eu\/blog\/wp-json\/wp\/v2\/posts\/8702\/revisions"}],"predecessor-version":[{"id":8717,"href":"https:\/\/arquitecturadegalicia.eu\/blog\/wp-json\/wp\/v2\/posts\/8702\/revisions\/8717"}],"wp:featuredmedia":[{"embeddable":true,"href":"https:\/\/arquitecturadegalicia.eu\/blog\/wp-json\/wp\/v2\/media\/8708"}],"wp:attachment":[{"href":"https:\/\/arquitecturadegalicia.eu\/blog\/wp-json\/wp\/v2\/media?parent=8702"}],"wp:term":[{"taxonomy":"category","embeddable":true,"href":"https:\/\/arquitecturadegalicia.eu\/blog\/wp-json\/wp\/v2\/categories?post=8702"},{"taxonomy":"post_tag","embeddable":true,"href":"https:\/\/arquitecturadegalicia.eu\/blog\/wp-json\/wp\/v2\/tags?post=8702"},{"taxonomy":"ano","embeddable":true,"href":"https:\/\/arquitecturadegalicia.eu\/blog\/wp-json\/wp\/v2\/ano?post=8702"},{"taxonomy":"arquitectos","embeddable":true,"href":"https:\/\/arquitecturadegalicia.eu\/blog\/wp-json\/wp\/v2\/arquitectos?post=8702"},{"taxonomy":"tipoloxia","embeddable":true,"href":"https:\/\/arquitecturadegalicia.eu\/blog\/wp-json\/wp\/v2\/tipoloxia?post=8702"}],"curies":[{"name":"wp","href":"https:\/\/api.w.org\/{rel}","templated":true}]}}