{"id":9046,"date":"2013-09-28T20:00:55","date_gmt":"2013-09-28T18:00:55","guid":{"rendered":"http:\/\/arquitecturadegalicia.eu\/blog\/?p=9046"},"modified":"2013-09-28T21:19:34","modified_gmt":"2013-09-28T19:19:34","slug":"pabillon-de-celebracions-no-pazo-de-cea","status":"publish","type":"post","link":"https:\/\/arquitecturadegalicia.eu\/blog\/pabillon-de-celebracions-no-pazo-de-cea\/","title":{"rendered":"Pavill\u00f3n de celebraci\u00f3ns no Pazo de Cea"},"content":{"rendered":"<h6 style=\"text-align: right;\"><span style=\"color: #999999;\"><img fetchpriority=\"high\" decoding=\"async\" class=\"size-full wp-image-9049 aligncenter\" alt=\"v+c_pcea_22_ext07\" src=\"http:\/\/arquitecturadegalicia.eu\/blog\/wp-content\/uploads\/2013\/09\/v+c_pcea_22_ext07.jpg\" width=\"620\" height=\"380\" srcset=\"https:\/\/arquitecturadegalicia.eu\/blog\/wp-content\/uploads\/2013\/09\/v+c_pcea_22_ext07.jpg 620w, https:\/\/arquitecturadegalicia.eu\/blog\/wp-content\/uploads\/2013\/09\/v+c_pcea_22_ext07-300x183.jpg 300w\" sizes=\"(max-width: 620px) 100vw, 620px\" \/>Villac\u00e9 e Cominges<br \/>\n<\/span><\/h6>\n<table class=\"aligncenter\" width=\"620\" border=\"0\" cellspacing=\"0\" cellpadding=\"0\">\n<tbody>\n<tr>\n<td width=\"180\"><strong>Obra:<\/strong><\/td>\n<td>Pavill\u00f3n de celebraci\u00f3ns no Pazo de Cea<\/td>\n<\/tr>\n<tr>\n<td><strong>Arquitecto:<\/strong><\/td>\n<td>Jos\u00e9 Villac\u00e9 e Mart\u00edn de Cominges<\/td>\n<\/tr>\n<tr>\n<td><strong>Provincia:<\/strong><\/td>\n<td>Pontevedra<\/td>\n<\/tr>\n<tr>\n<td><strong>Localidade:<\/strong><\/td>\n<td>San Fiz, Nigr\u00e1n<\/td>\n<\/tr>\n<tr>\n<td><strong>Ano:<\/strong><\/td>\n<td>2010 &#8211; 2012<\/td>\n<\/tr>\n<tr>\n<td><strong>Xeolocalizaci\u00f3n:<\/strong><\/td>\n<td><a href=\"https:\/\/maps.google.com\/maps\/ms?ie=UTF8&amp;hl=es&amp;oe=UTF8&amp;t=h&amp;vpsrc=6&amp;msa=0&amp;msid=205584753861089304839.0004b3590a9baff01c53d&amp;start=400&amp;num=200&amp;ll=42.15073,-8.799738&amp;spn=0.003425,0.004823&amp;z=18&amp;iwloc=0004e6824af3a6f510526\" target=\"_blank\"><strong>42.149,-8.800<br \/>\n<\/strong><\/a><\/td>\n<\/tr>\n<\/tbody>\n<\/table>\n<table class=\" aligncenter\" width=\"620\" border=\"0\" cellspacing=\"0\" cellpadding=\"0\">\n<tbody>\n<tr>\n<td colspan=\"3\"><strong>Outros Datos:<\/strong><\/td>\n<\/tr>\n<tr>\n<td width=\"20\"><\/td>\n<td colspan=\"2\"><strong>Premios:<\/strong><\/td>\n<\/tr>\n<tr>\n<td width=\"20\"><\/td>\n<td width=\"20\"><\/td>\n<td width=\"580\">Premio GranDeArea 2013<\/td>\n<\/tr>\n<tr>\n<td width=\"20\"><\/td>\n<td colspan=\"2\"><strong>Publicaci\u00f3ns:<\/strong><\/td>\n<\/tr>\n<tr>\n<td width=\"20\"><\/td>\n<td width=\"20\"><\/td>\n<td><\/td>\n<\/tr>\n<tr>\n<td width=\"20\"><\/td>\n<td colspan=\"2\"><strong>Informaci\u00f3n na rede:<\/strong><\/td>\n<\/tr>\n<tr>\n<td width=\"20\"><\/td>\n<td width=\"20\"><\/td>\n<td><strong><a href=\"http:\/\/veredes.es\/blog\/pabellon-de-celebraciones-en-el-pazo-de-cea-villace-y-cominges\/\" target=\"_blank\">veredes.es<\/a><\/strong><\/td>\n<\/tr>\n<tr>\n<td width=\"20\"><\/td>\n<td colspan=\"2\"><strong>Descripci\u00f3n do proxecto:<\/strong><\/td>\n<\/tr>\n<tr>\n<td width=\"20\"><\/td>\n<td width=\"20\"><\/td>\n<td style=\"text-align: justify;\">\u00ab<em>El pabell\u00f3n aprovecha esta disposici\u00f3n aterrazada y se sit\u00faa en el desnivel entre la terraza ocupada por un hermoso ejemplar de araucaria y la que est\u00e1 en el nivel del Pazo, con el que se comunica por medio de un jard\u00edn de camelios. Conforma una ruta a trav\u00e9s de los jardines del Pazo que incluye el acceso a las instalaciones por la entrada tradicional, y un recorrido ceremonial a trav\u00e9s de la fuente y la eira hasta la terraza superior, por la que se desciende hasta el pabell\u00f3n por una rampa.<\/em><br \/>\n<em> El edificio se entiende como la cubrici\u00f3n ligera de una parte de la terraza en la que se sit\u00faa, apoy\u00e1ndose en el socalco y abri\u00e9ndose en todas las direcciones para permitirnos tener una referencia clara de d\u00f3nde estamos. Es una pieza baja y alargada, que se desarrolla en direcci\u00f3n norte-sur, haciendo de base a la araucaria bajo la que se encuentra y con la que forma un \u00e1ngulo recto. En los extremos de la edificaci\u00f3n dos grandes frentes de vidrio hacen que la presencia de la edificaci\u00f3n del Pazo sea presente desde el bosque y viceversa. En el lado oeste, una pieza de baja altura forma un porche cubierto hacia la carballeira que remata la finca.<\/em><br \/>\n<em> Los servicios del pabell\u00f3n se entierran en la terraza que est\u00e1 en el nivel superior, desapareciendo de la percepci\u00f3n del visitante. Se accede a ellos mediante un patio que se sit\u00faa en el borde norte de la parcela<\/em>\u00bb\u00a0Jos\u00e9 Villac\u00e9 e Mart\u00edn de Cominges<\/td>\n<\/tr>\n<tr>\n<td width=\"20\"><\/td>\n<td colspan=\"2\"><b><b><b>Reportaxe fotogr\u00e1fica<\/b>:\u00a0<\/b><\/b><a href=\"http:\/\/arquitecturadegalicia.eu\/blog\/?author=##\" target=\"_blank\"><br \/>\n<\/a><\/td>\n<\/tr>\n<tr>\n<td width=\"20\"><\/td>\n<td colspan=\"2\"><\/td>\n<\/tr>\n<tr>\n<td width=\"20\"><\/td>\n<td colspan=\"2\"><strong>Planos:<\/strong><\/td>\n<\/tr>\n<tr>\n<td width=\"20\"><\/td>\n<td colspan=\"2\">[nggallery id=313]<\/td>\n<\/tr>\n<\/tbody>\n<\/table>\n","protected":false},"excerpt":{"rendered":"<p>\u00abEl edificio se entiende como la cubrici\u00f3n ligera de una parte de la terraza en la que se sit\u00faa, apoy\u00e1ndose en el socalco y abri\u00e9ndose en todas las direcciones para permitirnos tener una referencia clara de d\u00f3nde estamos. Es una pieza baja y alargada, que se desarrolla en direcci\u00f3n norte-sur, haciendo de base a la araucaria bajo la que se encuentra\u00bb Villac\u00e9 e  Cominges<\/p>\n","protected":false},"author":8,"featured_media":9049,"comment_status":"open","ping_status":"open","sticky":false,"template":"","format":"standard","meta":{"jetpack_post_was_ever_published":false,"_jetpack_newsletter_access":"","_jetpack_dont_email_post_to_subs":false,"_jetpack_newsletter_tier_id":0,"_jetpack_memberships_contains_paywalled_content":false,"_jetpack_memberships_contains_paid_content":false,"footnotes":"","jetpack_publicize_message":"","jetpack_publicize_feature_enabled":true,"jetpack_social_post_already_shared":true,"jetpack_social_options":{"image_generator_settings":{"template":"highway","enabled":false},"version":2}},"categories":[195],"tags":[57,643,171,405],"ano":[],"arquitectos":[],"tipoloxia":[],"class_list":["post-9046","post","type-post","status-publish","format-standard","has-post-thumbnail","hentry","category-nigran","tag-57","tag-hoteleiro","tag-jose-villace","tag-martin-de-cominges","content-print"],"jetpack_publicize_connections":[],"yoast_head":"<!-- This site is optimized with the Yoast SEO plugin v24.1 - https:\/\/yoast.com\/wordpress\/plugins\/seo\/ -->\n<title>Pavill\u00f3n de celebraci\u00f3ns no Pazo de Cea | AG<\/title>\n<meta name=\"robots\" content=\"index, follow, max-snippet:-1, max-image-preview:large, max-video-preview:-1\" \/>\n<link rel=\"canonical\" href=\"https:\/\/arquitecturadegalicia.eu\/blog\/pabillon-de-celebracions-no-pazo-de-cea\/\" \/>\n<meta property=\"og:locale\" content=\"es_ES\" \/>\n<meta property=\"og:type\" content=\"article\" \/>\n<meta property=\"og:title\" content=\"Pavill\u00f3n de celebraci\u00f3ns no Pazo de Cea | AG\" \/>\n<meta property=\"og:description\" content=\"&quot;El edificio se entiende como la cubrici\u00f3n ligera de una parte de la terraza en la que se sit\u00faa, apoy\u00e1ndose en el socalco y abri\u00e9ndose en todas las direcciones para permitirnos tener una referencia clara de d\u00f3nde estamos. Es una pieza baja y alargada, que se desarrolla en direcci\u00f3n norte-sur, haciendo de base a la araucaria bajo la que se encuentra&quot; Villac\u00e9 e Cominges\" \/>\n<meta property=\"og:url\" content=\"https:\/\/arquitecturadegalicia.eu\/blog\/pabillon-de-celebracions-no-pazo-de-cea\/\" \/>\n<meta property=\"og:site_name\" content=\"AG\" \/>\n<meta property=\"article:publisher\" content=\"https:\/\/www.facebook.com\/ArquitecturadeGalicia\/\" \/>\n<meta property=\"article:published_time\" content=\"2013-09-28T18:00:55+00:00\" \/>\n<meta property=\"article:modified_time\" content=\"2013-09-28T19:19:34+00:00\" \/>\n<meta property=\"og:image\" content=\"https:\/\/arquitecturadegalicia.eu\/blog\/wp-content\/uploads\/2013\/09\/v+c_pcea_22_ext07.jpg\" \/>\n\t<meta property=\"og:image:width\" content=\"620\" \/>\n\t<meta property=\"og:image:height\" content=\"380\" \/>\n\t<meta property=\"og:image:type\" content=\"image\/jpeg\" \/>\n<meta name=\"author\" content=\"Iago Valverde\" \/>\n<meta name=\"twitter:card\" content=\"summary_large_image\" \/>\n<meta name=\"twitter:creator\" content=\"@arquigaliciaeu\" \/>\n<meta name=\"twitter:site\" content=\"@arquigaliciaeu\" \/>\n<meta name=\"twitter:label1\" content=\"Escrito por\" \/>\n\t<meta name=\"twitter:data1\" content=\"Iago Valverde\" \/>\n\t<meta name=\"twitter:label2\" content=\"Tiempo de lectura\" \/>\n\t<meta name=\"twitter:data2\" content=\"2 minutos\" \/>\n<script type=\"application\/ld+json\" class=\"yoast-schema-graph\">{\"@context\":\"https:\/\/schema.org\",\"@graph\":[{\"@type\":\"Article\",\"@id\":\"https:\/\/arquitecturadegalicia.eu\/blog\/pabillon-de-celebracions-no-pazo-de-cea\/#article\",\"isPartOf\":{\"@id\":\"https:\/\/arquitecturadegalicia.eu\/blog\/pabillon-de-celebracions-no-pazo-de-cea\/\"},\"author\":{\"name\":\"Iago Valverde\",\"@id\":\"https:\/\/arquitecturadegalicia.eu\/blog\/#\/schema\/person\/a51297ea3eeddd32ccbd89a218e148f1\"},\"headline\":\"Pavill\u00f3n de celebraci\u00f3ns no Pazo de Cea\",\"datePublished\":\"2013-09-28T18:00:55+00:00\",\"dateModified\":\"2013-09-28T19:19:34+00:00\",\"mainEntityOfPage\":{\"@id\":\"https:\/\/arquitecturadegalicia.eu\/blog\/pabillon-de-celebracions-no-pazo-de-cea\/\"},\"wordCount\":335,\"commentCount\":0,\"publisher\":{\"@id\":\"https:\/\/arquitecturadegalicia.eu\/blog\/#organization\"},\"image\":{\"@id\":\"https:\/\/arquitecturadegalicia.eu\/blog\/pabillon-de-celebracions-no-pazo-de-cea\/#primaryimage\"},\"thumbnailUrl\":\"https:\/\/arquitecturadegalicia.eu\/blog\/wp-content\/uploads\/2013\/09\/v+c_pcea_22_ext07.jpg\",\"keywords\":[\"2012\",\"hoteleiro\",\"Jos\u00e9 Villac\u00e9\",\"Mart\u00edn de Cominges\"],\"articleSection\":[\"Nigr\u00e1n\"],\"inLanguage\":\"es\",\"potentialAction\":[{\"@type\":\"CommentAction\",\"name\":\"Comment\",\"target\":[\"https:\/\/arquitecturadegalicia.eu\/blog\/pabillon-de-celebracions-no-pazo-de-cea\/#respond\"]}]},{\"@type\":\"WebPage\",\"@id\":\"https:\/\/arquitecturadegalicia.eu\/blog\/pabillon-de-celebracions-no-pazo-de-cea\/\",\"url\":\"https:\/\/arquitecturadegalicia.eu\/blog\/pabillon-de-celebracions-no-pazo-de-cea\/\",\"name\":\"Pavill\u00f3n de celebraci\u00f3ns no Pazo de Cea | AG\",\"isPartOf\":{\"@id\":\"https:\/\/arquitecturadegalicia.eu\/blog\/#website\"},\"primaryImageOfPage\":{\"@id\":\"https:\/\/arquitecturadegalicia.eu\/blog\/pabillon-de-celebracions-no-pazo-de-cea\/#primaryimage\"},\"image\":{\"@id\":\"https:\/\/arquitecturadegalicia.eu\/blog\/pabillon-de-celebracions-no-pazo-de-cea\/#primaryimage\"},\"thumbnailUrl\":\"https:\/\/arquitecturadegalicia.eu\/blog\/wp-content\/uploads\/2013\/09\/v+c_pcea_22_ext07.jpg\",\"datePublished\":\"2013-09-28T18:00:55+00:00\",\"dateModified\":\"2013-09-28T19:19:34+00:00\",\"breadcrumb\":{\"@id\":\"https:\/\/arquitecturadegalicia.eu\/blog\/pabillon-de-celebracions-no-pazo-de-cea\/#breadcrumb\"},\"inLanguage\":\"es\",\"potentialAction\":[{\"@type\":\"ReadAction\",\"target\":[\"https:\/\/arquitecturadegalicia.eu\/blog\/pabillon-de-celebracions-no-pazo-de-cea\/\"]}]},{\"@type\":\"ImageObject\",\"inLanguage\":\"es\",\"@id\":\"https:\/\/arquitecturadegalicia.eu\/blog\/pabillon-de-celebracions-no-pazo-de-cea\/#primaryimage\",\"url\":\"https:\/\/arquitecturadegalicia.eu\/blog\/wp-content\/uploads\/2013\/09\/v+c_pcea_22_ext07.jpg\",\"contentUrl\":\"https:\/\/arquitecturadegalicia.eu\/blog\/wp-content\/uploads\/2013\/09\/v+c_pcea_22_ext07.jpg\",\"width\":620,\"height\":380},{\"@type\":\"BreadcrumbList\",\"@id\":\"https:\/\/arquitecturadegalicia.eu\/blog\/pabillon-de-celebracions-no-pazo-de-cea\/#breadcrumb\",\"itemListElement\":[{\"@type\":\"ListItem\",\"position\":1,\"name\":\"Portada\",\"item\":\"https:\/\/arquitecturadegalicia.eu\/blog\/\"},{\"@type\":\"ListItem\",\"position\":2,\"name\":\"Pavill\u00f3n de celebraci\u00f3ns no Pazo de Cea\"}]},{\"@type\":\"WebSite\",\"@id\":\"https:\/\/arquitecturadegalicia.eu\/blog\/#website\",\"url\":\"https:\/\/arquitecturadegalicia.eu\/blog\/\",\"name\":\"AG\",\"description\":\"Arquitectura de Galicia\",\"publisher\":{\"@id\":\"https:\/\/arquitecturadegalicia.eu\/blog\/#organization\"},\"potentialAction\":[{\"@type\":\"SearchAction\",\"target\":{\"@type\":\"EntryPoint\",\"urlTemplate\":\"https:\/\/arquitecturadegalicia.eu\/blog\/?s={search_term_string}\"},\"query-input\":{\"@type\":\"PropertyValueSpecification\",\"valueRequired\":true,\"valueName\":\"search_term_string\"}}],\"inLanguage\":\"es\"},{\"@type\":\"Organization\",\"@id\":\"https:\/\/arquitecturadegalicia.eu\/blog\/#organization\",\"name\":\"Arquitectura de Galicia\",\"url\":\"https:\/\/arquitecturadegalicia.eu\/blog\/\",\"logo\":{\"@type\":\"ImageObject\",\"inLanguage\":\"es\",\"@id\":\"https:\/\/arquitecturadegalicia.eu\/blog\/#\/schema\/logo\/image\/\",\"url\":\"https:\/\/arquitecturadegalicia.eu\/blog\/wp-content\/uploads\/2017\/01\/arquitecturacurrents2.png\",\"contentUrl\":\"https:\/\/arquitecturadegalicia.eu\/blog\/wp-content\/uploads\/2017\/01\/arquitecturacurrents2.png\",\"width\":840,\"height\":640,\"caption\":\"Arquitectura de Galicia\"},\"image\":{\"@id\":\"https:\/\/arquitecturadegalicia.eu\/blog\/#\/schema\/logo\/image\/\"},\"sameAs\":[\"https:\/\/www.facebook.com\/ArquitecturadeGalicia\/\",\"https:\/\/x.com\/arquigaliciaeu\",\"https:\/\/www.instagram.com\/arquigaliciaeu\/\"]},{\"@type\":\"Person\",\"@id\":\"https:\/\/arquitecturadegalicia.eu\/blog\/#\/schema\/person\/a51297ea3eeddd32ccbd89a218e148f1\",\"name\":\"Iago Valverde\",\"image\":{\"@type\":\"ImageObject\",\"inLanguage\":\"es\",\"@id\":\"https:\/\/arquitecturadegalicia.eu\/blog\/#\/schema\/person\/image\/\",\"url\":\"https:\/\/secure.gravatar.com\/avatar\/eb8a9f2f10ff79db5c78989d92f1e8b2?s=96&d=mm&r=g\",\"contentUrl\":\"https:\/\/secure.gravatar.com\/avatar\/eb8a9f2f10ff79db5c78989d92f1e8b2?s=96&d=mm&r=g\",\"caption\":\"Iago Valverde\"},\"description\":\"Nigr\u00e1n | Edici\u00f3n de artigos e xeolocalizaci\u00f3n | Arquitecto en formaci\u00f3n na ETSAC e cursando PFC. Interesado en urbanismo, arquitectura, pol\u00edtica, e todo aquilo que \u00e9 complexo e vital\",\"url\":\"https:\/\/arquitecturadegalicia.eu\/blog\/author\/iago-valverde\/\"}]}<\/script>\n<!-- \/ Yoast SEO plugin. -->","yoast_head_json":{"title":"Pavill\u00f3n de celebraci\u00f3ns no Pazo de Cea | AG","robots":{"index":"index","follow":"follow","max-snippet":"max-snippet:-1","max-image-preview":"max-image-preview:large","max-video-preview":"max-video-preview:-1"},"canonical":"https:\/\/arquitecturadegalicia.eu\/blog\/pabillon-de-celebracions-no-pazo-de-cea\/","og_locale":"es_ES","og_type":"article","og_title":"Pavill\u00f3n de celebraci\u00f3ns no Pazo de Cea | AG","og_description":"\"El edificio se entiende como la cubrici\u00f3n ligera de una parte de la terraza en la que se sit\u00faa, apoy\u00e1ndose en el socalco y abri\u00e9ndose en todas las direcciones para permitirnos tener una referencia clara de d\u00f3nde estamos. Es una pieza baja y alargada, que se desarrolla en direcci\u00f3n norte-sur, haciendo de base a la araucaria bajo la que se encuentra\" Villac\u00e9 e Cominges","og_url":"https:\/\/arquitecturadegalicia.eu\/blog\/pabillon-de-celebracions-no-pazo-de-cea\/","og_site_name":"AG","article_publisher":"https:\/\/www.facebook.com\/ArquitecturadeGalicia\/","article_published_time":"2013-09-28T18:00:55+00:00","article_modified_time":"2013-09-28T19:19:34+00:00","og_image":[{"width":620,"height":380,"url":"https:\/\/arquitecturadegalicia.eu\/blog\/wp-content\/uploads\/2013\/09\/v+c_pcea_22_ext07.jpg","type":"image\/jpeg"}],"author":"Iago Valverde","twitter_card":"summary_large_image","twitter_creator":"@arquigaliciaeu","twitter_site":"@arquigaliciaeu","twitter_misc":{"Escrito por":"Iago Valverde","Tiempo de lectura":"2 minutos"},"schema":{"@context":"https:\/\/schema.org","@graph":[{"@type":"Article","@id":"https:\/\/arquitecturadegalicia.eu\/blog\/pabillon-de-celebracions-no-pazo-de-cea\/#article","isPartOf":{"@id":"https:\/\/arquitecturadegalicia.eu\/blog\/pabillon-de-celebracions-no-pazo-de-cea\/"},"author":{"name":"Iago Valverde","@id":"https:\/\/arquitecturadegalicia.eu\/blog\/#\/schema\/person\/a51297ea3eeddd32ccbd89a218e148f1"},"headline":"Pavill\u00f3n de celebraci\u00f3ns no Pazo de Cea","datePublished":"2013-09-28T18:00:55+00:00","dateModified":"2013-09-28T19:19:34+00:00","mainEntityOfPage":{"@id":"https:\/\/arquitecturadegalicia.eu\/blog\/pabillon-de-celebracions-no-pazo-de-cea\/"},"wordCount":335,"commentCount":0,"publisher":{"@id":"https:\/\/arquitecturadegalicia.eu\/blog\/#organization"},"image":{"@id":"https:\/\/arquitecturadegalicia.eu\/blog\/pabillon-de-celebracions-no-pazo-de-cea\/#primaryimage"},"thumbnailUrl":"https:\/\/arquitecturadegalicia.eu\/blog\/wp-content\/uploads\/2013\/09\/v+c_pcea_22_ext07.jpg","keywords":["2012","hoteleiro","Jos\u00e9 Villac\u00e9","Mart\u00edn de Cominges"],"articleSection":["Nigr\u00e1n"],"inLanguage":"es","potentialAction":[{"@type":"CommentAction","name":"Comment","target":["https:\/\/arquitecturadegalicia.eu\/blog\/pabillon-de-celebracions-no-pazo-de-cea\/#respond"]}]},{"@type":"WebPage","@id":"https:\/\/arquitecturadegalicia.eu\/blog\/pabillon-de-celebracions-no-pazo-de-cea\/","url":"https:\/\/arquitecturadegalicia.eu\/blog\/pabillon-de-celebracions-no-pazo-de-cea\/","name":"Pavill\u00f3n de celebraci\u00f3ns no Pazo de Cea | AG","isPartOf":{"@id":"https:\/\/arquitecturadegalicia.eu\/blog\/#website"},"primaryImageOfPage":{"@id":"https:\/\/arquitecturadegalicia.eu\/blog\/pabillon-de-celebracions-no-pazo-de-cea\/#primaryimage"},"image":{"@id":"https:\/\/arquitecturadegalicia.eu\/blog\/pabillon-de-celebracions-no-pazo-de-cea\/#primaryimage"},"thumbnailUrl":"https:\/\/arquitecturadegalicia.eu\/blog\/wp-content\/uploads\/2013\/09\/v+c_pcea_22_ext07.jpg","datePublished":"2013-09-28T18:00:55+00:00","dateModified":"2013-09-28T19:19:34+00:00","breadcrumb":{"@id":"https:\/\/arquitecturadegalicia.eu\/blog\/pabillon-de-celebracions-no-pazo-de-cea\/#breadcrumb"},"inLanguage":"es","potentialAction":[{"@type":"ReadAction","target":["https:\/\/arquitecturadegalicia.eu\/blog\/pabillon-de-celebracions-no-pazo-de-cea\/"]}]},{"@type":"ImageObject","inLanguage":"es","@id":"https:\/\/arquitecturadegalicia.eu\/blog\/pabillon-de-celebracions-no-pazo-de-cea\/#primaryimage","url":"https:\/\/arquitecturadegalicia.eu\/blog\/wp-content\/uploads\/2013\/09\/v+c_pcea_22_ext07.jpg","contentUrl":"https:\/\/arquitecturadegalicia.eu\/blog\/wp-content\/uploads\/2013\/09\/v+c_pcea_22_ext07.jpg","width":620,"height":380},{"@type":"BreadcrumbList","@id":"https:\/\/arquitecturadegalicia.eu\/blog\/pabillon-de-celebracions-no-pazo-de-cea\/#breadcrumb","itemListElement":[{"@type":"ListItem","position":1,"name":"Portada","item":"https:\/\/arquitecturadegalicia.eu\/blog\/"},{"@type":"ListItem","position":2,"name":"Pavill\u00f3n de celebraci\u00f3ns no Pazo de Cea"}]},{"@type":"WebSite","@id":"https:\/\/arquitecturadegalicia.eu\/blog\/#website","url":"https:\/\/arquitecturadegalicia.eu\/blog\/","name":"AG","description":"Arquitectura de Galicia","publisher":{"@id":"https:\/\/arquitecturadegalicia.eu\/blog\/#organization"},"potentialAction":[{"@type":"SearchAction","target":{"@type":"EntryPoint","urlTemplate":"https:\/\/arquitecturadegalicia.eu\/blog\/?s={search_term_string}"},"query-input":{"@type":"PropertyValueSpecification","valueRequired":true,"valueName":"search_term_string"}}],"inLanguage":"es"},{"@type":"Organization","@id":"https:\/\/arquitecturadegalicia.eu\/blog\/#organization","name":"Arquitectura de Galicia","url":"https:\/\/arquitecturadegalicia.eu\/blog\/","logo":{"@type":"ImageObject","inLanguage":"es","@id":"https:\/\/arquitecturadegalicia.eu\/blog\/#\/schema\/logo\/image\/","url":"https:\/\/arquitecturadegalicia.eu\/blog\/wp-content\/uploads\/2017\/01\/arquitecturacurrents2.png","contentUrl":"https:\/\/arquitecturadegalicia.eu\/blog\/wp-content\/uploads\/2017\/01\/arquitecturacurrents2.png","width":840,"height":640,"caption":"Arquitectura de Galicia"},"image":{"@id":"https:\/\/arquitecturadegalicia.eu\/blog\/#\/schema\/logo\/image\/"},"sameAs":["https:\/\/www.facebook.com\/ArquitecturadeGalicia\/","https:\/\/x.com\/arquigaliciaeu","https:\/\/www.instagram.com\/arquigaliciaeu\/"]},{"@type":"Person","@id":"https:\/\/arquitecturadegalicia.eu\/blog\/#\/schema\/person\/a51297ea3eeddd32ccbd89a218e148f1","name":"Iago Valverde","image":{"@type":"ImageObject","inLanguage":"es","@id":"https:\/\/arquitecturadegalicia.eu\/blog\/#\/schema\/person\/image\/","url":"https:\/\/secure.gravatar.com\/avatar\/eb8a9f2f10ff79db5c78989d92f1e8b2?s=96&d=mm&r=g","contentUrl":"https:\/\/secure.gravatar.com\/avatar\/eb8a9f2f10ff79db5c78989d92f1e8b2?s=96&d=mm&r=g","caption":"Iago Valverde"},"description":"Nigr\u00e1n | Edici\u00f3n de artigos e xeolocalizaci\u00f3n | Arquitecto en formaci\u00f3n na ETSAC e cursando PFC. Interesado en urbanismo, arquitectura, pol\u00edtica, e todo aquilo que \u00e9 complexo e vital","url":"https:\/\/arquitecturadegalicia.eu\/blog\/author\/iago-valverde\/"}]}},"jetpack_featured_media_url":"https:\/\/arquitecturadegalicia.eu\/blog\/wp-content\/uploads\/2013\/09\/v+c_pcea_22_ext07.jpg","jetpack_shortlink":"https:\/\/wp.me\/p2NHs2-2lU","jetpack_sharing_enabled":true,"_links":{"self":[{"href":"https:\/\/arquitecturadegalicia.eu\/blog\/wp-json\/wp\/v2\/posts\/9046","targetHints":{"allow":["GET"]}}],"collection":[{"href":"https:\/\/arquitecturadegalicia.eu\/blog\/wp-json\/wp\/v2\/posts"}],"about":[{"href":"https:\/\/arquitecturadegalicia.eu\/blog\/wp-json\/wp\/v2\/types\/post"}],"author":[{"embeddable":true,"href":"https:\/\/arquitecturadegalicia.eu\/blog\/wp-json\/wp\/v2\/users\/8"}],"replies":[{"embeddable":true,"href":"https:\/\/arquitecturadegalicia.eu\/blog\/wp-json\/wp\/v2\/comments?post=9046"}],"version-history":[{"count":17,"href":"https:\/\/arquitecturadegalicia.eu\/blog\/wp-json\/wp\/v2\/posts\/9046\/revisions"}],"predecessor-version":[{"id":9261,"href":"https:\/\/arquitecturadegalicia.eu\/blog\/wp-json\/wp\/v2\/posts\/9046\/revisions\/9261"}],"wp:featuredmedia":[{"embeddable":true,"href":"https:\/\/arquitecturadegalicia.eu\/blog\/wp-json\/wp\/v2\/media\/9049"}],"wp:attachment":[{"href":"https:\/\/arquitecturadegalicia.eu\/blog\/wp-json\/wp\/v2\/media?parent=9046"}],"wp:term":[{"taxonomy":"category","embeddable":true,"href":"https:\/\/arquitecturadegalicia.eu\/blog\/wp-json\/wp\/v2\/categories?post=9046"},{"taxonomy":"post_tag","embeddable":true,"href":"https:\/\/arquitecturadegalicia.eu\/blog\/wp-json\/wp\/v2\/tags?post=9046"},{"taxonomy":"ano","embeddable":true,"href":"https:\/\/arquitecturadegalicia.eu\/blog\/wp-json\/wp\/v2\/ano?post=9046"},{"taxonomy":"arquitectos","embeddable":true,"href":"https:\/\/arquitecturadegalicia.eu\/blog\/wp-json\/wp\/v2\/arquitectos?post=9046"},{"taxonomy":"tipoloxia","embeddable":true,"href":"https:\/\/arquitecturadegalicia.eu\/blog\/wp-json\/wp\/v2\/tipoloxia?post=9046"}],"curies":[{"name":"wp","href":"https:\/\/api.w.org\/{rel}","templated":true}]}}