{"id":9063,"date":"2013-09-30T20:00:56","date_gmt":"2013-09-30T18:00:56","guid":{"rendered":"http:\/\/arquitecturadegalicia.eu\/blog\/?p=9063"},"modified":"2013-09-22T17:41:17","modified_gmt":"2013-09-22T15:41:17","slug":"lonxa-en-vilanova-de-arousa","status":"publish","type":"post","link":"https:\/\/arquitecturadegalicia.eu\/blog\/lonxa-en-vilanova-de-arousa\/","title":{"rendered":"Lonxa en Vilanova de Arousa"},"content":{"rendered":"<h6 style=\"text-align: right;\"><span style=\"color: #999999;\"><img fetchpriority=\"high\" decoding=\"async\" class=\"size-full wp-image-9066 aligncenter\" alt=\"lonxa_vilanova_arousa_2c_arquitectos_Angel_cid_grandearea\" src=\"http:\/\/arquitecturadegalicia.eu\/blog\/wp-content\/uploads\/2013\/09\/lonxa_vilanova_arousa_2c_arquitectos_Angel_cid_grandearea.jpg\" width=\"620\" height=\"388\" srcset=\"https:\/\/arquitecturadegalicia.eu\/blog\/wp-content\/uploads\/2013\/09\/lonxa_vilanova_arousa_2c_arquitectos_Angel_cid_grandearea.jpg 620w, https:\/\/arquitecturadegalicia.eu\/blog\/wp-content\/uploads\/2013\/09\/lonxa_vilanova_arousa_2c_arquitectos_Angel_cid_grandearea-300x187.jpg 300w\" sizes=\"(max-width: 620px) 100vw, 620px\" \/><br \/>\n2C arquitectos<br \/>\n<\/span><\/h6>\n<table class=\"aligncenter\" width=\"620\" border=\"0\" cellspacing=\"0\" cellpadding=\"0\">\n<tbody>\n<tr>\n<td width=\"180\"><strong>Obra:<\/strong><\/td>\n<td>Lonxa en Vilanova de Arousa<\/td>\n<\/tr>\n<tr>\n<td><strong>Arquitecto:<\/strong><\/td>\n<td>2C arquitectos (\u00c1ngel Cid e Silvia Diz)<\/td>\n<\/tr>\n<tr>\n<td><strong>Provincia:<\/strong><\/td>\n<td>Pontevedra<\/td>\n<\/tr>\n<tr>\n<td><strong>Localidade:<\/strong><\/td>\n<td>Vilanova de Arousa<\/td>\n<\/tr>\n<tr>\n<td><strong>Ano:<\/strong><\/td>\n<td>2009 &#8211; 2012<\/td>\n<\/tr>\n<tr>\n<td><strong>Xeolocalizaci\u00f3n:<\/strong><\/td>\n<td><a href=\"https:\/\/maps.google.com\/maps\/ms?ie=UTF8&amp;hl=es&amp;oe=UTF8&amp;t=h&amp;vpsrc=6&amp;msa=0&amp;msid=205584753861089304839.0004b3590a9baff01c53d&amp;start=400&amp;num=200&amp;ll=42.565171,-8.831817&amp;spn=0.004844,0.009645&amp;z=17&amp;iwloc=0004e6950957321ccc891\" target=\"_blank\"><strong>42.564,-8.832<br \/>\n<\/strong><\/a><\/td>\n<\/tr>\n<\/tbody>\n<\/table>\n<table class=\" aligncenter\" width=\"620\" border=\"0\" cellspacing=\"0\" cellpadding=\"0\">\n<tbody>\n<tr>\n<td colspan=\"3\"><strong>Outros Datos:<\/strong><\/td>\n<\/tr>\n<tr>\n<td width=\"20\"><\/td>\n<td colspan=\"2\"><strong>Premios:<\/strong><\/td>\n<\/tr>\n<tr>\n<td width=\"20\"><\/td>\n<td width=\"20\"><\/td>\n<td width=\"580\">Premio GranDeArea | <em>2013<\/em><\/td>\n<\/tr>\n<tr>\n<td width=\"20\"><\/td>\n<td colspan=\"2\"><strong>Publicaci\u00f3ns:<\/strong><\/td>\n<\/tr>\n<tr>\n<td width=\"20\"><\/td>\n<td width=\"20\"><\/td>\n<td><\/td>\n<\/tr>\n<tr>\n<td width=\"20\"><\/td>\n<td colspan=\"2\"><strong>Informaci\u00f3n na rede:<\/strong><\/td>\n<\/tr>\n<tr>\n<td width=\"20\"><\/td>\n<td width=\"20\"><\/td>\n<td><strong><a href=\"http:\/\/www.2carquitectos.com\/reforma-y-ampliacion-de-la-lonja-de-vilanova-de-arousa-pontevedra\/\">2carquitectos.com<\/a><\/strong><\/td>\n<\/tr>\n<tr>\n<td width=\"20\"><\/td>\n<td colspan=\"2\"><strong>Descripci\u00f3n do proxecto:<\/strong><\/td>\n<\/tr>\n<tr>\n<td width=\"20\"><\/td>\n<td width=\"20\"><\/td>\n<td style=\"text-align: justify;\">\u00ab<em>En su reforma y ampliaci\u00f3n, se intent\u00f3 aprovechar la oportunidad del ensanchamiento del espacio de ventas para dotarla de nuevas funciones y dar una imagen m\u00e1s contempor\u00e1nea a este edificio semi-industrial. La actuaci\u00f3n consisti\u00f3 en la construcci\u00f3n de una nueva cubierta que envuelve los dos vol\u00famenes, modificando radicalmente su morfolog\u00eda y otorg\u00e1ndole un papel protagonista y referencial en el espacio portuario, donde las diferentes texturas y acabados metalizados ofrecen percepciones diferentes seg\u00fan la luz y la distancia<\/em>\u00bb\u00a0\u00c1ngel Cid e Silvia Diz<\/td>\n<\/tr>\n<tr>\n<td width=\"20\"><\/td>\n<td colspan=\"2\"><b><b><b>Reportaxe fotogr\u00e1fica<\/b>:\u00a0<\/b><\/b><a href=\"http:\/\/arquitecturadegalicia.eu\/blog\/?author=##\" target=\"_blank\"><br \/>\n<\/a><\/td>\n<\/tr>\n<tr>\n<td width=\"20\"><\/td>\n<td colspan=\"2\"><\/td>\n<\/tr>\n<tr>\n<td width=\"20\"><\/td>\n<td colspan=\"2\"><strong>Planos:<\/strong><\/td>\n<\/tr>\n<tr>\n<td width=\"20\"><\/td>\n<td colspan=\"2\"><\/td>\n<\/tr>\n<\/tbody>\n<\/table>\n","protected":false},"excerpt":{"rendered":"<p>La actuaci\u00f3n consisti\u00f3 en la construcci\u00f3n de una nueva cubierta que envuelve los dos vol\u00famenes, modificando radicalmente su morfolog\u00eda y otorg\u00e1ndole un papel protagonista y referencial en el espacio portuario<\/p>\n","protected":false},"author":8,"featured_media":9066,"comment_status":"open","ping_status":"open","sticky":false,"template":"","format":"standard","meta":{"jetpack_post_was_ever_published":false,"_jetpack_newsletter_access":"","_jetpack_dont_email_post_to_subs":false,"_jetpack_newsletter_tier_id":0,"_jetpack_memberships_contains_paywalled_content":false,"_jetpack_memberships_contains_paid_content":false,"footnotes":"","jetpack_publicize_message":"","jetpack_publicize_feature_enabled":true,"jetpack_social_post_already_shared":true,"jetpack_social_options":{"image_generator_settings":{"template":"highway","enabled":false},"version":2}},"categories":[644],"tags":[57,527,98],"ano":[],"arquitectos":[],"tipoloxia":[],"class_list":["post-9063","post","type-post","status-publish","format-standard","has-post-thumbnail","hentry","category-vilanova-de-arousa","tag-57","tag-2c-arquitectos","tag-pesqueiro","content-print"],"jetpack_publicize_connections":[],"yoast_head":"<!-- This site is optimized with the Yoast SEO plugin v24.1 - https:\/\/yoast.com\/wordpress\/plugins\/seo\/ -->\n<title>Lonxa en Vilanova de Arousa | AG<\/title>\n<meta name=\"robots\" content=\"index, follow, max-snippet:-1, max-image-preview:large, max-video-preview:-1\" \/>\n<link rel=\"canonical\" href=\"https:\/\/arquitecturadegalicia.eu\/blog\/lonxa-en-vilanova-de-arousa\/\" \/>\n<meta property=\"og:locale\" content=\"es_ES\" \/>\n<meta property=\"og:type\" content=\"article\" \/>\n<meta property=\"og:title\" content=\"Lonxa en Vilanova de Arousa | AG\" \/>\n<meta property=\"og:description\" content=\"La actuaci\u00f3n consisti\u00f3 en la construcci\u00f3n de una nueva cubierta que envuelve los dos vol\u00famenes, modificando radicalmente su morfolog\u00eda y otorg\u00e1ndole un papel protagonista y referencial en el espacio portuario\" \/>\n<meta property=\"og:url\" content=\"https:\/\/arquitecturadegalicia.eu\/blog\/lonxa-en-vilanova-de-arousa\/\" \/>\n<meta property=\"og:site_name\" content=\"AG\" \/>\n<meta property=\"article:publisher\" content=\"https:\/\/www.facebook.com\/ArquitecturadeGalicia\/\" \/>\n<meta property=\"article:published_time\" content=\"2013-09-30T18:00:56+00:00\" \/>\n<meta property=\"article:modified_time\" content=\"2013-09-22T15:41:17+00:00\" \/>\n<meta property=\"og:image\" content=\"https:\/\/arquitecturadegalicia.eu\/blog\/wp-content\/uploads\/2013\/09\/lonxa_vilanova_arousa_2c_arquitectos_Angel_cid_grandearea.jpg\" \/>\n\t<meta property=\"og:image:width\" content=\"620\" \/>\n\t<meta property=\"og:image:height\" content=\"388\" \/>\n\t<meta property=\"og:image:type\" content=\"image\/jpeg\" \/>\n<meta name=\"author\" content=\"Iago Valverde\" \/>\n<meta name=\"twitter:card\" content=\"summary_large_image\" \/>\n<meta name=\"twitter:creator\" content=\"@arquigaliciaeu\" \/>\n<meta name=\"twitter:site\" content=\"@arquigaliciaeu\" \/>\n<meta name=\"twitter:label1\" content=\"Escrito por\" \/>\n\t<meta name=\"twitter:data1\" content=\"Iago Valverde\" \/>\n\t<meta name=\"twitter:label2\" content=\"Tiempo de lectura\" \/>\n\t<meta name=\"twitter:data2\" content=\"1 minuto\" \/>\n<script type=\"application\/ld+json\" class=\"yoast-schema-graph\">{\"@context\":\"https:\/\/schema.org\",\"@graph\":[{\"@type\":\"Article\",\"@id\":\"https:\/\/arquitecturadegalicia.eu\/blog\/lonxa-en-vilanova-de-arousa\/#article\",\"isPartOf\":{\"@id\":\"https:\/\/arquitecturadegalicia.eu\/blog\/lonxa-en-vilanova-de-arousa\/\"},\"author\":{\"name\":\"Iago Valverde\",\"@id\":\"https:\/\/arquitecturadegalicia.eu\/blog\/#\/schema\/person\/a51297ea3eeddd32ccbd89a218e148f1\"},\"headline\":\"Lonxa en Vilanova de Arousa\",\"datePublished\":\"2013-09-30T18:00:56+00:00\",\"dateModified\":\"2013-09-22T15:41:17+00:00\",\"mainEntityOfPage\":{\"@id\":\"https:\/\/arquitecturadegalicia.eu\/blog\/lonxa-en-vilanova-de-arousa\/\"},\"wordCount\":144,\"commentCount\":0,\"publisher\":{\"@id\":\"https:\/\/arquitecturadegalicia.eu\/blog\/#organization\"},\"image\":{\"@id\":\"https:\/\/arquitecturadegalicia.eu\/blog\/lonxa-en-vilanova-de-arousa\/#primaryimage\"},\"thumbnailUrl\":\"https:\/\/arquitecturadegalicia.eu\/blog\/wp-content\/uploads\/2013\/09\/lonxa_vilanova_arousa_2c_arquitectos_Angel_cid_grandearea.jpg\",\"keywords\":[\"2012\",\"2C Arquitectos\",\"pesqueiro\"],\"articleSection\":[\"Vilanova de Arousa\"],\"inLanguage\":\"es\",\"potentialAction\":[{\"@type\":\"CommentAction\",\"name\":\"Comment\",\"target\":[\"https:\/\/arquitecturadegalicia.eu\/blog\/lonxa-en-vilanova-de-arousa\/#respond\"]}]},{\"@type\":\"WebPage\",\"@id\":\"https:\/\/arquitecturadegalicia.eu\/blog\/lonxa-en-vilanova-de-arousa\/\",\"url\":\"https:\/\/arquitecturadegalicia.eu\/blog\/lonxa-en-vilanova-de-arousa\/\",\"name\":\"Lonxa en Vilanova de Arousa | AG\",\"isPartOf\":{\"@id\":\"https:\/\/arquitecturadegalicia.eu\/blog\/#website\"},\"primaryImageOfPage\":{\"@id\":\"https:\/\/arquitecturadegalicia.eu\/blog\/lonxa-en-vilanova-de-arousa\/#primaryimage\"},\"image\":{\"@id\":\"https:\/\/arquitecturadegalicia.eu\/blog\/lonxa-en-vilanova-de-arousa\/#primaryimage\"},\"thumbnailUrl\":\"https:\/\/arquitecturadegalicia.eu\/blog\/wp-content\/uploads\/2013\/09\/lonxa_vilanova_arousa_2c_arquitectos_Angel_cid_grandearea.jpg\",\"datePublished\":\"2013-09-30T18:00:56+00:00\",\"dateModified\":\"2013-09-22T15:41:17+00:00\",\"breadcrumb\":{\"@id\":\"https:\/\/arquitecturadegalicia.eu\/blog\/lonxa-en-vilanova-de-arousa\/#breadcrumb\"},\"inLanguage\":\"es\",\"potentialAction\":[{\"@type\":\"ReadAction\",\"target\":[\"https:\/\/arquitecturadegalicia.eu\/blog\/lonxa-en-vilanova-de-arousa\/\"]}]},{\"@type\":\"ImageObject\",\"inLanguage\":\"es\",\"@id\":\"https:\/\/arquitecturadegalicia.eu\/blog\/lonxa-en-vilanova-de-arousa\/#primaryimage\",\"url\":\"https:\/\/arquitecturadegalicia.eu\/blog\/wp-content\/uploads\/2013\/09\/lonxa_vilanova_arousa_2c_arquitectos_Angel_cid_grandearea.jpg\",\"contentUrl\":\"https:\/\/arquitecturadegalicia.eu\/blog\/wp-content\/uploads\/2013\/09\/lonxa_vilanova_arousa_2c_arquitectos_Angel_cid_grandearea.jpg\",\"width\":620,\"height\":388},{\"@type\":\"BreadcrumbList\",\"@id\":\"https:\/\/arquitecturadegalicia.eu\/blog\/lonxa-en-vilanova-de-arousa\/#breadcrumb\",\"itemListElement\":[{\"@type\":\"ListItem\",\"position\":1,\"name\":\"Portada\",\"item\":\"https:\/\/arquitecturadegalicia.eu\/blog\/\"},{\"@type\":\"ListItem\",\"position\":2,\"name\":\"Lonxa en Vilanova de Arousa\"}]},{\"@type\":\"WebSite\",\"@id\":\"https:\/\/arquitecturadegalicia.eu\/blog\/#website\",\"url\":\"https:\/\/arquitecturadegalicia.eu\/blog\/\",\"name\":\"AG\",\"description\":\"Arquitectura de Galicia\",\"publisher\":{\"@id\":\"https:\/\/arquitecturadegalicia.eu\/blog\/#organization\"},\"potentialAction\":[{\"@type\":\"SearchAction\",\"target\":{\"@type\":\"EntryPoint\",\"urlTemplate\":\"https:\/\/arquitecturadegalicia.eu\/blog\/?s={search_term_string}\"},\"query-input\":{\"@type\":\"PropertyValueSpecification\",\"valueRequired\":true,\"valueName\":\"search_term_string\"}}],\"inLanguage\":\"es\"},{\"@type\":\"Organization\",\"@id\":\"https:\/\/arquitecturadegalicia.eu\/blog\/#organization\",\"name\":\"Arquitectura de Galicia\",\"url\":\"https:\/\/arquitecturadegalicia.eu\/blog\/\",\"logo\":{\"@type\":\"ImageObject\",\"inLanguage\":\"es\",\"@id\":\"https:\/\/arquitecturadegalicia.eu\/blog\/#\/schema\/logo\/image\/\",\"url\":\"https:\/\/arquitecturadegalicia.eu\/blog\/wp-content\/uploads\/2017\/01\/arquitecturacurrents2.png\",\"contentUrl\":\"https:\/\/arquitecturadegalicia.eu\/blog\/wp-content\/uploads\/2017\/01\/arquitecturacurrents2.png\",\"width\":840,\"height\":640,\"caption\":\"Arquitectura de Galicia\"},\"image\":{\"@id\":\"https:\/\/arquitecturadegalicia.eu\/blog\/#\/schema\/logo\/image\/\"},\"sameAs\":[\"https:\/\/www.facebook.com\/ArquitecturadeGalicia\/\",\"https:\/\/x.com\/arquigaliciaeu\",\"https:\/\/www.instagram.com\/arquigaliciaeu\/\"]},{\"@type\":\"Person\",\"@id\":\"https:\/\/arquitecturadegalicia.eu\/blog\/#\/schema\/person\/a51297ea3eeddd32ccbd89a218e148f1\",\"name\":\"Iago Valverde\",\"image\":{\"@type\":\"ImageObject\",\"inLanguage\":\"es\",\"@id\":\"https:\/\/arquitecturadegalicia.eu\/blog\/#\/schema\/person\/image\/\",\"url\":\"https:\/\/secure.gravatar.com\/avatar\/eb8a9f2f10ff79db5c78989d92f1e8b2?s=96&d=mm&r=g\",\"contentUrl\":\"https:\/\/secure.gravatar.com\/avatar\/eb8a9f2f10ff79db5c78989d92f1e8b2?s=96&d=mm&r=g\",\"caption\":\"Iago Valverde\"},\"description\":\"Nigr\u00e1n | Edici\u00f3n de artigos e xeolocalizaci\u00f3n | Arquitecto en formaci\u00f3n na ETSAC e cursando PFC. Interesado en urbanismo, arquitectura, pol\u00edtica, e todo aquilo que \u00e9 complexo e vital\",\"url\":\"https:\/\/arquitecturadegalicia.eu\/blog\/author\/iago-valverde\/\"}]}<\/script>\n<!-- \/ Yoast SEO plugin. -->","yoast_head_json":{"title":"Lonxa en Vilanova de Arousa | AG","robots":{"index":"index","follow":"follow","max-snippet":"max-snippet:-1","max-image-preview":"max-image-preview:large","max-video-preview":"max-video-preview:-1"},"canonical":"https:\/\/arquitecturadegalicia.eu\/blog\/lonxa-en-vilanova-de-arousa\/","og_locale":"es_ES","og_type":"article","og_title":"Lonxa en Vilanova de Arousa | AG","og_description":"La actuaci\u00f3n consisti\u00f3 en la construcci\u00f3n de una nueva cubierta que envuelve los dos vol\u00famenes, modificando radicalmente su morfolog\u00eda y otorg\u00e1ndole un papel protagonista y referencial en el espacio portuario","og_url":"https:\/\/arquitecturadegalicia.eu\/blog\/lonxa-en-vilanova-de-arousa\/","og_site_name":"AG","article_publisher":"https:\/\/www.facebook.com\/ArquitecturadeGalicia\/","article_published_time":"2013-09-30T18:00:56+00:00","article_modified_time":"2013-09-22T15:41:17+00:00","og_image":[{"width":620,"height":388,"url":"https:\/\/arquitecturadegalicia.eu\/blog\/wp-content\/uploads\/2013\/09\/lonxa_vilanova_arousa_2c_arquitectos_Angel_cid_grandearea.jpg","type":"image\/jpeg"}],"author":"Iago Valverde","twitter_card":"summary_large_image","twitter_creator":"@arquigaliciaeu","twitter_site":"@arquigaliciaeu","twitter_misc":{"Escrito por":"Iago Valverde","Tiempo de lectura":"1 minuto"},"schema":{"@context":"https:\/\/schema.org","@graph":[{"@type":"Article","@id":"https:\/\/arquitecturadegalicia.eu\/blog\/lonxa-en-vilanova-de-arousa\/#article","isPartOf":{"@id":"https:\/\/arquitecturadegalicia.eu\/blog\/lonxa-en-vilanova-de-arousa\/"},"author":{"name":"Iago Valverde","@id":"https:\/\/arquitecturadegalicia.eu\/blog\/#\/schema\/person\/a51297ea3eeddd32ccbd89a218e148f1"},"headline":"Lonxa en Vilanova de Arousa","datePublished":"2013-09-30T18:00:56+00:00","dateModified":"2013-09-22T15:41:17+00:00","mainEntityOfPage":{"@id":"https:\/\/arquitecturadegalicia.eu\/blog\/lonxa-en-vilanova-de-arousa\/"},"wordCount":144,"commentCount":0,"publisher":{"@id":"https:\/\/arquitecturadegalicia.eu\/blog\/#organization"},"image":{"@id":"https:\/\/arquitecturadegalicia.eu\/blog\/lonxa-en-vilanova-de-arousa\/#primaryimage"},"thumbnailUrl":"https:\/\/arquitecturadegalicia.eu\/blog\/wp-content\/uploads\/2013\/09\/lonxa_vilanova_arousa_2c_arquitectos_Angel_cid_grandearea.jpg","keywords":["2012","2C Arquitectos","pesqueiro"],"articleSection":["Vilanova de Arousa"],"inLanguage":"es","potentialAction":[{"@type":"CommentAction","name":"Comment","target":["https:\/\/arquitecturadegalicia.eu\/blog\/lonxa-en-vilanova-de-arousa\/#respond"]}]},{"@type":"WebPage","@id":"https:\/\/arquitecturadegalicia.eu\/blog\/lonxa-en-vilanova-de-arousa\/","url":"https:\/\/arquitecturadegalicia.eu\/blog\/lonxa-en-vilanova-de-arousa\/","name":"Lonxa en Vilanova de Arousa | AG","isPartOf":{"@id":"https:\/\/arquitecturadegalicia.eu\/blog\/#website"},"primaryImageOfPage":{"@id":"https:\/\/arquitecturadegalicia.eu\/blog\/lonxa-en-vilanova-de-arousa\/#primaryimage"},"image":{"@id":"https:\/\/arquitecturadegalicia.eu\/blog\/lonxa-en-vilanova-de-arousa\/#primaryimage"},"thumbnailUrl":"https:\/\/arquitecturadegalicia.eu\/blog\/wp-content\/uploads\/2013\/09\/lonxa_vilanova_arousa_2c_arquitectos_Angel_cid_grandearea.jpg","datePublished":"2013-09-30T18:00:56+00:00","dateModified":"2013-09-22T15:41:17+00:00","breadcrumb":{"@id":"https:\/\/arquitecturadegalicia.eu\/blog\/lonxa-en-vilanova-de-arousa\/#breadcrumb"},"inLanguage":"es","potentialAction":[{"@type":"ReadAction","target":["https:\/\/arquitecturadegalicia.eu\/blog\/lonxa-en-vilanova-de-arousa\/"]}]},{"@type":"ImageObject","inLanguage":"es","@id":"https:\/\/arquitecturadegalicia.eu\/blog\/lonxa-en-vilanova-de-arousa\/#primaryimage","url":"https:\/\/arquitecturadegalicia.eu\/blog\/wp-content\/uploads\/2013\/09\/lonxa_vilanova_arousa_2c_arquitectos_Angel_cid_grandearea.jpg","contentUrl":"https:\/\/arquitecturadegalicia.eu\/blog\/wp-content\/uploads\/2013\/09\/lonxa_vilanova_arousa_2c_arquitectos_Angel_cid_grandearea.jpg","width":620,"height":388},{"@type":"BreadcrumbList","@id":"https:\/\/arquitecturadegalicia.eu\/blog\/lonxa-en-vilanova-de-arousa\/#breadcrumb","itemListElement":[{"@type":"ListItem","position":1,"name":"Portada","item":"https:\/\/arquitecturadegalicia.eu\/blog\/"},{"@type":"ListItem","position":2,"name":"Lonxa en Vilanova de Arousa"}]},{"@type":"WebSite","@id":"https:\/\/arquitecturadegalicia.eu\/blog\/#website","url":"https:\/\/arquitecturadegalicia.eu\/blog\/","name":"AG","description":"Arquitectura de Galicia","publisher":{"@id":"https:\/\/arquitecturadegalicia.eu\/blog\/#organization"},"potentialAction":[{"@type":"SearchAction","target":{"@type":"EntryPoint","urlTemplate":"https:\/\/arquitecturadegalicia.eu\/blog\/?s={search_term_string}"},"query-input":{"@type":"PropertyValueSpecification","valueRequired":true,"valueName":"search_term_string"}}],"inLanguage":"es"},{"@type":"Organization","@id":"https:\/\/arquitecturadegalicia.eu\/blog\/#organization","name":"Arquitectura de Galicia","url":"https:\/\/arquitecturadegalicia.eu\/blog\/","logo":{"@type":"ImageObject","inLanguage":"es","@id":"https:\/\/arquitecturadegalicia.eu\/blog\/#\/schema\/logo\/image\/","url":"https:\/\/arquitecturadegalicia.eu\/blog\/wp-content\/uploads\/2017\/01\/arquitecturacurrents2.png","contentUrl":"https:\/\/arquitecturadegalicia.eu\/blog\/wp-content\/uploads\/2017\/01\/arquitecturacurrents2.png","width":840,"height":640,"caption":"Arquitectura de Galicia"},"image":{"@id":"https:\/\/arquitecturadegalicia.eu\/blog\/#\/schema\/logo\/image\/"},"sameAs":["https:\/\/www.facebook.com\/ArquitecturadeGalicia\/","https:\/\/x.com\/arquigaliciaeu","https:\/\/www.instagram.com\/arquigaliciaeu\/"]},{"@type":"Person","@id":"https:\/\/arquitecturadegalicia.eu\/blog\/#\/schema\/person\/a51297ea3eeddd32ccbd89a218e148f1","name":"Iago Valverde","image":{"@type":"ImageObject","inLanguage":"es","@id":"https:\/\/arquitecturadegalicia.eu\/blog\/#\/schema\/person\/image\/","url":"https:\/\/secure.gravatar.com\/avatar\/eb8a9f2f10ff79db5c78989d92f1e8b2?s=96&d=mm&r=g","contentUrl":"https:\/\/secure.gravatar.com\/avatar\/eb8a9f2f10ff79db5c78989d92f1e8b2?s=96&d=mm&r=g","caption":"Iago Valverde"},"description":"Nigr\u00e1n | Edici\u00f3n de artigos e xeolocalizaci\u00f3n | Arquitecto en formaci\u00f3n na ETSAC e cursando PFC. Interesado en urbanismo, arquitectura, pol\u00edtica, e todo aquilo que \u00e9 complexo e vital","url":"https:\/\/arquitecturadegalicia.eu\/blog\/author\/iago-valverde\/"}]}},"jetpack_featured_media_url":"https:\/\/arquitecturadegalicia.eu\/blog\/wp-content\/uploads\/2013\/09\/lonxa_vilanova_arousa_2c_arquitectos_Angel_cid_grandearea.jpg","jetpack_shortlink":"https:\/\/wp.me\/p2NHs2-2mb","jetpack_sharing_enabled":true,"_links":{"self":[{"href":"https:\/\/arquitecturadegalicia.eu\/blog\/wp-json\/wp\/v2\/posts\/9063","targetHints":{"allow":["GET"]}}],"collection":[{"href":"https:\/\/arquitecturadegalicia.eu\/blog\/wp-json\/wp\/v2\/posts"}],"about":[{"href":"https:\/\/arquitecturadegalicia.eu\/blog\/wp-json\/wp\/v2\/types\/post"}],"author":[{"embeddable":true,"href":"https:\/\/arquitecturadegalicia.eu\/blog\/wp-json\/wp\/v2\/users\/8"}],"replies":[{"embeddable":true,"href":"https:\/\/arquitecturadegalicia.eu\/blog\/wp-json\/wp\/v2\/comments?post=9063"}],"version-history":[{"count":11,"href":"https:\/\/arquitecturadegalicia.eu\/blog\/wp-json\/wp\/v2\/posts\/9063\/revisions"}],"predecessor-version":[{"id":9266,"href":"https:\/\/arquitecturadegalicia.eu\/blog\/wp-json\/wp\/v2\/posts\/9063\/revisions\/9266"}],"wp:featuredmedia":[{"embeddable":true,"href":"https:\/\/arquitecturadegalicia.eu\/blog\/wp-json\/wp\/v2\/media\/9066"}],"wp:attachment":[{"href":"https:\/\/arquitecturadegalicia.eu\/blog\/wp-json\/wp\/v2\/media?parent=9063"}],"wp:term":[{"taxonomy":"category","embeddable":true,"href":"https:\/\/arquitecturadegalicia.eu\/blog\/wp-json\/wp\/v2\/categories?post=9063"},{"taxonomy":"post_tag","embeddable":true,"href":"https:\/\/arquitecturadegalicia.eu\/blog\/wp-json\/wp\/v2\/tags?post=9063"},{"taxonomy":"ano","embeddable":true,"href":"https:\/\/arquitecturadegalicia.eu\/blog\/wp-json\/wp\/v2\/ano?post=9063"},{"taxonomy":"arquitectos","embeddable":true,"href":"https:\/\/arquitecturadegalicia.eu\/blog\/wp-json\/wp\/v2\/arquitectos?post=9063"},{"taxonomy":"tipoloxia","embeddable":true,"href":"https:\/\/arquitecturadegalicia.eu\/blog\/wp-json\/wp\/v2\/tipoloxia?post=9063"}],"curies":[{"name":"wp","href":"https:\/\/api.w.org\/{rel}","templated":true}]}}