{"id":9587,"date":"2013-10-23T20:00:45","date_gmt":"2013-10-23T18:00:45","guid":{"rendered":"http:\/\/arquitecturadegalicia.eu\/blog\/?p=9587"},"modified":"2013-10-13T12:17:18","modified_gmt":"2013-10-13T10:17:18","slug":"centro-de-saude-de-vilalba","status":"publish","type":"post","link":"https:\/\/arquitecturadegalicia.eu\/blog\/centro-de-saude-de-vilalba\/","title":{"rendered":"Centro de sa\u00fade de Vilalba"},"content":{"rendered":"<h6 style=\"text-align: right;\"><span style=\"color: #c0c0c0;\"><img fetchpriority=\"high\" decoding=\"async\" class=\"alignnone size-full wp-image-9592\" alt=\"AG_centro_saude_vilalba_carlos_meijide_francisco_vidal_1997\" src=\"http:\/\/arquitecturadegalicia.eu\/blog\/wp-content\/uploads\/2013\/10\/AG_centro_saude_vilalba_carlos_meijide_francisco_vidal_1997.jpg\" width=\"620\" height=\"342\" srcset=\"https:\/\/arquitecturadegalicia.eu\/blog\/wp-content\/uploads\/2013\/10\/AG_centro_saude_vilalba_carlos_meijide_francisco_vidal_1997.jpg 620w, https:\/\/arquitecturadegalicia.eu\/blog\/wp-content\/uploads\/2013\/10\/AG_centro_saude_vilalba_carlos_meijide_francisco_vidal_1997-300x165.jpg 300w\" sizes=\"(max-width: 620px) 100vw, 620px\" \/><br \/>\nLeopoldo Alonso Lamberti<br \/>\n<\/span><\/h6>\n<table class=\"aligncenter\" width=\"620\" border=\"0\" cellspacing=\"0\" cellpadding=\"0\">\n<tbody>\n<tr>\n<td width=\"180\"><strong>Obra:<\/strong><\/td>\n<td>Centro de sa\u00fade de Vilalba<\/td>\n<\/tr>\n<tr>\n<td><strong>Arquitecto:<\/strong><\/td>\n<td>Carlos Meijide e\u00a0\u00a0Francisco Vidal<\/td>\n<\/tr>\n<tr>\n<td><strong>Provincia:<\/strong><\/td>\n<td>Lugo<\/td>\n<\/tr>\n<tr>\n<td><strong>Localidade:<\/strong><\/td>\n<td>Vilalba<\/td>\n<\/tr>\n<tr>\n<td><strong>Ano:<\/strong><\/td>\n<td>1995 &#8211; 1997<\/td>\n<\/tr>\n<tr>\n<td><strong>Xeolocalizaci\u00f3n:<\/strong><\/td>\n<td><a href=\"https:\/\/maps.google.com\/maps\/ms?ie=UTF8&amp;hl=es&amp;oe=UTF8&amp;t=h&amp;vpsrc=6&amp;msa=0&amp;msid=205584753861089304839.0004b3590a9baff01c53d&amp;start=400&amp;num=200&amp;ll=43.298377,-7.676611&amp;spn=0.005083,0.009645&amp;z=17&amp;iwloc=0004e864220b5dc782eb7\" target=\"_blank\"><strong>43.297,-7.676<\/strong><\/a><\/td>\n<\/tr>\n<\/tbody>\n<\/table>\n<table class=\" aligncenter\" width=\"620\" border=\"0\" cellspacing=\"0\" cellpadding=\"0\">\n<tbody>\n<tr>\n<td colspan=\"3\"><strong>Outros Datos:<\/strong><\/td>\n<\/tr>\n<tr>\n<td width=\"20\"><\/td>\n<td colspan=\"2\"><strong>Premios:<\/strong><\/td>\n<\/tr>\n<tr>\n<td width=\"20\"><\/td>\n<td width=\"20\"><\/td>\n<td width=\"580\"><strong><a href=\"http:\/\/arquitecturadegalicia.eu\/blog\/?page_id=1933\" target=\"_blank\">\u00a0<\/a><\/strong><\/td>\n<\/tr>\n<tr>\n<td width=\"20\"><\/td>\n<td colspan=\"2\"><strong>Publicaci\u00f3ns:<\/strong><\/td>\n<\/tr>\n<tr>\n<td width=\"20\"><\/td>\n<td width=\"20\"><\/td>\n<td>AA. VV. | Artistas gallegos. Da modernidade \u00f3 s\u00e9culo XXI | Nova Galicia Edici\u00f3ns 2003<br \/>\nObradoiro \u00a0N\u00ba. 27 | COAG \u00a01998<\/td>\n<\/tr>\n<tr>\n<td width=\"20\"><\/td>\n<td colspan=\"2\"><strong>Informaci\u00f3n na rede:<\/strong><\/td>\n<\/tr>\n<tr>\n<td width=\"20\"><\/td>\n<td width=\"20\"><\/td>\n<td><a href=\"http:\/\/www.archxx-sudoe.es\/ficha.jsp?id=994&amp;tipo=v&amp;elto=4&amp;np=0&amp;buscando=true&amp;repetir=true&amp;miniatura=false&amp;campo=ccaa\" target=\"_blank\"><strong>\u00a0archxx-sudoe.es<\/strong><\/a><\/td>\n<\/tr>\n<tr>\n<td width=\"20\"><\/td>\n<td colspan=\"2\"><strong>Descripci\u00f3n do proxecto:<\/strong><\/td>\n<\/tr>\n<tr>\n<td width=\"20\"><\/td>\n<td width=\"20\"><\/td>\n<td style=\"text-align: justify;\">\n<div>\n<p>\u00abUn soar baleiro dentro dun entorno impersoal, froito dunha planificaci\u00f3n sen rematar, situado na periferia de Vilalba, de costas a ela e aberto \u00e1 extensa Terra Ch\u00e1. Unha sinxela proposta de partida que nace de conxugar as necesidades funcionais do programa, relativamente r\u00edxidas destes casos, coa busca dun certo espazo interior recollido, controlado, am\u00e1bel. O resultado parece l\u00f3xico, un edificio algo pechado en si mesmo como defend\u00e9ndose do exterior, case se poder\u00eda dicir que an\u00f3nimo, calado, autista\u2026\u00bb<br \/>\nCarlos Meijide e\u00a0\u00a0Francisco Vidal<\/p>\n<\/div>\n<\/td>\n<\/tr>\n<tr>\n<td width=\"20\"><\/td>\n<td colspan=\"2\"><b><b><b>Reportaxe fotogr\u00e1fica<\/b>: <\/b><\/b><a href=\"http:\/\/arquitecturadegalicia.eu\/blog\/?author=##\" target=\"_blank\"><br \/>\n<\/a><\/td>\n<\/tr>\n<tr>\n<td width=\"20\"><\/td>\n<td colspan=\"2\"><\/td>\n<\/tr>\n<tr>\n<td width=\"20\"><\/td>\n<td colspan=\"2\"><strong>Planos:<\/strong><\/td>\n<\/tr>\n<tr>\n<td width=\"20\"><\/td>\n<td colspan=\"2\"><\/td>\n<\/tr>\n<\/tbody>\n<\/table>\n","protected":false},"excerpt":{"rendered":"<p>\u00abO resultado parece l\u00f3xico, un edificio algo pechado en si mesmo como defend\u00e9ndose do exterior, case se poder\u00eda dicir que an\u00f3nimo, calado, autista\u2026\u00bb<br \/>\nCarlos Meijide e  Francisco Vidal<\/p>\n","protected":false},"author":8,"featured_media":9592,"comment_status":"open","ping_status":"open","sticky":false,"template":"","format":"standard","meta":{"jetpack_post_was_ever_published":false,"_jetpack_newsletter_access":"","_jetpack_dont_email_post_to_subs":false,"_jetpack_newsletter_tier_id":0,"_jetpack_memberships_contains_paywalled_content":false,"_jetpack_memberships_contains_paid_content":false,"footnotes":"","jetpack_publicize_message":"","jetpack_publicize_feature_enabled":true,"jetpack_social_post_already_shared":true,"jetpack_social_options":{"image_generator_settings":{"template":"highway","enabled":false},"version":2}},"categories":[386],"tags":[45,333,74,411],"ano":[],"arquitectos":[],"tipoloxia":[],"class_list":["post-9587","post","type-post","status-publish","format-standard","has-post-thumbnail","hentry","category-vilalba","tag-45","tag-carlos-meijide","tag-centro-de-saude","tag-francisco-vidal","content-print"],"jetpack_publicize_connections":[],"yoast_head":"<!-- This site is optimized with the Yoast SEO plugin v24.1 - https:\/\/yoast.com\/wordpress\/plugins\/seo\/ -->\n<title>Centro de sa\u00fade de Vilalba | AG<\/title>\n<meta name=\"robots\" content=\"index, follow, max-snippet:-1, max-image-preview:large, max-video-preview:-1\" \/>\n<link rel=\"canonical\" href=\"https:\/\/arquitecturadegalicia.eu\/blog\/centro-de-saude-de-vilalba\/\" \/>\n<meta property=\"og:locale\" content=\"es_ES\" \/>\n<meta property=\"og:type\" content=\"article\" \/>\n<meta property=\"og:title\" content=\"Centro de sa\u00fade de Vilalba | AG\" \/>\n<meta property=\"og:description\" content=\"&quot;O resultado parece l\u00f3xico, un edificio algo pechado en si mesmo como defend\u00e9ndose do exterior, case se poder\u00eda dicir que an\u00f3nimo, calado, autista\u2026&quot; Carlos Meijide e Francisco Vidal\" \/>\n<meta property=\"og:url\" content=\"https:\/\/arquitecturadegalicia.eu\/blog\/centro-de-saude-de-vilalba\/\" \/>\n<meta property=\"og:site_name\" content=\"AG\" \/>\n<meta property=\"article:publisher\" content=\"https:\/\/www.facebook.com\/ArquitecturadeGalicia\/\" \/>\n<meta property=\"article:published_time\" content=\"2013-10-23T18:00:45+00:00\" \/>\n<meta property=\"article:modified_time\" content=\"2013-10-13T10:17:18+00:00\" \/>\n<meta property=\"og:image\" content=\"https:\/\/arquitecturadegalicia.eu\/blog\/wp-content\/uploads\/2013\/10\/AG_centro_saude_vilalba_carlos_meijide_francisco_vidal_1997.jpg\" \/>\n\t<meta property=\"og:image:width\" content=\"620\" \/>\n\t<meta property=\"og:image:height\" content=\"342\" \/>\n\t<meta property=\"og:image:type\" content=\"image\/jpeg\" \/>\n<meta name=\"author\" content=\"Iago Valverde\" \/>\n<meta name=\"twitter:card\" content=\"summary_large_image\" \/>\n<meta name=\"twitter:creator\" content=\"@arquigaliciaeu\" \/>\n<meta name=\"twitter:site\" content=\"@arquigaliciaeu\" \/>\n<meta name=\"twitter:label1\" content=\"Escrito por\" \/>\n\t<meta name=\"twitter:data1\" content=\"Iago Valverde\" \/>\n\t<meta name=\"twitter:label2\" content=\"Tiempo de lectura\" \/>\n\t<meta name=\"twitter:data2\" content=\"1 minuto\" \/>\n<script type=\"application\/ld+json\" class=\"yoast-schema-graph\">{\"@context\":\"https:\/\/schema.org\",\"@graph\":[{\"@type\":\"Article\",\"@id\":\"https:\/\/arquitecturadegalicia.eu\/blog\/centro-de-saude-de-vilalba\/#article\",\"isPartOf\":{\"@id\":\"https:\/\/arquitecturadegalicia.eu\/blog\/centro-de-saude-de-vilalba\/\"},\"author\":{\"name\":\"Iago Valverde\",\"@id\":\"http:\/\/arquitecturadegalicia.eu\/blog\/#\/schema\/person\/a51297ea3eeddd32ccbd89a218e148f1\"},\"headline\":\"Centro de sa\u00fade de Vilalba\",\"datePublished\":\"2013-10-23T18:00:45+00:00\",\"dateModified\":\"2013-10-13T10:17:18+00:00\",\"mainEntityOfPage\":{\"@id\":\"https:\/\/arquitecturadegalicia.eu\/blog\/centro-de-saude-de-vilalba\/\"},\"wordCount\":154,\"commentCount\":1,\"publisher\":{\"@id\":\"http:\/\/arquitecturadegalicia.eu\/blog\/#organization\"},\"image\":{\"@id\":\"https:\/\/arquitecturadegalicia.eu\/blog\/centro-de-saude-de-vilalba\/#primaryimage\"},\"thumbnailUrl\":\"https:\/\/arquitecturadegalicia.eu\/blog\/wp-content\/uploads\/2013\/10\/AG_centro_saude_vilalba_carlos_meijide_francisco_vidal_1997.jpg\",\"keywords\":[\"1997\",\"Carlos Meijide\",\"centro de sa\u00fade\",\"Francisco Vidal\"],\"articleSection\":[\"Vilalba\"],\"inLanguage\":\"es\",\"potentialAction\":[{\"@type\":\"CommentAction\",\"name\":\"Comment\",\"target\":[\"https:\/\/arquitecturadegalicia.eu\/blog\/centro-de-saude-de-vilalba\/#respond\"]}]},{\"@type\":\"WebPage\",\"@id\":\"https:\/\/arquitecturadegalicia.eu\/blog\/centro-de-saude-de-vilalba\/\",\"url\":\"https:\/\/arquitecturadegalicia.eu\/blog\/centro-de-saude-de-vilalba\/\",\"name\":\"Centro de sa\u00fade de Vilalba | AG\",\"isPartOf\":{\"@id\":\"http:\/\/arquitecturadegalicia.eu\/blog\/#website\"},\"primaryImageOfPage\":{\"@id\":\"https:\/\/arquitecturadegalicia.eu\/blog\/centro-de-saude-de-vilalba\/#primaryimage\"},\"image\":{\"@id\":\"https:\/\/arquitecturadegalicia.eu\/blog\/centro-de-saude-de-vilalba\/#primaryimage\"},\"thumbnailUrl\":\"https:\/\/arquitecturadegalicia.eu\/blog\/wp-content\/uploads\/2013\/10\/AG_centro_saude_vilalba_carlos_meijide_francisco_vidal_1997.jpg\",\"datePublished\":\"2013-10-23T18:00:45+00:00\",\"dateModified\":\"2013-10-13T10:17:18+00:00\",\"breadcrumb\":{\"@id\":\"https:\/\/arquitecturadegalicia.eu\/blog\/centro-de-saude-de-vilalba\/#breadcrumb\"},\"inLanguage\":\"es\",\"potentialAction\":[{\"@type\":\"ReadAction\",\"target\":[\"https:\/\/arquitecturadegalicia.eu\/blog\/centro-de-saude-de-vilalba\/\"]}]},{\"@type\":\"ImageObject\",\"inLanguage\":\"es\",\"@id\":\"https:\/\/arquitecturadegalicia.eu\/blog\/centro-de-saude-de-vilalba\/#primaryimage\",\"url\":\"https:\/\/arquitecturadegalicia.eu\/blog\/wp-content\/uploads\/2013\/10\/AG_centro_saude_vilalba_carlos_meijide_francisco_vidal_1997.jpg\",\"contentUrl\":\"https:\/\/arquitecturadegalicia.eu\/blog\/wp-content\/uploads\/2013\/10\/AG_centro_saude_vilalba_carlos_meijide_francisco_vidal_1997.jpg\",\"width\":620,\"height\":342},{\"@type\":\"BreadcrumbList\",\"@id\":\"https:\/\/arquitecturadegalicia.eu\/blog\/centro-de-saude-de-vilalba\/#breadcrumb\",\"itemListElement\":[{\"@type\":\"ListItem\",\"position\":1,\"name\":\"Portada\",\"item\":\"https:\/\/arquitecturadegalicia.eu\/blog\/\"},{\"@type\":\"ListItem\",\"position\":2,\"name\":\"Centro de sa\u00fade de Vilalba\"}]},{\"@type\":\"WebSite\",\"@id\":\"http:\/\/arquitecturadegalicia.eu\/blog\/#website\",\"url\":\"http:\/\/arquitecturadegalicia.eu\/blog\/\",\"name\":\"AG\",\"description\":\"Arquitectura de Galicia\",\"publisher\":{\"@id\":\"http:\/\/arquitecturadegalicia.eu\/blog\/#organization\"},\"potentialAction\":[{\"@type\":\"SearchAction\",\"target\":{\"@type\":\"EntryPoint\",\"urlTemplate\":\"http:\/\/arquitecturadegalicia.eu\/blog\/?s={search_term_string}\"},\"query-input\":{\"@type\":\"PropertyValueSpecification\",\"valueRequired\":true,\"valueName\":\"search_term_string\"}}],\"inLanguage\":\"es\"},{\"@type\":\"Organization\",\"@id\":\"http:\/\/arquitecturadegalicia.eu\/blog\/#organization\",\"name\":\"Arquitectura de Galicia\",\"url\":\"http:\/\/arquitecturadegalicia.eu\/blog\/\",\"logo\":{\"@type\":\"ImageObject\",\"inLanguage\":\"es\",\"@id\":\"http:\/\/arquitecturadegalicia.eu\/blog\/#\/schema\/logo\/image\/\",\"url\":\"https:\/\/arquitecturadegalicia.eu\/blog\/wp-content\/uploads\/2017\/01\/arquitecturacurrents2.png\",\"contentUrl\":\"https:\/\/arquitecturadegalicia.eu\/blog\/wp-content\/uploads\/2017\/01\/arquitecturacurrents2.png\",\"width\":840,\"height\":640,\"caption\":\"Arquitectura de Galicia\"},\"image\":{\"@id\":\"http:\/\/arquitecturadegalicia.eu\/blog\/#\/schema\/logo\/image\/\"},\"sameAs\":[\"https:\/\/www.facebook.com\/ArquitecturadeGalicia\/\",\"https:\/\/x.com\/arquigaliciaeu\",\"https:\/\/www.instagram.com\/arquigaliciaeu\/\"]},{\"@type\":\"Person\",\"@id\":\"http:\/\/arquitecturadegalicia.eu\/blog\/#\/schema\/person\/a51297ea3eeddd32ccbd89a218e148f1\",\"name\":\"Iago Valverde\",\"image\":{\"@type\":\"ImageObject\",\"inLanguage\":\"es\",\"@id\":\"http:\/\/arquitecturadegalicia.eu\/blog\/#\/schema\/person\/image\/\",\"url\":\"https:\/\/secure.gravatar.com\/avatar\/eb8a9f2f10ff79db5c78989d92f1e8b2?s=96&d=mm&r=g\",\"contentUrl\":\"https:\/\/secure.gravatar.com\/avatar\/eb8a9f2f10ff79db5c78989d92f1e8b2?s=96&d=mm&r=g\",\"caption\":\"Iago Valverde\"},\"description\":\"Nigr\u00e1n | Edici\u00f3n de artigos e xeolocalizaci\u00f3n | Arquitecto en formaci\u00f3n na ETSAC e cursando PFC. Interesado en urbanismo, arquitectura, pol\u00edtica, e todo aquilo que \u00e9 complexo e vital\",\"url\":\"https:\/\/arquitecturadegalicia.eu\/blog\/author\/iago-valverde\/\"}]}<\/script>\n<!-- \/ Yoast SEO plugin. -->","yoast_head_json":{"title":"Centro de sa\u00fade de Vilalba | AG","robots":{"index":"index","follow":"follow","max-snippet":"max-snippet:-1","max-image-preview":"max-image-preview:large","max-video-preview":"max-video-preview:-1"},"canonical":"https:\/\/arquitecturadegalicia.eu\/blog\/centro-de-saude-de-vilalba\/","og_locale":"es_ES","og_type":"article","og_title":"Centro de sa\u00fade de Vilalba | AG","og_description":"\"O resultado parece l\u00f3xico, un edificio algo pechado en si mesmo como defend\u00e9ndose do exterior, case se poder\u00eda dicir que an\u00f3nimo, calado, autista\u2026\" Carlos Meijide e Francisco Vidal","og_url":"https:\/\/arquitecturadegalicia.eu\/blog\/centro-de-saude-de-vilalba\/","og_site_name":"AG","article_publisher":"https:\/\/www.facebook.com\/ArquitecturadeGalicia\/","article_published_time":"2013-10-23T18:00:45+00:00","article_modified_time":"2013-10-13T10:17:18+00:00","og_image":[{"width":620,"height":342,"url":"https:\/\/arquitecturadegalicia.eu\/blog\/wp-content\/uploads\/2013\/10\/AG_centro_saude_vilalba_carlos_meijide_francisco_vidal_1997.jpg","type":"image\/jpeg"}],"author":"Iago Valverde","twitter_card":"summary_large_image","twitter_creator":"@arquigaliciaeu","twitter_site":"@arquigaliciaeu","twitter_misc":{"Escrito por":"Iago Valverde","Tiempo de lectura":"1 minuto"},"schema":{"@context":"https:\/\/schema.org","@graph":[{"@type":"Article","@id":"https:\/\/arquitecturadegalicia.eu\/blog\/centro-de-saude-de-vilalba\/#article","isPartOf":{"@id":"https:\/\/arquitecturadegalicia.eu\/blog\/centro-de-saude-de-vilalba\/"},"author":{"name":"Iago Valverde","@id":"http:\/\/arquitecturadegalicia.eu\/blog\/#\/schema\/person\/a51297ea3eeddd32ccbd89a218e148f1"},"headline":"Centro de sa\u00fade de Vilalba","datePublished":"2013-10-23T18:00:45+00:00","dateModified":"2013-10-13T10:17:18+00:00","mainEntityOfPage":{"@id":"https:\/\/arquitecturadegalicia.eu\/blog\/centro-de-saude-de-vilalba\/"},"wordCount":154,"commentCount":1,"publisher":{"@id":"http:\/\/arquitecturadegalicia.eu\/blog\/#organization"},"image":{"@id":"https:\/\/arquitecturadegalicia.eu\/blog\/centro-de-saude-de-vilalba\/#primaryimage"},"thumbnailUrl":"https:\/\/arquitecturadegalicia.eu\/blog\/wp-content\/uploads\/2013\/10\/AG_centro_saude_vilalba_carlos_meijide_francisco_vidal_1997.jpg","keywords":["1997","Carlos Meijide","centro de sa\u00fade","Francisco Vidal"],"articleSection":["Vilalba"],"inLanguage":"es","potentialAction":[{"@type":"CommentAction","name":"Comment","target":["https:\/\/arquitecturadegalicia.eu\/blog\/centro-de-saude-de-vilalba\/#respond"]}]},{"@type":"WebPage","@id":"https:\/\/arquitecturadegalicia.eu\/blog\/centro-de-saude-de-vilalba\/","url":"https:\/\/arquitecturadegalicia.eu\/blog\/centro-de-saude-de-vilalba\/","name":"Centro de sa\u00fade de Vilalba | AG","isPartOf":{"@id":"http:\/\/arquitecturadegalicia.eu\/blog\/#website"},"primaryImageOfPage":{"@id":"https:\/\/arquitecturadegalicia.eu\/blog\/centro-de-saude-de-vilalba\/#primaryimage"},"image":{"@id":"https:\/\/arquitecturadegalicia.eu\/blog\/centro-de-saude-de-vilalba\/#primaryimage"},"thumbnailUrl":"https:\/\/arquitecturadegalicia.eu\/blog\/wp-content\/uploads\/2013\/10\/AG_centro_saude_vilalba_carlos_meijide_francisco_vidal_1997.jpg","datePublished":"2013-10-23T18:00:45+00:00","dateModified":"2013-10-13T10:17:18+00:00","breadcrumb":{"@id":"https:\/\/arquitecturadegalicia.eu\/blog\/centro-de-saude-de-vilalba\/#breadcrumb"},"inLanguage":"es","potentialAction":[{"@type":"ReadAction","target":["https:\/\/arquitecturadegalicia.eu\/blog\/centro-de-saude-de-vilalba\/"]}]},{"@type":"ImageObject","inLanguage":"es","@id":"https:\/\/arquitecturadegalicia.eu\/blog\/centro-de-saude-de-vilalba\/#primaryimage","url":"https:\/\/arquitecturadegalicia.eu\/blog\/wp-content\/uploads\/2013\/10\/AG_centro_saude_vilalba_carlos_meijide_francisco_vidal_1997.jpg","contentUrl":"https:\/\/arquitecturadegalicia.eu\/blog\/wp-content\/uploads\/2013\/10\/AG_centro_saude_vilalba_carlos_meijide_francisco_vidal_1997.jpg","width":620,"height":342},{"@type":"BreadcrumbList","@id":"https:\/\/arquitecturadegalicia.eu\/blog\/centro-de-saude-de-vilalba\/#breadcrumb","itemListElement":[{"@type":"ListItem","position":1,"name":"Portada","item":"https:\/\/arquitecturadegalicia.eu\/blog\/"},{"@type":"ListItem","position":2,"name":"Centro de sa\u00fade de Vilalba"}]},{"@type":"WebSite","@id":"http:\/\/arquitecturadegalicia.eu\/blog\/#website","url":"http:\/\/arquitecturadegalicia.eu\/blog\/","name":"AG","description":"Arquitectura de Galicia","publisher":{"@id":"http:\/\/arquitecturadegalicia.eu\/blog\/#organization"},"potentialAction":[{"@type":"SearchAction","target":{"@type":"EntryPoint","urlTemplate":"http:\/\/arquitecturadegalicia.eu\/blog\/?s={search_term_string}"},"query-input":{"@type":"PropertyValueSpecification","valueRequired":true,"valueName":"search_term_string"}}],"inLanguage":"es"},{"@type":"Organization","@id":"http:\/\/arquitecturadegalicia.eu\/blog\/#organization","name":"Arquitectura de Galicia","url":"http:\/\/arquitecturadegalicia.eu\/blog\/","logo":{"@type":"ImageObject","inLanguage":"es","@id":"http:\/\/arquitecturadegalicia.eu\/blog\/#\/schema\/logo\/image\/","url":"https:\/\/arquitecturadegalicia.eu\/blog\/wp-content\/uploads\/2017\/01\/arquitecturacurrents2.png","contentUrl":"https:\/\/arquitecturadegalicia.eu\/blog\/wp-content\/uploads\/2017\/01\/arquitecturacurrents2.png","width":840,"height":640,"caption":"Arquitectura de Galicia"},"image":{"@id":"http:\/\/arquitecturadegalicia.eu\/blog\/#\/schema\/logo\/image\/"},"sameAs":["https:\/\/www.facebook.com\/ArquitecturadeGalicia\/","https:\/\/x.com\/arquigaliciaeu","https:\/\/www.instagram.com\/arquigaliciaeu\/"]},{"@type":"Person","@id":"http:\/\/arquitecturadegalicia.eu\/blog\/#\/schema\/person\/a51297ea3eeddd32ccbd89a218e148f1","name":"Iago Valverde","image":{"@type":"ImageObject","inLanguage":"es","@id":"http:\/\/arquitecturadegalicia.eu\/blog\/#\/schema\/person\/image\/","url":"https:\/\/secure.gravatar.com\/avatar\/eb8a9f2f10ff79db5c78989d92f1e8b2?s=96&d=mm&r=g","contentUrl":"https:\/\/secure.gravatar.com\/avatar\/eb8a9f2f10ff79db5c78989d92f1e8b2?s=96&d=mm&r=g","caption":"Iago Valverde"},"description":"Nigr\u00e1n | Edici\u00f3n de artigos e xeolocalizaci\u00f3n | Arquitecto en formaci\u00f3n na ETSAC e cursando PFC. Interesado en urbanismo, arquitectura, pol\u00edtica, e todo aquilo que \u00e9 complexo e vital","url":"https:\/\/arquitecturadegalicia.eu\/blog\/author\/iago-valverde\/"}]}},"jetpack_featured_media_url":"https:\/\/arquitecturadegalicia.eu\/blog\/wp-content\/uploads\/2013\/10\/AG_centro_saude_vilalba_carlos_meijide_francisco_vidal_1997.jpg","jetpack_shortlink":"https:\/\/wp.me\/p2NHs2-2uD","jetpack_sharing_enabled":true,"_links":{"self":[{"href":"https:\/\/arquitecturadegalicia.eu\/blog\/wp-json\/wp\/v2\/posts\/9587","targetHints":{"allow":["GET"]}}],"collection":[{"href":"https:\/\/arquitecturadegalicia.eu\/blog\/wp-json\/wp\/v2\/posts"}],"about":[{"href":"https:\/\/arquitecturadegalicia.eu\/blog\/wp-json\/wp\/v2\/types\/post"}],"author":[{"embeddable":true,"href":"https:\/\/arquitecturadegalicia.eu\/blog\/wp-json\/wp\/v2\/users\/8"}],"replies":[{"embeddable":true,"href":"https:\/\/arquitecturadegalicia.eu\/blog\/wp-json\/wp\/v2\/comments?post=9587"}],"version-history":[{"count":10,"href":"https:\/\/arquitecturadegalicia.eu\/blog\/wp-json\/wp\/v2\/posts\/9587\/revisions"}],"predecessor-version":[{"id":9661,"href":"https:\/\/arquitecturadegalicia.eu\/blog\/wp-json\/wp\/v2\/posts\/9587\/revisions\/9661"}],"wp:featuredmedia":[{"embeddable":true,"href":"https:\/\/arquitecturadegalicia.eu\/blog\/wp-json\/wp\/v2\/media\/9592"}],"wp:attachment":[{"href":"https:\/\/arquitecturadegalicia.eu\/blog\/wp-json\/wp\/v2\/media?parent=9587"}],"wp:term":[{"taxonomy":"category","embeddable":true,"href":"https:\/\/arquitecturadegalicia.eu\/blog\/wp-json\/wp\/v2\/categories?post=9587"},{"taxonomy":"post_tag","embeddable":true,"href":"https:\/\/arquitecturadegalicia.eu\/blog\/wp-json\/wp\/v2\/tags?post=9587"},{"taxonomy":"ano","embeddable":true,"href":"https:\/\/arquitecturadegalicia.eu\/blog\/wp-json\/wp\/v2\/ano?post=9587"},{"taxonomy":"arquitectos","embeddable":true,"href":"https:\/\/arquitecturadegalicia.eu\/blog\/wp-json\/wp\/v2\/arquitectos?post=9587"},{"taxonomy":"tipoloxia","embeddable":true,"href":"https:\/\/arquitecturadegalicia.eu\/blog\/wp-json\/wp\/v2\/tipoloxia?post=9587"}],"curies":[{"name":"wp","href":"https:\/\/api.w.org\/{rel}","templated":true}]}}