{"id":9712,"date":"2013-11-01T20:00:05","date_gmt":"2013-11-01T19:00:05","guid":{"rendered":"http:\/\/arquitecturadegalicia.eu\/blog\/?p=9712"},"modified":"2013-10-25T11:10:24","modified_gmt":"2013-10-25T09:10:24","slug":"proyecto-de-rehabilitacion-del-conjunto-historico-del-pazo-de-leis","status":"publish","type":"post","link":"https:\/\/arquitecturadegalicia.eu\/blog\/proyecto-de-rehabilitacion-del-conjunto-historico-del-pazo-de-leis\/","title":{"rendered":"Proyecto de Rehabilitaci\u00f3n del conjunto Hist\u00f3rico del Pazo de Leis"},"content":{"rendered":"<p><img fetchpriority=\"high\" decoding=\"async\" class=\"aligncenter size-full wp-image-9713\" alt=\"Rehabilitacion Pazo de Leis | Oza dos Rios | EPB42 | Andres Soto\" src=\"http:\/\/arquitecturadegalicia.eu\/blog\/wp-content\/uploads\/2013\/10\/PORTADA-MONDOY.jpg\" width=\"620\" height=\"413\" srcset=\"https:\/\/arquitecturadegalicia.eu\/blog\/wp-content\/uploads\/2013\/10\/PORTADA-MONDOY.jpg 620w, https:\/\/arquitecturadegalicia.eu\/blog\/wp-content\/uploads\/2013\/10\/PORTADA-MONDOY-300x199.jpg 300w\" sizes=\"(max-width: 620px) 100vw, 620px\" \/><\/p>\n<p style=\"text-align: right;\"><a style=\"font-size: 0.75em; text-align: right;\"><span style=\"color: #c0c0c0;\">Andr\u00e9s Soto<\/span><\/a><\/p>\n<table class=\"aligncenter\" width=\"620\" border=\"0\" cellspacing=\"0\" cellpadding=\"0\">\n<tbody>\n<tr>\n<td width=\"180\"><strong>Obra:<\/strong><\/td>\n<td>Proyecto de Rehabilitaci\u00f3n del conjunto Hist\u00f3rico del Pazo de Leis<\/td>\n<\/tr>\n<tr>\n<td><strong>Arquitecto:<\/strong><\/td>\n<td>Andr\u00e9s Soto | EPB42<\/td>\n<\/tr>\n<tr>\n<td><strong>Provincia:<\/strong><\/td>\n<td>A Coru\u00f1a<\/td>\n<\/tr>\n<tr>\n<td><strong>Localidade:<\/strong><\/td>\n<td>Oza dos R\u00edos<\/td>\n<\/tr>\n<tr>\n<td><strong>Ano:<\/strong><\/td>\n<td>2000<\/td>\n<\/tr>\n<tr>\n<td><strong>Xeolocalizaci\u00f3n:<\/strong><\/td>\n<td><strong><a href=\"https:\/\/maps.google.com\/maps\/ms?ie=UTF8&amp;t=h&amp;vpsrc=6&amp;hl=es&amp;oe=UTF8&amp;msa=0&amp;msid=205584753861089304839.0004b3590a9baff01c53d&amp;num=200&amp;start=400&amp;ll=43.259069,-8.206299&amp;spn=0.003598,0.008256&amp;z=18&amp;iwloc=0004e8c6a1323922aceac\" target=\"_blank\">43.259,-8.206<\/a><\/strong><\/td>\n<\/tr>\n<\/tbody>\n<\/table>\n<table class=\" aligncenter\" width=\"620\" border=\"0\" cellspacing=\"0\" cellpadding=\"0\">\n<tbody>\n<tr>\n<td colspan=\"3\"><strong>Outros Datos:<\/strong><\/td>\n<\/tr>\n<tr>\n<td width=\"20\"><\/td>\n<td colspan=\"2\"><strong>Premios:<\/strong><\/td>\n<\/tr>\n<tr>\n<td width=\"20\"><\/td>\n<td width=\"20\"><\/td>\n<td width=\"580\"><\/td>\n<\/tr>\n<tr>\n<td width=\"20\"><\/td>\n<td colspan=\"2\"><strong>Publicaci\u00f3ns:<\/strong><\/td>\n<\/tr>\n<tr>\n<td width=\"20\"><\/td>\n<td width=\"20\"><\/td>\n<td>Revista INTERESARTE | <em>N\u00ba10<\/em> | <em>Novas olladas na arquitectura galega<\/em> | <em>Ed. Galaxia<\/em><\/td>\n<\/tr>\n<tr>\n<td width=\"20\"><\/td>\n<td colspan=\"2\"><strong>Informaci\u00f3n na rede:<\/strong><\/td>\n<\/tr>\n<tr>\n<td width=\"20\"><\/td>\n<td width=\"20\"><\/td>\n<td><strong><a href=\"http:\/\/www.epb42.com\/proyectos\/proyecto-de-rehabilitacion-del-conjunto-historico-del-pazo-de-leis\" target=\"_blank\">epb42.com<\/a><br \/>\n<\/strong><strong style=\"line-height: 19px;\"><\/strong><\/td>\n<\/tr>\n<tr>\n<td width=\"20\"><\/td>\n<td colspan=\"2\"><strong>Descripci\u00f3n do proxecto:<\/strong><\/td>\n<\/tr>\n<tr>\n<td width=\"20\"><\/td>\n<td width=\"20\"><\/td>\n<td><em>El llamado \u201cPazo de Leis\u201d es la pieza m\u00e1s culta del conjunto de edificaciones pertenecientes a una gran finca agr\u00edcola &#8211; ganadera situada en la parroquia de Mondoy, Lugar de Santa Cruz, perteneciente al Municipio de Oza de los R\u00edos.<\/em><br \/>\n<em> Lo edificado se acerca al acceso para constituir con el muro de cierre la arquitectura de porches con que se configura el patio de ingreso. Una gran puerta da acceso al territorio de la casa matriz, bordeado por soportales y cuidadas construcciones de origen agr\u00edcola.<\/em><br \/>\n<em> La casa se trata de una edificaci\u00f3n pacega con excelente construcci\u00f3n de siller\u00eda en bajo y planta y presencias cultas de poder en la escalera exterior de piedra enfocada hacia la entrada. La construcci\u00f3n actual data de finales del XVIII con posteriores ampliaciones del XIX. Se dispone sobre el eje Noroeste &#8211; Sureste al igual que la mayor\u00eda de las construcciones complementarias orden\u00e1ndose de este modo tanto vac\u00edos exteriores como \u00e1reas construidas.<\/em><br \/>\n<em> A Poniente el conjunto cuenta con interesantes construcciones agropecuarias tales como h\u00f3rreos, alpendres de fuertes pilastras y el rotundo muro de cierre de la finca.<\/em><br \/>\n<em> Hacia el Este una construcci\u00f3n porticada con cubierta a un agua y grueso muro de mamposter\u00eda la separa del muro de cierre de la finca dejando un amplio espacio libre donde se propone la ubicaci\u00f3n del nuevo comedor. Dicho espacio queda limitado al Sur por una construcci\u00f3n tradicional de servicio, al Este por el muro de cierre de la finca y al oeste por la ya descrita construcci\u00f3n porticada que lo separa de la casa matriz. Al Norte se abre el paisaje agr\u00edcola de la finca.<\/em><br \/>\n<em>Se busca unas lineas generales de sinceridad, limpieza y una sistematizacion racional tanto al exterior como el interior.<\/em><br \/>\n<em> La nueva pieza del restaurante se posiciona adherida a parte de la construcci\u00f3n existente, cuidando su uni\u00f3n tal que no la altere en sus cotas ni en su estabilidad. Como elemento de transicion entre las construcciones existentes y el nuevo volumen, se coloca un estanque que proporciona frescor y aporta climatizaci\u00f3n natural.<\/em><br \/>\n<em> Este nuevo volumen se basa en la repetici\u00f3n de un modulo de tres metros para los p\u00f3rticos transversales, coincidiendo con el di\u00e1metro ocupado por los comensales alrededor de una mesa redonda.<\/em><br \/>\n<em> Los espacios interiores se configuran siguiendo un sistema racional basado en el proceso circular de producci\u00f3n de comida desde la cocina, pasando por el emplatado, servicio directo de comedor, retirada de basura y luego volver a empezar. El diferente tratamiento de los pavimentos con madera en las zonas servidas y de losas para las zonas de servicio ayuda a remarcar esa racionalidad del proceso del proyecto<\/em><em>.<\/em>\u00bb Andr\u00e9s Soto | EPB42<\/td>\n<\/tr>\n<tr>\n<td width=\"20\"><\/td>\n<td colspan=\"2\"><b>Reportaxe fotogr\u00e1fica <\/b>Andr\u00e9s Soto<\/td>\n<\/tr>\n<tr>\n<td width=\"20\"><\/td>\n<td colspan=\"2\"><\/td>\n<\/tr>\n<tr>\n<td width=\"20\"><\/td>\n<td colspan=\"2\"><strong>Planos:<\/strong><\/td>\n<\/tr>\n<tr>\n<td width=\"20\"><\/td>\n<td colspan=\"2\">\u00a0[nggallery id=335]<\/td>\n<\/tr>\n<\/tbody>\n<\/table>\n","protected":false},"excerpt":{"rendered":"<p>El llamado \u201cPazo de Leis\u201d es la pieza m\u00e1s culta del conjunto de edificaciones pertenecientes a una gran finca agr\u00edcola &#8211; ganadera situada en la parroquia de Mondoy, Lugar de Santa Cruz, perteneciente al Municipio de Oza de los R\u00edos.<\/p>\n","protected":false},"author":7,"featured_media":9713,"comment_status":"open","ping_status":"open","sticky":false,"template":"","format":"standard","meta":{"jetpack_post_was_ever_published":false,"_jetpack_newsletter_access":"","_jetpack_dont_email_post_to_subs":false,"_jetpack_newsletter_tier_id":0,"_jetpack_memberships_contains_paywalled_content":false,"_jetpack_memberships_contains_paid_content":false,"footnotes":"","jetpack_publicize_message":"","jetpack_publicize_feature_enabled":true,"jetpack_social_post_already_shared":true,"jetpack_social_options":{"image_generator_settings":{"template":"highway","enabled":false},"version":2}},"categories":[561],"tags":[46,666,671,99,104],"ano":[],"arquitectos":[],"tipoloxia":[],"class_list":["post-9712","post","type-post","status-publish","format-standard","has-post-thumbnail","hentry","category-oza-dos-rios","tag-46","tag-andres-soto-epb42","tag-pazo-2","tag-rehabilitacion","tag-turistico","content-print"],"jetpack_publicize_connections":[],"yoast_head":"<!-- This site is optimized with the Yoast SEO plugin v24.1 - https:\/\/yoast.com\/wordpress\/plugins\/seo\/ -->\n<title>Proyecto de Rehabilitaci\u00f3n del conjunto Hist\u00f3rico del Pazo de Leis | AG<\/title>\n<meta name=\"robots\" content=\"index, follow, max-snippet:-1, max-image-preview:large, max-video-preview:-1\" \/>\n<link rel=\"canonical\" href=\"https:\/\/arquitecturadegalicia.eu\/blog\/proyecto-de-rehabilitacion-del-conjunto-historico-del-pazo-de-leis\/\" \/>\n<meta property=\"og:locale\" content=\"es_ES\" \/>\n<meta property=\"og:type\" content=\"article\" \/>\n<meta property=\"og:title\" content=\"Proyecto de Rehabilitaci\u00f3n del conjunto Hist\u00f3rico del Pazo de Leis | AG\" \/>\n<meta property=\"og:description\" content=\"El llamado \u201cPazo de Leis\u201d es la pieza m\u00e1s culta del conjunto de edificaciones pertenecientes a una gran finca agr\u00edcola - ganadera situada en la parroquia de Mondoy, Lugar de Santa Cruz, perteneciente al Municipio de Oza de los R\u00edos.\" \/>\n<meta property=\"og:url\" content=\"https:\/\/arquitecturadegalicia.eu\/blog\/proyecto-de-rehabilitacion-del-conjunto-historico-del-pazo-de-leis\/\" \/>\n<meta property=\"og:site_name\" content=\"AG\" \/>\n<meta property=\"article:publisher\" content=\"https:\/\/www.facebook.com\/ArquitecturadeGalicia\/\" \/>\n<meta property=\"article:published_time\" content=\"2013-11-01T19:00:05+00:00\" \/>\n<meta property=\"article:modified_time\" content=\"2013-10-25T09:10:24+00:00\" \/>\n<meta property=\"og:image\" content=\"https:\/\/arquitecturadegalicia.eu\/blog\/wp-content\/uploads\/2013\/10\/PORTADA-MONDOY.jpg\" \/>\n\t<meta property=\"og:image:width\" content=\"620\" \/>\n\t<meta property=\"og:image:height\" content=\"413\" \/>\n\t<meta property=\"og:image:type\" content=\"image\/jpeg\" \/>\n<meta name=\"author\" content=\"Dario Vallina\" \/>\n<meta name=\"twitter:card\" content=\"summary_large_image\" \/>\n<meta name=\"twitter:creator\" content=\"@arquigaliciaeu\" \/>\n<meta name=\"twitter:site\" content=\"@arquigaliciaeu\" \/>\n<meta name=\"twitter:label1\" content=\"Escrito por\" \/>\n\t<meta name=\"twitter:data1\" content=\"Dario Vallina\" \/>\n\t<meta name=\"twitter:label2\" content=\"Tiempo de lectura\" \/>\n\t<meta name=\"twitter:data2\" content=\"3 minutos\" \/>\n<script type=\"application\/ld+json\" class=\"yoast-schema-graph\">{\"@context\":\"https:\/\/schema.org\",\"@graph\":[{\"@type\":\"Article\",\"@id\":\"https:\/\/arquitecturadegalicia.eu\/blog\/proyecto-de-rehabilitacion-del-conjunto-historico-del-pazo-de-leis\/#article\",\"isPartOf\":{\"@id\":\"https:\/\/arquitecturadegalicia.eu\/blog\/proyecto-de-rehabilitacion-del-conjunto-historico-del-pazo-de-leis\/\"},\"author\":{\"name\":\"Dario Vallina\",\"@id\":\"https:\/\/arquitecturadegalicia.eu\/blog\/#\/schema\/person\/abcb74b3399abffb9dabced36488ac35\"},\"headline\":\"Proyecto de Rehabilitaci\u00f3n del conjunto Hist\u00f3rico del Pazo de Leis\",\"datePublished\":\"2013-11-01T19:00:05+00:00\",\"dateModified\":\"2013-10-25T09:10:24+00:00\",\"mainEntityOfPage\":{\"@id\":\"https:\/\/arquitecturadegalicia.eu\/blog\/proyecto-de-rehabilitacion-del-conjunto-historico-del-pazo-de-leis\/\"},\"wordCount\":546,\"commentCount\":0,\"publisher\":{\"@id\":\"https:\/\/arquitecturadegalicia.eu\/blog\/#organization\"},\"image\":{\"@id\":\"https:\/\/arquitecturadegalicia.eu\/blog\/proyecto-de-rehabilitacion-del-conjunto-historico-del-pazo-de-leis\/#primaryimage\"},\"thumbnailUrl\":\"https:\/\/arquitecturadegalicia.eu\/blog\/wp-content\/uploads\/2013\/10\/PORTADA-MONDOY.jpg\",\"keywords\":[\"2000\",\"Andr\u00e9s Soto | EPB42\",\"pazo\",\"rehabilitaci\u00f3n\",\"tur\u00edstico\"],\"articleSection\":[\"Oza dos R\u00edos\"],\"inLanguage\":\"es\",\"potentialAction\":[{\"@type\":\"CommentAction\",\"name\":\"Comment\",\"target\":[\"https:\/\/arquitecturadegalicia.eu\/blog\/proyecto-de-rehabilitacion-del-conjunto-historico-del-pazo-de-leis\/#respond\"]}]},{\"@type\":\"WebPage\",\"@id\":\"https:\/\/arquitecturadegalicia.eu\/blog\/proyecto-de-rehabilitacion-del-conjunto-historico-del-pazo-de-leis\/\",\"url\":\"https:\/\/arquitecturadegalicia.eu\/blog\/proyecto-de-rehabilitacion-del-conjunto-historico-del-pazo-de-leis\/\",\"name\":\"Proyecto de Rehabilitaci\u00f3n del conjunto Hist\u00f3rico del Pazo de Leis | AG\",\"isPartOf\":{\"@id\":\"https:\/\/arquitecturadegalicia.eu\/blog\/#website\"},\"primaryImageOfPage\":{\"@id\":\"https:\/\/arquitecturadegalicia.eu\/blog\/proyecto-de-rehabilitacion-del-conjunto-historico-del-pazo-de-leis\/#primaryimage\"},\"image\":{\"@id\":\"https:\/\/arquitecturadegalicia.eu\/blog\/proyecto-de-rehabilitacion-del-conjunto-historico-del-pazo-de-leis\/#primaryimage\"},\"thumbnailUrl\":\"https:\/\/arquitecturadegalicia.eu\/blog\/wp-content\/uploads\/2013\/10\/PORTADA-MONDOY.jpg\",\"datePublished\":\"2013-11-01T19:00:05+00:00\",\"dateModified\":\"2013-10-25T09:10:24+00:00\",\"breadcrumb\":{\"@id\":\"https:\/\/arquitecturadegalicia.eu\/blog\/proyecto-de-rehabilitacion-del-conjunto-historico-del-pazo-de-leis\/#breadcrumb\"},\"inLanguage\":\"es\",\"potentialAction\":[{\"@type\":\"ReadAction\",\"target\":[\"https:\/\/arquitecturadegalicia.eu\/blog\/proyecto-de-rehabilitacion-del-conjunto-historico-del-pazo-de-leis\/\"]}]},{\"@type\":\"ImageObject\",\"inLanguage\":\"es\",\"@id\":\"https:\/\/arquitecturadegalicia.eu\/blog\/proyecto-de-rehabilitacion-del-conjunto-historico-del-pazo-de-leis\/#primaryimage\",\"url\":\"https:\/\/arquitecturadegalicia.eu\/blog\/wp-content\/uploads\/2013\/10\/PORTADA-MONDOY.jpg\",\"contentUrl\":\"https:\/\/arquitecturadegalicia.eu\/blog\/wp-content\/uploads\/2013\/10\/PORTADA-MONDOY.jpg\",\"width\":620,\"height\":413,\"caption\":\"Rehabilitacion Pazo de Leis | Oza dos Rios | EPB42 | Andres Soto\"},{\"@type\":\"BreadcrumbList\",\"@id\":\"https:\/\/arquitecturadegalicia.eu\/blog\/proyecto-de-rehabilitacion-del-conjunto-historico-del-pazo-de-leis\/#breadcrumb\",\"itemListElement\":[{\"@type\":\"ListItem\",\"position\":1,\"name\":\"Portada\",\"item\":\"https:\/\/arquitecturadegalicia.eu\/blog\/\"},{\"@type\":\"ListItem\",\"position\":2,\"name\":\"Proyecto de Rehabilitaci\u00f3n del conjunto Hist\u00f3rico del Pazo de Leis\"}]},{\"@type\":\"WebSite\",\"@id\":\"https:\/\/arquitecturadegalicia.eu\/blog\/#website\",\"url\":\"https:\/\/arquitecturadegalicia.eu\/blog\/\",\"name\":\"AG\",\"description\":\"Arquitectura de Galicia\",\"publisher\":{\"@id\":\"https:\/\/arquitecturadegalicia.eu\/blog\/#organization\"},\"potentialAction\":[{\"@type\":\"SearchAction\",\"target\":{\"@type\":\"EntryPoint\",\"urlTemplate\":\"https:\/\/arquitecturadegalicia.eu\/blog\/?s={search_term_string}\"},\"query-input\":{\"@type\":\"PropertyValueSpecification\",\"valueRequired\":true,\"valueName\":\"search_term_string\"}}],\"inLanguage\":\"es\"},{\"@type\":\"Organization\",\"@id\":\"https:\/\/arquitecturadegalicia.eu\/blog\/#organization\",\"name\":\"Arquitectura de Galicia\",\"url\":\"https:\/\/arquitecturadegalicia.eu\/blog\/\",\"logo\":{\"@type\":\"ImageObject\",\"inLanguage\":\"es\",\"@id\":\"https:\/\/arquitecturadegalicia.eu\/blog\/#\/schema\/logo\/image\/\",\"url\":\"https:\/\/arquitecturadegalicia.eu\/blog\/wp-content\/uploads\/2017\/01\/arquitecturacurrents2.png\",\"contentUrl\":\"https:\/\/arquitecturadegalicia.eu\/blog\/wp-content\/uploads\/2017\/01\/arquitecturacurrents2.png\",\"width\":840,\"height\":640,\"caption\":\"Arquitectura de Galicia\"},\"image\":{\"@id\":\"https:\/\/arquitecturadegalicia.eu\/blog\/#\/schema\/logo\/image\/\"},\"sameAs\":[\"https:\/\/www.facebook.com\/ArquitecturadeGalicia\/\",\"https:\/\/x.com\/arquigaliciaeu\",\"https:\/\/www.instagram.com\/arquigaliciaeu\/\"]},{\"@type\":\"Person\",\"@id\":\"https:\/\/arquitecturadegalicia.eu\/blog\/#\/schema\/person\/abcb74b3399abffb9dabced36488ac35\",\"name\":\"Dario Vallina\",\"image\":{\"@type\":\"ImageObject\",\"inLanguage\":\"es\",\"@id\":\"https:\/\/arquitecturadegalicia.eu\/blog\/#\/schema\/person\/image\/\",\"url\":\"https:\/\/secure.gravatar.com\/avatar\/a79e713b96510b29d405cacc448bf2e0?s=96&d=mm&r=g\",\"contentUrl\":\"https:\/\/secure.gravatar.com\/avatar\/a79e713b96510b29d405cacc448bf2e0?s=96&d=mm&r=g\",\"caption\":\"Dario Vallina\"},\"description\":\"Xix\u00f3n | Coordinaci\u00f3n e edici\u00f3n de artigos | La simplicidad es la mayor sofisticaci\u00f3n. Un caballo pintado a rayas no es una cebra. La imaginaci\u00f3n es m\u00e1s importante que la sabidur\u00eda. Si no puedo dibujarlo, es que no lo entiendo.\",\"url\":\"https:\/\/arquitecturadegalicia.eu\/blog\/author\/dariovallina\/\"}]}<\/script>\n<!-- \/ Yoast SEO plugin. -->","yoast_head_json":{"title":"Proyecto de Rehabilitaci\u00f3n del conjunto Hist\u00f3rico del Pazo de Leis | AG","robots":{"index":"index","follow":"follow","max-snippet":"max-snippet:-1","max-image-preview":"max-image-preview:large","max-video-preview":"max-video-preview:-1"},"canonical":"https:\/\/arquitecturadegalicia.eu\/blog\/proyecto-de-rehabilitacion-del-conjunto-historico-del-pazo-de-leis\/","og_locale":"es_ES","og_type":"article","og_title":"Proyecto de Rehabilitaci\u00f3n del conjunto Hist\u00f3rico del Pazo de Leis | AG","og_description":"El llamado \u201cPazo de Leis\u201d es la pieza m\u00e1s culta del conjunto de edificaciones pertenecientes a una gran finca agr\u00edcola - ganadera situada en la parroquia de Mondoy, Lugar de Santa Cruz, perteneciente al Municipio de Oza de los R\u00edos.","og_url":"https:\/\/arquitecturadegalicia.eu\/blog\/proyecto-de-rehabilitacion-del-conjunto-historico-del-pazo-de-leis\/","og_site_name":"AG","article_publisher":"https:\/\/www.facebook.com\/ArquitecturadeGalicia\/","article_published_time":"2013-11-01T19:00:05+00:00","article_modified_time":"2013-10-25T09:10:24+00:00","og_image":[{"width":620,"height":413,"url":"https:\/\/arquitecturadegalicia.eu\/blog\/wp-content\/uploads\/2013\/10\/PORTADA-MONDOY.jpg","type":"image\/jpeg"}],"author":"Dario Vallina","twitter_card":"summary_large_image","twitter_creator":"@arquigaliciaeu","twitter_site":"@arquigaliciaeu","twitter_misc":{"Escrito por":"Dario Vallina","Tiempo de lectura":"3 minutos"},"schema":{"@context":"https:\/\/schema.org","@graph":[{"@type":"Article","@id":"https:\/\/arquitecturadegalicia.eu\/blog\/proyecto-de-rehabilitacion-del-conjunto-historico-del-pazo-de-leis\/#article","isPartOf":{"@id":"https:\/\/arquitecturadegalicia.eu\/blog\/proyecto-de-rehabilitacion-del-conjunto-historico-del-pazo-de-leis\/"},"author":{"name":"Dario Vallina","@id":"https:\/\/arquitecturadegalicia.eu\/blog\/#\/schema\/person\/abcb74b3399abffb9dabced36488ac35"},"headline":"Proyecto de Rehabilitaci\u00f3n del conjunto Hist\u00f3rico del Pazo de Leis","datePublished":"2013-11-01T19:00:05+00:00","dateModified":"2013-10-25T09:10:24+00:00","mainEntityOfPage":{"@id":"https:\/\/arquitecturadegalicia.eu\/blog\/proyecto-de-rehabilitacion-del-conjunto-historico-del-pazo-de-leis\/"},"wordCount":546,"commentCount":0,"publisher":{"@id":"https:\/\/arquitecturadegalicia.eu\/blog\/#organization"},"image":{"@id":"https:\/\/arquitecturadegalicia.eu\/blog\/proyecto-de-rehabilitacion-del-conjunto-historico-del-pazo-de-leis\/#primaryimage"},"thumbnailUrl":"https:\/\/arquitecturadegalicia.eu\/blog\/wp-content\/uploads\/2013\/10\/PORTADA-MONDOY.jpg","keywords":["2000","Andr\u00e9s Soto | EPB42","pazo","rehabilitaci\u00f3n","tur\u00edstico"],"articleSection":["Oza dos R\u00edos"],"inLanguage":"es","potentialAction":[{"@type":"CommentAction","name":"Comment","target":["https:\/\/arquitecturadegalicia.eu\/blog\/proyecto-de-rehabilitacion-del-conjunto-historico-del-pazo-de-leis\/#respond"]}]},{"@type":"WebPage","@id":"https:\/\/arquitecturadegalicia.eu\/blog\/proyecto-de-rehabilitacion-del-conjunto-historico-del-pazo-de-leis\/","url":"https:\/\/arquitecturadegalicia.eu\/blog\/proyecto-de-rehabilitacion-del-conjunto-historico-del-pazo-de-leis\/","name":"Proyecto de Rehabilitaci\u00f3n del conjunto Hist\u00f3rico del Pazo de Leis | AG","isPartOf":{"@id":"https:\/\/arquitecturadegalicia.eu\/blog\/#website"},"primaryImageOfPage":{"@id":"https:\/\/arquitecturadegalicia.eu\/blog\/proyecto-de-rehabilitacion-del-conjunto-historico-del-pazo-de-leis\/#primaryimage"},"image":{"@id":"https:\/\/arquitecturadegalicia.eu\/blog\/proyecto-de-rehabilitacion-del-conjunto-historico-del-pazo-de-leis\/#primaryimage"},"thumbnailUrl":"https:\/\/arquitecturadegalicia.eu\/blog\/wp-content\/uploads\/2013\/10\/PORTADA-MONDOY.jpg","datePublished":"2013-11-01T19:00:05+00:00","dateModified":"2013-10-25T09:10:24+00:00","breadcrumb":{"@id":"https:\/\/arquitecturadegalicia.eu\/blog\/proyecto-de-rehabilitacion-del-conjunto-historico-del-pazo-de-leis\/#breadcrumb"},"inLanguage":"es","potentialAction":[{"@type":"ReadAction","target":["https:\/\/arquitecturadegalicia.eu\/blog\/proyecto-de-rehabilitacion-del-conjunto-historico-del-pazo-de-leis\/"]}]},{"@type":"ImageObject","inLanguage":"es","@id":"https:\/\/arquitecturadegalicia.eu\/blog\/proyecto-de-rehabilitacion-del-conjunto-historico-del-pazo-de-leis\/#primaryimage","url":"https:\/\/arquitecturadegalicia.eu\/blog\/wp-content\/uploads\/2013\/10\/PORTADA-MONDOY.jpg","contentUrl":"https:\/\/arquitecturadegalicia.eu\/blog\/wp-content\/uploads\/2013\/10\/PORTADA-MONDOY.jpg","width":620,"height":413,"caption":"Rehabilitacion Pazo de Leis | Oza dos Rios | EPB42 | Andres Soto"},{"@type":"BreadcrumbList","@id":"https:\/\/arquitecturadegalicia.eu\/blog\/proyecto-de-rehabilitacion-del-conjunto-historico-del-pazo-de-leis\/#breadcrumb","itemListElement":[{"@type":"ListItem","position":1,"name":"Portada","item":"https:\/\/arquitecturadegalicia.eu\/blog\/"},{"@type":"ListItem","position":2,"name":"Proyecto de Rehabilitaci\u00f3n del conjunto Hist\u00f3rico del Pazo de Leis"}]},{"@type":"WebSite","@id":"https:\/\/arquitecturadegalicia.eu\/blog\/#website","url":"https:\/\/arquitecturadegalicia.eu\/blog\/","name":"AG","description":"Arquitectura de Galicia","publisher":{"@id":"https:\/\/arquitecturadegalicia.eu\/blog\/#organization"},"potentialAction":[{"@type":"SearchAction","target":{"@type":"EntryPoint","urlTemplate":"https:\/\/arquitecturadegalicia.eu\/blog\/?s={search_term_string}"},"query-input":{"@type":"PropertyValueSpecification","valueRequired":true,"valueName":"search_term_string"}}],"inLanguage":"es"},{"@type":"Organization","@id":"https:\/\/arquitecturadegalicia.eu\/blog\/#organization","name":"Arquitectura de Galicia","url":"https:\/\/arquitecturadegalicia.eu\/blog\/","logo":{"@type":"ImageObject","inLanguage":"es","@id":"https:\/\/arquitecturadegalicia.eu\/blog\/#\/schema\/logo\/image\/","url":"https:\/\/arquitecturadegalicia.eu\/blog\/wp-content\/uploads\/2017\/01\/arquitecturacurrents2.png","contentUrl":"https:\/\/arquitecturadegalicia.eu\/blog\/wp-content\/uploads\/2017\/01\/arquitecturacurrents2.png","width":840,"height":640,"caption":"Arquitectura de Galicia"},"image":{"@id":"https:\/\/arquitecturadegalicia.eu\/blog\/#\/schema\/logo\/image\/"},"sameAs":["https:\/\/www.facebook.com\/ArquitecturadeGalicia\/","https:\/\/x.com\/arquigaliciaeu","https:\/\/www.instagram.com\/arquigaliciaeu\/"]},{"@type":"Person","@id":"https:\/\/arquitecturadegalicia.eu\/blog\/#\/schema\/person\/abcb74b3399abffb9dabced36488ac35","name":"Dario Vallina","image":{"@type":"ImageObject","inLanguage":"es","@id":"https:\/\/arquitecturadegalicia.eu\/blog\/#\/schema\/person\/image\/","url":"https:\/\/secure.gravatar.com\/avatar\/a79e713b96510b29d405cacc448bf2e0?s=96&d=mm&r=g","contentUrl":"https:\/\/secure.gravatar.com\/avatar\/a79e713b96510b29d405cacc448bf2e0?s=96&d=mm&r=g","caption":"Dario Vallina"},"description":"Xix\u00f3n | Coordinaci\u00f3n e edici\u00f3n de artigos | La simplicidad es la mayor sofisticaci\u00f3n. Un caballo pintado a rayas no es una cebra. La imaginaci\u00f3n es m\u00e1s importante que la sabidur\u00eda. Si no puedo dibujarlo, es que no lo entiendo.","url":"https:\/\/arquitecturadegalicia.eu\/blog\/author\/dariovallina\/"}]}},"jetpack_featured_media_url":"https:\/\/arquitecturadegalicia.eu\/blog\/wp-content\/uploads\/2013\/10\/PORTADA-MONDOY.jpg","jetpack_shortlink":"https:\/\/wp.me\/p2NHs2-2wE","jetpack_sharing_enabled":true,"_links":{"self":[{"href":"https:\/\/arquitecturadegalicia.eu\/blog\/wp-json\/wp\/v2\/posts\/9712","targetHints":{"allow":["GET"]}}],"collection":[{"href":"https:\/\/arquitecturadegalicia.eu\/blog\/wp-json\/wp\/v2\/posts"}],"about":[{"href":"https:\/\/arquitecturadegalicia.eu\/blog\/wp-json\/wp\/v2\/types\/post"}],"author":[{"embeddable":true,"href":"https:\/\/arquitecturadegalicia.eu\/blog\/wp-json\/wp\/v2\/users\/7"}],"replies":[{"embeddable":true,"href":"https:\/\/arquitecturadegalicia.eu\/blog\/wp-json\/wp\/v2\/comments?post=9712"}],"version-history":[{"count":8,"href":"https:\/\/arquitecturadegalicia.eu\/blog\/wp-json\/wp\/v2\/posts\/9712\/revisions"}],"predecessor-version":[{"id":9815,"href":"https:\/\/arquitecturadegalicia.eu\/blog\/wp-json\/wp\/v2\/posts\/9712\/revisions\/9815"}],"wp:featuredmedia":[{"embeddable":true,"href":"https:\/\/arquitecturadegalicia.eu\/blog\/wp-json\/wp\/v2\/media\/9713"}],"wp:attachment":[{"href":"https:\/\/arquitecturadegalicia.eu\/blog\/wp-json\/wp\/v2\/media?parent=9712"}],"wp:term":[{"taxonomy":"category","embeddable":true,"href":"https:\/\/arquitecturadegalicia.eu\/blog\/wp-json\/wp\/v2\/categories?post=9712"},{"taxonomy":"post_tag","embeddable":true,"href":"https:\/\/arquitecturadegalicia.eu\/blog\/wp-json\/wp\/v2\/tags?post=9712"},{"taxonomy":"ano","embeddable":true,"href":"https:\/\/arquitecturadegalicia.eu\/blog\/wp-json\/wp\/v2\/ano?post=9712"},{"taxonomy":"arquitectos","embeddable":true,"href":"https:\/\/arquitecturadegalicia.eu\/blog\/wp-json\/wp\/v2\/arquitectos?post=9712"},{"taxonomy":"tipoloxia","embeddable":true,"href":"https:\/\/arquitecturadegalicia.eu\/blog\/wp-json\/wp\/v2\/tipoloxia?post=9712"}],"curies":[{"name":"wp","href":"https:\/\/api.w.org\/{rel}","templated":true}]}}