{"id":9856,"date":"2013-11-03T20:00:34","date_gmt":"2013-11-03T19:00:34","guid":{"rendered":"http:\/\/arquitecturadegalicia.eu\/blog\/?p=9856"},"modified":"2013-10-31T12:13:53","modified_gmt":"2013-10-31T11:13:53","slug":"mirando-as-bateas","status":"publish","type":"post","link":"https:\/\/arquitecturadegalicia.eu\/blog\/mirando-as-bateas\/","title":{"rendered":"Mirando \u00e1s bateas"},"content":{"rendered":"<p><img fetchpriority=\"high\" decoding=\"async\" class=\"size-full wp-image-9857 aligncenter\" alt=\"I\u00f1aki Leite_Pobra do Carami\u00f1al_26_08_2013\" src=\"http:\/\/arquitecturadegalicia.eu\/blog\/wp-content\/uploads\/2013\/10\/02.jpg\" width=\"600\" height=\"400\" srcset=\"https:\/\/arquitecturadegalicia.eu\/blog\/wp-content\/uploads\/2013\/10\/02.jpg 600w, https:\/\/arquitecturadegalicia.eu\/blog\/wp-content\/uploads\/2013\/10\/02-300x200.jpg 300w\" sizes=\"(max-width: 600px) 100vw, 600px\" \/><\/p>\n<p style=\"text-align: right;\"><a style=\"font-size: 0.75em; text-align: right;\" href=\"http:\/\/www.adrianvazquez.es\/\" target=\"_blank\"><span style=\"color: #c0c0c0;\">Adri\u00e1n V\u00e1zquez<\/span><\/a><\/p>\n<table class=\"aligncenter\" width=\"620\" border=\"0\" cellspacing=\"0\" cellpadding=\"0\">\n<tbody>\n<tr>\n<td width=\"180\"><strong>Obra:<\/strong><\/td>\n<td>Mirando \u00e1s bateas<\/td>\n<\/tr>\n<tr>\n<td><strong>Arquitecto:<\/strong><\/td>\n<td>I\u00f1aki Leite<\/td>\n<\/tr>\n<tr>\n<td><strong>Provincia:<\/strong><\/td>\n<td>A Coru\u00f1a<\/td>\n<\/tr>\n<tr>\n<td><strong>Localidade:<\/strong><\/td>\n<td>A Pobra do Carami\u00f1al<\/td>\n<\/tr>\n<tr>\n<td><strong>Ano:<\/strong><\/td>\n<td>2012<\/td>\n<\/tr>\n<tr>\n<td><strong>Xeolocalizaci\u00f3n:<\/strong><\/td>\n<td><strong><a href=\"https:\/\/maps.google.es\/maps\/ms?msa=0&amp;msid=205584753861089304839.0004b3590a9baff01c53d&amp;ie=UTF8&amp;ll=42.625923,-8.917744&amp;spn=0.002554,0.005284&amp;t=h&amp;z=18&amp;vpsrc=6&amp;iwloc=0004e9dcfd8712e63d4f8\" target=\"_blank\">42.625,-8.917<\/a><\/strong><\/td>\n<\/tr>\n<\/tbody>\n<\/table>\n<table class=\" aligncenter\" width=\"620\" border=\"0\" cellspacing=\"0\" cellpadding=\"0\">\n<tbody>\n<tr>\n<td colspan=\"3\"><strong>Outros Datos:<\/strong><\/td>\n<\/tr>\n<tr>\n<td width=\"20\"><\/td>\n<td colspan=\"2\"><strong>Premios:<\/strong><\/td>\n<\/tr>\n<tr>\n<td width=\"20\"><\/td>\n<td width=\"20\"><\/td>\n<td width=\"580\"><a href=\"http:\/\/arquitecturadegalicia.eu\/blog\/?page_id=331\" target=\"_blank\"><strong>Xoana de Vega<\/strong><\/a> | <em>2013<\/em> | <em>Finalista<\/em><\/td>\n<\/tr>\n<tr>\n<td width=\"20\"><\/td>\n<td colspan=\"2\"><strong>Publicaci\u00f3ns:<\/strong><\/td>\n<\/tr>\n<tr>\n<td width=\"20\"><\/td>\n<td width=\"20\"><\/td>\n<td><\/td>\n<\/tr>\n<tr>\n<td width=\"20\"><\/td>\n<td colspan=\"2\"><strong>Informaci\u00f3n na rede:<\/strong><\/td>\n<\/tr>\n<tr>\n<td width=\"20\"><\/td>\n<td width=\"20\"><\/td>\n<td><strong><a href=\"http:\/\/www.designboom.com\/architecture\/inaki-leite-recycles-wooden-bateas-for-dezanove-house-in-spain-10-25-2013\/\" target=\"_blank\">designboom<\/a><br \/>\n<a href=\"http:\/\/www.dossierdearquitectura.com\/noticia.php?id=1262&amp;titulo=Mirando%20%C3%A1s%20bateas%20por%20el%20arquitecto%20espa%C3%B1ol%20I%C3%B1aki%20leite\" target=\"_blank\">dossierdearquitectura.com<\/a><\/strong><\/td>\n<\/tr>\n<tr>\n<td width=\"20\"><\/td>\n<td colspan=\"2\"><strong>Descripci\u00f3n do proxecto:<\/strong><\/td>\n<\/tr>\n<tr>\n<td width=\"20\"><\/td>\n<td width=\"20\"><\/td>\n<td>Esta vivienda en la R\u00eda de Arousa destaca por el uso de madera reciclada procedente de astilleros de la industria local. Es tambi\u00e9n una referencia por la eficiencia energ\u00e9tica y el cuidado estudio de sus instalaciones y su dise\u00f1o eficiente, por el que ha obtenido la m\u00e1xima calificaci\u00f3n energ\u00e9tica.La vieja madera utilizada en la construcci\u00f3n proviene del reciclado de \u201cbateas\u201d locales. \u00c9stas son plataformas de estructura de madera usadas para el cultivo del mejill\u00f3n. La madera utilizada por esta t\u00e9cnica pesquera local est\u00e1 expuesta al mar y al clima de la costa desde hace m\u00e1s de 25 a\u00f1os antes de ser enviado a reciclaje, normalmente para usar en los vi\u00f1edos o la jardiner\u00eda. Las vigas han sido tratadas y cortadas a la mitad para producir dos texturas diferentes. Al exterior la madera mantiene su textura rugosa y envejecida como respuesta a la escala urbana. Por el contrario, en la madera del interior se usa la cara de corte para proporcionar mayor confort visual y calidez.En el interior, con el uso de materiales desnudos, luz natural por reflexi\u00f3n y ba\u00f1os en vidrio trasl\u00facido, se consigue efectos de tranquilidad. Destacan tambi\u00e9n la relaci\u00f3n visual entre los diferentes espacios, que contribuyen a la interacci\u00f3n y sensaci\u00f3n de amplitud.La vivienda busca la protecci\u00f3n de la roca al mismo tiempo que se orienta al Sur abri\u00e9ndose hacia las vistas con dos vol\u00famenes diferenciados y cuya conciliaci\u00f3n de geometr\u00edas se logra de una manera natural. El volumen privado es de madera por fuera y hormig\u00f3n por dentro, y usa las contraventanas para lograr mejor privacidad y control solar. El uso de materiales es el opuesto en el volumen p\u00fablico en el que est\u00e1 el mirador, con el gran ventanal y la protecci\u00f3n solar de la sombra del balc\u00f3n.<\/p>\n<p>La alta calificaci\u00f3n energ\u00e9tica obtenida (A) es gracias al complejo dise\u00f1o del sistema de ventilaci\u00f3n, al elevado grado de aislamiento, bajo consumo de las instalaciones y a la utilizaci\u00f3n de grandes superficies de vidrio orientadas al Sur combinadas con elementos de protecci\u00f3n solar.<\/td>\n<\/tr>\n<tr>\n<td width=\"20\"><\/td>\n<td colspan=\"2\"><b>Reportaxe fotogr\u00e1fica: <\/b>Adri\u00e1n V\u00e1zquez<\/td>\n<\/tr>\n<tr>\n<td width=\"20\"><\/td>\n<td colspan=\"2\"><\/td>\n<\/tr>\n<tr>\n<td width=\"20\"><\/td>\n<td colspan=\"2\"><strong>Planos:<\/strong><\/td>\n<\/tr>\n<tr>\n<td width=\"20\"><\/td>\n<td colspan=\"2\"><\/td>\n<\/tr>\n<\/tbody>\n<\/table>\n","protected":false},"excerpt":{"rendered":"<p>Esta vivienda en la R\u00eda de Arousa destaca por el uso de madera reciclada procedente de astilleros de la industria local. Es tambi\u00e9n una referencia por la eficiencia energ\u00e9tica y el cuidado estudio de sus instalaciones y su dise\u00f1o eficiente.<\/p>\n","protected":false},"author":3,"featured_media":9857,"comment_status":"open","ping_status":"open","sticky":false,"template":"","format":"standard","meta":{"jetpack_post_was_ever_published":false,"_jetpack_newsletter_access":"","_jetpack_dont_email_post_to_subs":false,"_jetpack_newsletter_tier_id":0,"_jetpack_memberships_contains_paywalled_content":false,"_jetpack_memberships_contains_paid_content":false,"footnotes":"","jetpack_publicize_message":"","jetpack_publicize_feature_enabled":true,"jetpack_social_post_already_shared":true,"jetpack_social_options":{"image_generator_settings":{"template":"highway","enabled":false},"version":2}},"categories":[269],"tags":[57,800,105,108],"ano":[],"arquitectos":[],"tipoloxia":[],"class_list":["post-9856","post","type-post","status-publish","format-standard","has-post-thumbnail","hentry","category-a-pobra-do-caraminal","tag-57","tag-inaki-leite","tag-unifamiliar","tag-vivenda","content-print"],"jetpack_publicize_connections":[],"yoast_head":"<!-- This site is optimized with the Yoast SEO plugin v24.1 - https:\/\/yoast.com\/wordpress\/plugins\/seo\/ -->\n<title>Mirando \u00e1s bateas | AG<\/title>\n<meta name=\"robots\" content=\"index, follow, max-snippet:-1, max-image-preview:large, max-video-preview:-1\" \/>\n<link rel=\"canonical\" href=\"https:\/\/arquitecturadegalicia.eu\/blog\/mirando-as-bateas\/\" \/>\n<meta property=\"og:locale\" content=\"es_ES\" \/>\n<meta property=\"og:type\" content=\"article\" \/>\n<meta property=\"og:title\" content=\"Mirando \u00e1s bateas | AG\" \/>\n<meta property=\"og:description\" content=\"Esta vivienda en la R\u00eda de Arousa destaca por el uso de madera reciclada procedente de astilleros de la industria local. Es tambi\u00e9n una referencia por la eficiencia energ\u00e9tica y el cuidado estudio de sus instalaciones y su dise\u00f1o eficiente.\" \/>\n<meta property=\"og:url\" content=\"https:\/\/arquitecturadegalicia.eu\/blog\/mirando-as-bateas\/\" \/>\n<meta property=\"og:site_name\" content=\"AG\" \/>\n<meta property=\"article:publisher\" content=\"https:\/\/www.facebook.com\/ArquitecturadeGalicia\/\" \/>\n<meta property=\"article:published_time\" content=\"2013-11-03T19:00:34+00:00\" \/>\n<meta property=\"article:modified_time\" content=\"2013-10-31T11:13:53+00:00\" \/>\n<meta property=\"og:image\" content=\"https:\/\/arquitecturadegalicia.eu\/blog\/wp-content\/uploads\/2013\/10\/02.jpg\" \/>\n\t<meta property=\"og:image:width\" content=\"600\" \/>\n\t<meta property=\"og:image:height\" content=\"400\" \/>\n\t<meta property=\"og:image:type\" content=\"image\/jpeg\" \/>\n<meta name=\"author\" content=\"Luis Santalla\" \/>\n<meta name=\"twitter:card\" content=\"summary_large_image\" \/>\n<meta name=\"twitter:creator\" content=\"@arquigaliciaeu\" \/>\n<meta name=\"twitter:site\" content=\"@arquigaliciaeu\" \/>\n<meta name=\"twitter:label1\" content=\"Escrito por\" \/>\n\t<meta name=\"twitter:data1\" content=\"Luis Santalla\" \/>\n\t<meta name=\"twitter:label2\" content=\"Tiempo de lectura\" \/>\n\t<meta name=\"twitter:data2\" content=\"2 minutos\" \/>\n<script type=\"application\/ld+json\" class=\"yoast-schema-graph\">{\"@context\":\"https:\/\/schema.org\",\"@graph\":[{\"@type\":\"Article\",\"@id\":\"https:\/\/arquitecturadegalicia.eu\/blog\/mirando-as-bateas\/#article\",\"isPartOf\":{\"@id\":\"https:\/\/arquitecturadegalicia.eu\/blog\/mirando-as-bateas\/\"},\"author\":{\"name\":\"Luis Santalla\",\"@id\":\"https:\/\/arquitecturadegalicia.eu\/blog\/#\/schema\/person\/e23cc95ba9b18a7fc37259e3f8d02f0e\"},\"headline\":\"Mirando \u00e1s bateas\",\"datePublished\":\"2013-11-03T19:00:34+00:00\",\"dateModified\":\"2013-10-31T11:13:53+00:00\",\"mainEntityOfPage\":{\"@id\":\"https:\/\/arquitecturadegalicia.eu\/blog\/mirando-as-bateas\/\"},\"wordCount\":432,\"commentCount\":0,\"publisher\":{\"@id\":\"https:\/\/arquitecturadegalicia.eu\/blog\/#organization\"},\"image\":{\"@id\":\"https:\/\/arquitecturadegalicia.eu\/blog\/mirando-as-bateas\/#primaryimage\"},\"thumbnailUrl\":\"https:\/\/arquitecturadegalicia.eu\/blog\/wp-content\/uploads\/2013\/10\/02.jpg\",\"keywords\":[\"2012\",\"I\u00f1aki Leite\",\"unifamiliar\",\"Vivenda\"],\"articleSection\":[\"A Pobra do Carami\u00f1al\"],\"inLanguage\":\"es\",\"potentialAction\":[{\"@type\":\"CommentAction\",\"name\":\"Comment\",\"target\":[\"https:\/\/arquitecturadegalicia.eu\/blog\/mirando-as-bateas\/#respond\"]}]},{\"@type\":\"WebPage\",\"@id\":\"https:\/\/arquitecturadegalicia.eu\/blog\/mirando-as-bateas\/\",\"url\":\"https:\/\/arquitecturadegalicia.eu\/blog\/mirando-as-bateas\/\",\"name\":\"Mirando \u00e1s bateas | AG\",\"isPartOf\":{\"@id\":\"https:\/\/arquitecturadegalicia.eu\/blog\/#website\"},\"primaryImageOfPage\":{\"@id\":\"https:\/\/arquitecturadegalicia.eu\/blog\/mirando-as-bateas\/#primaryimage\"},\"image\":{\"@id\":\"https:\/\/arquitecturadegalicia.eu\/blog\/mirando-as-bateas\/#primaryimage\"},\"thumbnailUrl\":\"https:\/\/arquitecturadegalicia.eu\/blog\/wp-content\/uploads\/2013\/10\/02.jpg\",\"datePublished\":\"2013-11-03T19:00:34+00:00\",\"dateModified\":\"2013-10-31T11:13:53+00:00\",\"breadcrumb\":{\"@id\":\"https:\/\/arquitecturadegalicia.eu\/blog\/mirando-as-bateas\/#breadcrumb\"},\"inLanguage\":\"es\",\"potentialAction\":[{\"@type\":\"ReadAction\",\"target\":[\"https:\/\/arquitecturadegalicia.eu\/blog\/mirando-as-bateas\/\"]}]},{\"@type\":\"ImageObject\",\"inLanguage\":\"es\",\"@id\":\"https:\/\/arquitecturadegalicia.eu\/blog\/mirando-as-bateas\/#primaryimage\",\"url\":\"https:\/\/arquitecturadegalicia.eu\/blog\/wp-content\/uploads\/2013\/10\/02.jpg\",\"contentUrl\":\"https:\/\/arquitecturadegalicia.eu\/blog\/wp-content\/uploads\/2013\/10\/02.jpg\",\"width\":600,\"height\":400,\"caption\":\"I\u00f1aki Leite_Pobra do Carami\u00f1al_26_08_2013\"},{\"@type\":\"BreadcrumbList\",\"@id\":\"https:\/\/arquitecturadegalicia.eu\/blog\/mirando-as-bateas\/#breadcrumb\",\"itemListElement\":[{\"@type\":\"ListItem\",\"position\":1,\"name\":\"Portada\",\"item\":\"https:\/\/arquitecturadegalicia.eu\/blog\/\"},{\"@type\":\"ListItem\",\"position\":2,\"name\":\"Mirando \u00e1s bateas\"}]},{\"@type\":\"WebSite\",\"@id\":\"https:\/\/arquitecturadegalicia.eu\/blog\/#website\",\"url\":\"https:\/\/arquitecturadegalicia.eu\/blog\/\",\"name\":\"AG\",\"description\":\"Arquitectura de Galicia\",\"publisher\":{\"@id\":\"https:\/\/arquitecturadegalicia.eu\/blog\/#organization\"},\"potentialAction\":[{\"@type\":\"SearchAction\",\"target\":{\"@type\":\"EntryPoint\",\"urlTemplate\":\"https:\/\/arquitecturadegalicia.eu\/blog\/?s={search_term_string}\"},\"query-input\":{\"@type\":\"PropertyValueSpecification\",\"valueRequired\":true,\"valueName\":\"search_term_string\"}}],\"inLanguage\":\"es\"},{\"@type\":\"Organization\",\"@id\":\"https:\/\/arquitecturadegalicia.eu\/blog\/#organization\",\"name\":\"Arquitectura de Galicia\",\"url\":\"https:\/\/arquitecturadegalicia.eu\/blog\/\",\"logo\":{\"@type\":\"ImageObject\",\"inLanguage\":\"es\",\"@id\":\"https:\/\/arquitecturadegalicia.eu\/blog\/#\/schema\/logo\/image\/\",\"url\":\"https:\/\/arquitecturadegalicia.eu\/blog\/wp-content\/uploads\/2017\/01\/arquitecturacurrents2.png\",\"contentUrl\":\"https:\/\/arquitecturadegalicia.eu\/blog\/wp-content\/uploads\/2017\/01\/arquitecturacurrents2.png\",\"width\":840,\"height\":640,\"caption\":\"Arquitectura de Galicia\"},\"image\":{\"@id\":\"https:\/\/arquitecturadegalicia.eu\/blog\/#\/schema\/logo\/image\/\"},\"sameAs\":[\"https:\/\/www.facebook.com\/ArquitecturadeGalicia\/\",\"https:\/\/x.com\/arquigaliciaeu\",\"https:\/\/www.instagram.com\/arquigaliciaeu\/\"]},{\"@type\":\"Person\",\"@id\":\"https:\/\/arquitecturadegalicia.eu\/blog\/#\/schema\/person\/e23cc95ba9b18a7fc37259e3f8d02f0e\",\"name\":\"Luis Santalla\",\"image\":{\"@type\":\"ImageObject\",\"inLanguage\":\"es\",\"@id\":\"https:\/\/arquitecturadegalicia.eu\/blog\/#\/schema\/person\/image\/\",\"url\":\"https:\/\/secure.gravatar.com\/avatar\/5b1ff9326d90bb609bad178f3a7079fe?s=96&d=mm&r=g\",\"contentUrl\":\"https:\/\/secure.gravatar.com\/avatar\/5b1ff9326d90bb609bad178f3a7079fe?s=96&d=mm&r=g\",\"caption\":\"Luis Santalla\"},\"description\":\"Cedeira | Encargado de coordinaci\u00f3n e mantemento web | Arquitecto . Universidade do Minho 2012. Socio do estudio FLU-OR e antigo colaborador do Estudio MMASA. Publica habitualmente en teoriadeconstruccion.net, en arquitecturadegalicia.eu y eventualmente en inteligenciascolectivas.org\",\"sameAs\":[\"https:\/\/9diseno.wordpress.com\/curriculum-vitae\/\"],\"url\":\"https:\/\/arquitecturadegalicia.eu\/blog\/author\/luissantalla\/\"}]}<\/script>\n<!-- \/ Yoast SEO plugin. -->","yoast_head_json":{"title":"Mirando \u00e1s bateas | AG","robots":{"index":"index","follow":"follow","max-snippet":"max-snippet:-1","max-image-preview":"max-image-preview:large","max-video-preview":"max-video-preview:-1"},"canonical":"https:\/\/arquitecturadegalicia.eu\/blog\/mirando-as-bateas\/","og_locale":"es_ES","og_type":"article","og_title":"Mirando \u00e1s bateas | AG","og_description":"Esta vivienda en la R\u00eda de Arousa destaca por el uso de madera reciclada procedente de astilleros de la industria local. Es tambi\u00e9n una referencia por la eficiencia energ\u00e9tica y el cuidado estudio de sus instalaciones y su dise\u00f1o eficiente.","og_url":"https:\/\/arquitecturadegalicia.eu\/blog\/mirando-as-bateas\/","og_site_name":"AG","article_publisher":"https:\/\/www.facebook.com\/ArquitecturadeGalicia\/","article_published_time":"2013-11-03T19:00:34+00:00","article_modified_time":"2013-10-31T11:13:53+00:00","og_image":[{"width":600,"height":400,"url":"https:\/\/arquitecturadegalicia.eu\/blog\/wp-content\/uploads\/2013\/10\/02.jpg","type":"image\/jpeg"}],"author":"Luis Santalla","twitter_card":"summary_large_image","twitter_creator":"@arquigaliciaeu","twitter_site":"@arquigaliciaeu","twitter_misc":{"Escrito por":"Luis Santalla","Tiempo de lectura":"2 minutos"},"schema":{"@context":"https:\/\/schema.org","@graph":[{"@type":"Article","@id":"https:\/\/arquitecturadegalicia.eu\/blog\/mirando-as-bateas\/#article","isPartOf":{"@id":"https:\/\/arquitecturadegalicia.eu\/blog\/mirando-as-bateas\/"},"author":{"name":"Luis Santalla","@id":"https:\/\/arquitecturadegalicia.eu\/blog\/#\/schema\/person\/e23cc95ba9b18a7fc37259e3f8d02f0e"},"headline":"Mirando \u00e1s bateas","datePublished":"2013-11-03T19:00:34+00:00","dateModified":"2013-10-31T11:13:53+00:00","mainEntityOfPage":{"@id":"https:\/\/arquitecturadegalicia.eu\/blog\/mirando-as-bateas\/"},"wordCount":432,"commentCount":0,"publisher":{"@id":"https:\/\/arquitecturadegalicia.eu\/blog\/#organization"},"image":{"@id":"https:\/\/arquitecturadegalicia.eu\/blog\/mirando-as-bateas\/#primaryimage"},"thumbnailUrl":"https:\/\/arquitecturadegalicia.eu\/blog\/wp-content\/uploads\/2013\/10\/02.jpg","keywords":["2012","I\u00f1aki Leite","unifamiliar","Vivenda"],"articleSection":["A Pobra do Carami\u00f1al"],"inLanguage":"es","potentialAction":[{"@type":"CommentAction","name":"Comment","target":["https:\/\/arquitecturadegalicia.eu\/blog\/mirando-as-bateas\/#respond"]}]},{"@type":"WebPage","@id":"https:\/\/arquitecturadegalicia.eu\/blog\/mirando-as-bateas\/","url":"https:\/\/arquitecturadegalicia.eu\/blog\/mirando-as-bateas\/","name":"Mirando \u00e1s bateas | AG","isPartOf":{"@id":"https:\/\/arquitecturadegalicia.eu\/blog\/#website"},"primaryImageOfPage":{"@id":"https:\/\/arquitecturadegalicia.eu\/blog\/mirando-as-bateas\/#primaryimage"},"image":{"@id":"https:\/\/arquitecturadegalicia.eu\/blog\/mirando-as-bateas\/#primaryimage"},"thumbnailUrl":"https:\/\/arquitecturadegalicia.eu\/blog\/wp-content\/uploads\/2013\/10\/02.jpg","datePublished":"2013-11-03T19:00:34+00:00","dateModified":"2013-10-31T11:13:53+00:00","breadcrumb":{"@id":"https:\/\/arquitecturadegalicia.eu\/blog\/mirando-as-bateas\/#breadcrumb"},"inLanguage":"es","potentialAction":[{"@type":"ReadAction","target":["https:\/\/arquitecturadegalicia.eu\/blog\/mirando-as-bateas\/"]}]},{"@type":"ImageObject","inLanguage":"es","@id":"https:\/\/arquitecturadegalicia.eu\/blog\/mirando-as-bateas\/#primaryimage","url":"https:\/\/arquitecturadegalicia.eu\/blog\/wp-content\/uploads\/2013\/10\/02.jpg","contentUrl":"https:\/\/arquitecturadegalicia.eu\/blog\/wp-content\/uploads\/2013\/10\/02.jpg","width":600,"height":400,"caption":"I\u00f1aki Leite_Pobra do Carami\u00f1al_26_08_2013"},{"@type":"BreadcrumbList","@id":"https:\/\/arquitecturadegalicia.eu\/blog\/mirando-as-bateas\/#breadcrumb","itemListElement":[{"@type":"ListItem","position":1,"name":"Portada","item":"https:\/\/arquitecturadegalicia.eu\/blog\/"},{"@type":"ListItem","position":2,"name":"Mirando \u00e1s bateas"}]},{"@type":"WebSite","@id":"https:\/\/arquitecturadegalicia.eu\/blog\/#website","url":"https:\/\/arquitecturadegalicia.eu\/blog\/","name":"AG","description":"Arquitectura de Galicia","publisher":{"@id":"https:\/\/arquitecturadegalicia.eu\/blog\/#organization"},"potentialAction":[{"@type":"SearchAction","target":{"@type":"EntryPoint","urlTemplate":"https:\/\/arquitecturadegalicia.eu\/blog\/?s={search_term_string}"},"query-input":{"@type":"PropertyValueSpecification","valueRequired":true,"valueName":"search_term_string"}}],"inLanguage":"es"},{"@type":"Organization","@id":"https:\/\/arquitecturadegalicia.eu\/blog\/#organization","name":"Arquitectura de Galicia","url":"https:\/\/arquitecturadegalicia.eu\/blog\/","logo":{"@type":"ImageObject","inLanguage":"es","@id":"https:\/\/arquitecturadegalicia.eu\/blog\/#\/schema\/logo\/image\/","url":"https:\/\/arquitecturadegalicia.eu\/blog\/wp-content\/uploads\/2017\/01\/arquitecturacurrents2.png","contentUrl":"https:\/\/arquitecturadegalicia.eu\/blog\/wp-content\/uploads\/2017\/01\/arquitecturacurrents2.png","width":840,"height":640,"caption":"Arquitectura de Galicia"},"image":{"@id":"https:\/\/arquitecturadegalicia.eu\/blog\/#\/schema\/logo\/image\/"},"sameAs":["https:\/\/www.facebook.com\/ArquitecturadeGalicia\/","https:\/\/x.com\/arquigaliciaeu","https:\/\/www.instagram.com\/arquigaliciaeu\/"]},{"@type":"Person","@id":"https:\/\/arquitecturadegalicia.eu\/blog\/#\/schema\/person\/e23cc95ba9b18a7fc37259e3f8d02f0e","name":"Luis Santalla","image":{"@type":"ImageObject","inLanguage":"es","@id":"https:\/\/arquitecturadegalicia.eu\/blog\/#\/schema\/person\/image\/","url":"https:\/\/secure.gravatar.com\/avatar\/5b1ff9326d90bb609bad178f3a7079fe?s=96&d=mm&r=g","contentUrl":"https:\/\/secure.gravatar.com\/avatar\/5b1ff9326d90bb609bad178f3a7079fe?s=96&d=mm&r=g","caption":"Luis Santalla"},"description":"Cedeira | Encargado de coordinaci\u00f3n e mantemento web | Arquitecto . Universidade do Minho 2012. Socio do estudio FLU-OR e antigo colaborador do Estudio MMASA. Publica habitualmente en teoriadeconstruccion.net, en arquitecturadegalicia.eu y eventualmente en inteligenciascolectivas.org","sameAs":["https:\/\/9diseno.wordpress.com\/curriculum-vitae\/"],"url":"https:\/\/arquitecturadegalicia.eu\/blog\/author\/luissantalla\/"}]}},"jetpack_featured_media_url":"https:\/\/arquitecturadegalicia.eu\/blog\/wp-content\/uploads\/2013\/10\/02.jpg","jetpack_shortlink":"https:\/\/wp.me\/p2NHs2-2yY","jetpack_sharing_enabled":true,"_links":{"self":[{"href":"https:\/\/arquitecturadegalicia.eu\/blog\/wp-json\/wp\/v2\/posts\/9856","targetHints":{"allow":["GET"]}}],"collection":[{"href":"https:\/\/arquitecturadegalicia.eu\/blog\/wp-json\/wp\/v2\/posts"}],"about":[{"href":"https:\/\/arquitecturadegalicia.eu\/blog\/wp-json\/wp\/v2\/types\/post"}],"author":[{"embeddable":true,"href":"https:\/\/arquitecturadegalicia.eu\/blog\/wp-json\/wp\/v2\/users\/3"}],"replies":[{"embeddable":true,"href":"https:\/\/arquitecturadegalicia.eu\/blog\/wp-json\/wp\/v2\/comments?post=9856"}],"version-history":[{"count":7,"href":"https:\/\/arquitecturadegalicia.eu\/blog\/wp-json\/wp\/v2\/posts\/9856\/revisions"}],"predecessor-version":[{"id":9861,"href":"https:\/\/arquitecturadegalicia.eu\/blog\/wp-json\/wp\/v2\/posts\/9856\/revisions\/9861"}],"wp:featuredmedia":[{"embeddable":true,"href":"https:\/\/arquitecturadegalicia.eu\/blog\/wp-json\/wp\/v2\/media\/9857"}],"wp:attachment":[{"href":"https:\/\/arquitecturadegalicia.eu\/blog\/wp-json\/wp\/v2\/media?parent=9856"}],"wp:term":[{"taxonomy":"category","embeddable":true,"href":"https:\/\/arquitecturadegalicia.eu\/blog\/wp-json\/wp\/v2\/categories?post=9856"},{"taxonomy":"post_tag","embeddable":true,"href":"https:\/\/arquitecturadegalicia.eu\/blog\/wp-json\/wp\/v2\/tags?post=9856"},{"taxonomy":"ano","embeddable":true,"href":"https:\/\/arquitecturadegalicia.eu\/blog\/wp-json\/wp\/v2\/ano?post=9856"},{"taxonomy":"arquitectos","embeddable":true,"href":"https:\/\/arquitecturadegalicia.eu\/blog\/wp-json\/wp\/v2\/arquitectos?post=9856"},{"taxonomy":"tipoloxia","embeddable":true,"href":"https:\/\/arquitecturadegalicia.eu\/blog\/wp-json\/wp\/v2\/tipoloxia?post=9856"}],"curies":[{"name":"wp","href":"https:\/\/api.w.org\/{rel}","templated":true}]}}