{"id":9869,"date":"2013-11-05T20:00:27","date_gmt":"2013-11-05T19:00:27","guid":{"rendered":"http:\/\/arquitecturadegalicia.eu\/blog\/?p=9869"},"modified":"2013-11-05T20:32:09","modified_gmt":"2013-11-05T19:32:09","slug":"cantina-da-cidade-da-cultura","status":"publish","type":"post","link":"https:\/\/arquitecturadegalicia.eu\/blog\/cantina-da-cidade-da-cultura\/","title":{"rendered":"Cantina da Cidade da Cultura"},"content":{"rendered":"<h6 style=\"text-align: right;\"><span style=\"color: #c0c0c0;\"><img fetchpriority=\"high\" decoding=\"async\" class=\"alignnone size-full wp-image-9871\" alt=\"ESTUDIO NOMADA_cantina_cidade da cultura_compostela_ 2011\" src=\"http:\/\/arquitecturadegalicia.eu\/blog\/wp-content\/uploads\/2013\/11\/en_c_01_27720.jpg\" width=\"620\" height=\"465\" srcset=\"https:\/\/arquitecturadegalicia.eu\/blog\/wp-content\/uploads\/2013\/11\/en_c_01_27720.jpg 620w, https:\/\/arquitecturadegalicia.eu\/blog\/wp-content\/uploads\/2013\/11\/en_c_01_27720-300x225.jpg 300w\" sizes=\"(max-width: 620px) 100vw, 620px\" \/><br \/>\n<span style=\"color: #999999;\"><a href=\"http:\/\/www.santos-diez.com\/\" target=\"_blank\"><span style=\"color: #999999;\">Santos-D\u00edez<\/span><\/a>\u00a0|\u00a0<a href=\"http:\/\/www.bisimages.com\/\" target=\"_blank\"><span style=\"color: #999999;\">BISimages<\/span><\/a><\/span><br \/>\n<\/span><\/h6>\n<table class=\"aligncenter\" width=\"620\" border=\"0\" cellspacing=\"0\" cellpadding=\"0\">\n<tbody>\n<tr>\n<td width=\"180\"><strong>Obra:<\/strong><\/td>\n<td>Cantina da Cidade da Cultura<\/td>\n<\/tr>\n<tr>\n<td><strong>Arquitecto:<\/strong><\/td>\n<td>Estudio N\u00f3mada<\/td>\n<\/tr>\n<tr>\n<td><strong>Provincia:<\/strong><\/td>\n<td>A Coru\u00f1a<\/td>\n<\/tr>\n<tr>\n<td><strong>Localidade:<\/strong><\/td>\n<td>Monte Gai\u00e1s, Santiago de Compostela<\/td>\n<\/tr>\n<tr>\n<td><strong>Ano:<\/strong><\/td>\n<td>2011<\/td>\n<\/tr>\n<tr>\n<td><strong>Xeolocalizaci\u00f3n:<\/strong><\/td>\n<td><a href=\"https:\/\/maps.google.com\/maps\/ms?ie=UTF8&amp;hl=es&amp;oe=UTF8&amp;t=h&amp;vpsrc=6&amp;msa=0&amp;msid=205584753861089304839.0004b3590a9baff01c53d&amp;start=400&amp;num=200&amp;ll=42.870531,-8.526367&amp;spn=0.005119,0.009645&amp;z=17&amp;iwloc=0004ea0c1eb42980ad845\" target=\"_blank\"><strong>42.869,-8.526<\/strong><\/a><\/td>\n<\/tr>\n<\/tbody>\n<\/table>\n<table class=\" aligncenter\" width=\"620\" border=\"0\" cellspacing=\"0\" cellpadding=\"0\">\n<tbody>\n<tr>\n<td colspan=\"3\"><span style=\"color: #333333; font-family: Georgia, 'Times New Roman', 'Bitstream Charter', Times, serif; font-size: small;\"><span style=\"line-height: 19px;\">Outros Datos:<\/span><\/span><\/td>\n<\/tr>\n<tr>\n<td width=\"20\"><span style=\"color: #333333; font-family: Georgia, 'Times New Roman', 'Bitstream Charter', Times, serif; font-size: small;\"><span style=\"line-height: 19px;\">\u00a0<\/span><\/span><\/td>\n<td colspan=\"2\"><span style=\"color: #333333; font-family: Georgia, 'Times New Roman', 'Bitstream Charter', Times, serif; font-size: small;\"><span style=\"line-height: 19px;\">Premios:<\/span><\/span><\/td>\n<\/tr>\n<tr>\n<td width=\"20\"><span style=\"color: #333333; font-family: Georgia, 'Times New Roman', 'Bitstream Charter', Times, serif; font-size: small;\"><span style=\"line-height: 19px;\">\u00a0<\/span><\/span><\/td>\n<td width=\"20\"><span style=\"color: #333333; font-family: Georgia, 'Times New Roman', 'Bitstream Charter', Times, serif; font-size: small;\"><span style=\"line-height: 19px;\">\u00a0<\/span><\/span><\/td>\n<td width=\"580\"><span style=\"color: #333333; font-family: Georgia, 'Times New Roman', 'Bitstream Charter', Times, serif; font-size: small;\"><span style=\"line-height: 19px;\">Restaurant &amp; Bar Design Awards<\/span><\/span><\/td>\n<\/tr>\n<tr>\n<td width=\"20\"><span style=\"color: #333333; font-family: Georgia, 'Times New Roman', 'Bitstream Charter', Times, serif; font-size: small;\"><span style=\"line-height: 19px;\">\u00a0<\/span><\/span><\/td>\n<td colspan=\"2\"><span style=\"color: #333333; font-family: Georgia, 'Times New Roman', 'Bitstream Charter', Times, serif; font-size: small;\"><span style=\"line-height: 19px;\">Publicaci\u00f3ns:<\/span><\/span><\/td>\n<\/tr>\n<tr>\n<td width=\"20\"><span style=\"color: #333333; font-family: Georgia, 'Times New Roman', 'Bitstream Charter', Times, serif; font-size: small;\"><span style=\"line-height: 19px;\">\u00a0<\/span><\/span><\/td>\n<td width=\"20\"><span style=\"color: #333333; font-family: Georgia, 'Times New Roman', 'Bitstream Charter', Times, serif; font-size: small;\"><span style=\"line-height: 19px;\">\u00a0<\/span><\/span><\/td>\n<td><span style=\"color: #333333; font-family: Georgia, 'Times New Roman', 'Bitstream Charter', Times, serif; font-size: small;\"><span style=\"line-height: 19px;\"><a href=\"http:\/\/metagenesix.blogspot.com.es\/p\/catalogo-metagenesix.html\" target=\"_blank\"><strong>Metagenesix<\/strong><\/a>. Nova arquitectura de Galicia | Difusora de artes, letras e ideas | 2011<br \/>\nDise\u00f1o interior\u00a0n\u00ba 225 | 2011<br \/>\nEsquire |\u00a0novembro 2012<br \/>\n<\/span><\/span>Frame |\u00a0Maio \/ xu\u00f1o 2011<\/td>\n<\/tr>\n<tr>\n<td width=\"20\"><span style=\"color: #333333; font-family: Georgia, 'Times New Roman', 'Bitstream Charter', Times, serif; font-size: small;\"><span style=\"line-height: 19px;\">\u00a0<\/span><\/span><\/td>\n<td colspan=\"2\"><span style=\"color: #333333; font-family: Georgia, 'Times New Roman', 'Bitstream Charter', Times, serif; font-size: small;\"><span style=\"line-height: 19px;\">Informaci\u00f3n na rede:<\/span><\/span><\/td>\n<\/tr>\n<tr>\n<td width=\"20\"><span style=\"color: #333333; font-family: Georgia, 'Times New Roman', 'Bitstream Charter', Times, serif; font-size: small;\"><span style=\"line-height: 19px;\">\u00a0<\/span><\/span><\/td>\n<td width=\"20\"><span style=\"color: #333333; font-family: Georgia, 'Times New Roman', 'Bitstream Charter', Times, serif; font-size: small;\"><span style=\"line-height: 19px;\">\u00a0<\/span><\/span><\/td>\n<td><strong><a href=\"http:\/\/www.estudionomada.es\/\" target=\"_blank\"><span style=\"line-height: 19px;\"><span style=\"color: #333333; font-family: Georgia, 'Times New Roman', 'Bitstream Charter', Times, serif; font-size: small;\">estudionomada.es<br \/>\n<\/span><\/span><\/a><\/strong><strong><strong><span style=\"line-height: 19px;\"><span style=\"color: #333333; font-family: Georgia, 'Times New Roman', 'Bitstream Charter', Times, serif; font-size: small;\"><a href=\"http:\/\/www.dezeen.com\/2012\/10\/29\/a-cantina-by-estudio-nomada\/\" target=\"_blank\">dezeen.com<br \/>\n<\/a><\/span><\/span><\/strong><\/strong><a href=\"http:\/\/www.plataformaarquitectura.cl\/2012\/12\/04\/a-cantina-estudio-nomada\/\" target=\"_blank\"><strong>plataformaarquitectura.cl<br \/>\n<\/strong><\/a><strong><span style=\"color: #333333; font-family: Georgia, 'Times New Roman', 'Bitstream Charter', Times, serif; font-size: small;\"><a href=\"http:\/\/diariodesign.com\/2012\/09\/los-gallegos-de-estudio-nomada-disenan-a-cantina-proyecto-ganador-de-los-restaurant-bar-design-awards-2012\/\" target=\"_blank\">diariodesign.com<br \/>\n<\/a><\/span><\/strong><strong><span style=\"color: #333333; font-family: Georgia, 'Times New Roman', 'Bitstream Charter', Times, serif; font-size: small;\"><a href=\"http:\/\/diariodesign.com\/2012\/09\/los-gallegos-de-estudio-nomada-disenan-a-cantina-proyecto-ganador-de-los-restaurant-bar-design-awards-2012\/\" target=\"_blank\">cidadedacultura.org<br \/>\n<\/a><\/span><\/strong><em id=\"__mceDel\" style=\"line-height: 19px;\"><em id=\"__mceDel\"><a href=\"http:\/\/elpais.com\/diario\/2011\/05\/14\/viajero\/1305404644_850215.html\" target=\"_blank\"><em id=\"__mceDel\"><strong>elpais.com\u00a0<\/strong>14|5|2011<\/em><\/a><\/em><\/em><\/td>\n<\/tr>\n<tr>\n<td width=\"20\"><span style=\"color: #333333; font-family: Georgia, 'Times New Roman', 'Bitstream Charter', Times, serif; font-size: small;\"><span style=\"line-height: 19px;\">\u00a0<\/span><\/span><\/td>\n<td colspan=\"2\"><span style=\"color: #333333; font-family: Georgia, 'Times New Roman', 'Bitstream Charter', Times, serif; font-size: small;\"><span style=\"line-height: 19px;\">Descripci\u00f3n do proxecto:<\/span><\/span><\/td>\n<\/tr>\n<tr>\n<td width=\"20\"><span style=\"color: #333333; font-family: Georgia, 'Times New Roman', 'Bitstream Charter', Times, serif; font-size: small;\"><span style=\"line-height: 19px;\">\u00a0<\/span><\/span><\/td>\n<td width=\"20\"><span style=\"color: #333333; font-family: Georgia, 'Times New Roman', 'Bitstream Charter', Times, serif; font-size: small;\"><span style=\"line-height: 19px;\">\u00a0<\/span><\/span><\/td>\n<td style=\"text-align: justify;\"><span style=\"color: #333333; font-family: Georgia, 'Times New Roman', 'Bitstream Charter', Times, serif; font-size: small;\"><span style=\"color: #333333; font-family: Georgia, 'Times New Roman', 'Bitstream Charter', Times, serif; font-size: small;\"><span style=\"line-height: 19px;\">\u00ab<\/span><\/span><\/span>La propuesta que presentamos busca su soporte en ideas que referencian, desde un lenguaje contempor\u00e1neo y actual, a la cultura popular gallega. Estas referencias aluden subliminalmente a sensaciones comunes de nuestra idiosincrasia cultural.<br \/>\nPara empezar, nos remitimos a la cantina como modelo de establecimiento tradicional en Galicia, concepto que permite su reinterpretaci\u00f3n a trav\u00e9s de un filtro moderno.\u00a0 Abstrayendo esta idea, las mesas se disponen alargadas y en paralelo, bajo unos \u00e1rboles esquem\u00e1ticos que evocan las romer\u00edas a la sombra de las carballeiras.<br \/>\nUn largo mostrador que atraviesa la pared sirve y anexa los espacios de cafeter\u00eda y tienda, en este elemento se impone el color geom\u00e9trico y desinhibido, como se ha aplicado tradicionalmente en las manifestaciones art\u00edsticas populares gallegas. Como complemento para la zona de cafeter\u00eda, se dispone un cuerpo exento rotondo que oculta el office, donde poder preparar alimentos y servir de apoyo a la barra.En la tienda, estanter\u00edas y mostradores con diferentes dimensiones, y baldas regulables en altura se distribuyen laber\u00ednticamente, permitiendo una versatilidad que entendemos fundamental.<br \/>\nIndependientemente de la evidente complejidad que caracteriza al conjunto de la Cidade da Cultura, la intervenci\u00f3n consiste en elementos de mobiliario, sin afectar por ello a los acabados del proyecto general. Dichos elementos pretenden enriquecer el \u00e1mbito de actuaci\u00f3n con cualidades como el color y la madera que aportan una escenograf\u00eda vital y con car\u00e1cter, capaz de albergar cualquier tipo de actividad\u00bb\u00a0Estudio N\u00f3mada<\/td>\n<\/tr>\n<tr>\n<td width=\"20\"><span style=\"color: #333333; font-family: Georgia, 'Times New Roman', 'Bitstream Charter', Times, serif; font-size: small;\"><span style=\"line-height: 19px;\">\u00a0<\/span><\/span><\/td>\n<td colspan=\"2\"><span style=\"color: #333333; font-family: Georgia, 'Times New Roman', 'Bitstream Charter', Times, serif; font-size: small;\"><span style=\"color: #333333; font-family: Georgia, 'Times New Roman', 'Bitstream Charter', Times, serif; font-size: small;\">Reportaxe fotogr\u00e1fica: <a href=\"http:\/\/arquitecturadegalicia.eu\/blog\/?author=##\" target=\"_blank\"><br \/>\n<\/a><\/span><\/span><\/td>\n<\/tr>\n<tr>\n<td width=\"20\"><span style=\"color: #333333; font-family: Georgia, 'Times New Roman', 'Bitstream Charter', Times, serif; font-size: small;\"><span style=\"line-height: 19px;\">\u00a0<\/span><\/span><\/td>\n<td colspan=\"2\"><span style=\"color: #333333; font-family: Georgia, 'Times New Roman', 'Bitstream Charter', Times, serif; font-size: small;\"><span style=\"line-height: 19px;\">\u00a0<\/span><\/span><\/td>\n<\/tr>\n<tr>\n<td width=\"20\"><span style=\"color: #333333; font-family: Georgia, 'Times New Roman', 'Bitstream Charter', Times, serif; font-size: small;\"><span style=\"line-height: 19px;\">\u00a0<\/span><\/span><\/td>\n<td colspan=\"2\"><span style=\"color: #333333; font-family: Georgia, 'Times New Roman', 'Bitstream Charter', Times, serif; font-size: small;\"><span style=\"line-height: 19px;\">Planos:<\/span><\/span><\/td>\n<\/tr>\n<tr>\n<td width=\"20\"><span style=\"color: #333333; font-family: Georgia, 'Times New Roman', 'Bitstream Charter', Times, serif; font-size: small;\"><span style=\"line-height: 19px;\">\u00a0<\/span><\/span><\/td>\n<td colspan=\"2\"><span style=\"color: #333333; font-family: Georgia, 'Times New Roman', 'Bitstream Charter', Times, serif; font-size: small;\"><span style=\"line-height: 19px;\">\u00a0[nggallery id=353]<\/span><\/span><\/td>\n<\/tr>\n<\/tbody>\n<\/table>\n","protected":false},"excerpt":{"rendered":"<p>\u00abLa cantina como modelo de establecimiento tradicional en Galicia, concepto que permite su reinterpretaci\u00f3n a trav\u00e9s de un filtro moderno.  Abstrayendo esta idea, las mesas se disponen alargadas y en paralelo, bajo unos \u00e1rboles esquem\u00e1ticos que evocan las romer\u00edas a la sombra de las carballeiras\u00bb Estudio N\u00f3mada<\/p>\n","protected":false},"author":8,"featured_media":9871,"comment_status":"open","ping_status":"open","sticky":false,"template":"","format":"standard","meta":{"jetpack_post_was_ever_published":false,"_jetpack_newsletter_access":"","_jetpack_dont_email_post_to_subs":false,"_jetpack_newsletter_tier_id":0,"_jetpack_memberships_contains_paywalled_content":false,"_jetpack_memberships_contains_paid_content":false,"footnotes":"","jetpack_publicize_message":"","jetpack_publicize_feature_enabled":true,"jetpack_social_post_already_shared":true,"jetpack_social_options":{"image_generator_settings":{"template":"highway","enabled":false},"version":2}},"categories":[22],"tags":[56,487,801],"ano":[],"arquitectos":[],"tipoloxia":[],"class_list":["post-9869","post","type-post","status-publish","format-standard","has-post-thumbnail","hentry","category-santiago-de-compostela","tag-56","tag-estudio-nomada","tag-interiorismo","content-print"],"jetpack_publicize_connections":[],"yoast_head":"<!-- This site is optimized with the Yoast SEO plugin v24.1 - https:\/\/yoast.com\/wordpress\/plugins\/seo\/ -->\n<title>Cantina da Cidade da Cultura | AG<\/title>\n<meta name=\"robots\" content=\"index, follow, max-snippet:-1, max-image-preview:large, max-video-preview:-1\" \/>\n<link rel=\"canonical\" href=\"http:\/\/arquitecturadegalicia.eu\/blog\/cantina-da-cidade-da-cultura\/\" \/>\n<meta property=\"og:locale\" content=\"es_ES\" \/>\n<meta property=\"og:type\" content=\"article\" \/>\n<meta property=\"og:title\" content=\"Cantina da Cidade da Cultura | AG\" \/>\n<meta property=\"og:description\" content=\"&quot;La cantina como modelo de establecimiento tradicional en Galicia, concepto que permite su reinterpretaci\u00f3n a trav\u00e9s de un filtro moderno. Abstrayendo esta idea, las mesas se disponen alargadas y en paralelo, bajo unos \u00e1rboles esquem\u00e1ticos que evocan las romer\u00edas a la sombra de las carballeiras&quot; Estudio N\u00f3mada\" \/>\n<meta property=\"og:url\" content=\"http:\/\/arquitecturadegalicia.eu\/blog\/cantina-da-cidade-da-cultura\/\" \/>\n<meta property=\"og:site_name\" content=\"AG\" \/>\n<meta property=\"article:publisher\" content=\"https:\/\/www.facebook.com\/ArquitecturadeGalicia\/\" \/>\n<meta property=\"article:published_time\" content=\"2013-11-05T19:00:27+00:00\" \/>\n<meta property=\"article:modified_time\" content=\"2013-11-05T19:32:09+00:00\" \/>\n<meta property=\"og:image\" content=\"http:\/\/arquitecturadegalicia.eu\/blog\/wp-content\/uploads\/2013\/11\/en_c_01_27720.jpg\" \/>\n\t<meta property=\"og:image:width\" content=\"620\" \/>\n\t<meta property=\"og:image:height\" content=\"465\" \/>\n\t<meta property=\"og:image:type\" content=\"image\/jpeg\" \/>\n<meta name=\"author\" content=\"Iago Valverde\" \/>\n<meta name=\"twitter:card\" content=\"summary_large_image\" \/>\n<meta name=\"twitter:creator\" content=\"@arquigaliciaeu\" \/>\n<meta name=\"twitter:site\" content=\"@arquigaliciaeu\" \/>\n<meta name=\"twitter:label1\" content=\"Escrito por\" \/>\n\t<meta name=\"twitter:data1\" content=\"Iago Valverde\" \/>\n\t<meta name=\"twitter:label2\" content=\"Tiempo de lectura\" \/>\n\t<meta name=\"twitter:data2\" content=\"2 minutos\" \/>\n<script type=\"application\/ld+json\" class=\"yoast-schema-graph\">{\"@context\":\"https:\/\/schema.org\",\"@graph\":[{\"@type\":\"Article\",\"@id\":\"http:\/\/arquitecturadegalicia.eu\/blog\/cantina-da-cidade-da-cultura\/#article\",\"isPartOf\":{\"@id\":\"http:\/\/arquitecturadegalicia.eu\/blog\/cantina-da-cidade-da-cultura\/\"},\"author\":{\"name\":\"Iago Valverde\",\"@id\":\"https:\/\/arquitecturadegalicia.eu\/blog\/#\/schema\/person\/a51297ea3eeddd32ccbd89a218e148f1\"},\"headline\":\"Cantina da Cidade da Cultura\",\"datePublished\":\"2013-11-05T19:00:27+00:00\",\"dateModified\":\"2013-11-05T19:32:09+00:00\",\"mainEntityOfPage\":{\"@id\":\"http:\/\/arquitecturadegalicia.eu\/blog\/cantina-da-cidade-da-cultura\/\"},\"wordCount\":341,\"commentCount\":0,\"publisher\":{\"@id\":\"https:\/\/arquitecturadegalicia.eu\/blog\/#organization\"},\"image\":{\"@id\":\"http:\/\/arquitecturadegalicia.eu\/blog\/cantina-da-cidade-da-cultura\/#primaryimage\"},\"thumbnailUrl\":\"https:\/\/arquitecturadegalicia.eu\/blog\/wp-content\/uploads\/2013\/11\/en_c_01_27720.jpg\",\"keywords\":[\"2011\",\"estudio n\u00f3mada\",\"interiorismo\"],\"articleSection\":[\"Santiago de Compostela\"],\"inLanguage\":\"es\",\"potentialAction\":[{\"@type\":\"CommentAction\",\"name\":\"Comment\",\"target\":[\"http:\/\/arquitecturadegalicia.eu\/blog\/cantina-da-cidade-da-cultura\/#respond\"]}]},{\"@type\":\"WebPage\",\"@id\":\"http:\/\/arquitecturadegalicia.eu\/blog\/cantina-da-cidade-da-cultura\/\",\"url\":\"http:\/\/arquitecturadegalicia.eu\/blog\/cantina-da-cidade-da-cultura\/\",\"name\":\"Cantina da Cidade da Cultura | AG\",\"isPartOf\":{\"@id\":\"https:\/\/arquitecturadegalicia.eu\/blog\/#website\"},\"primaryImageOfPage\":{\"@id\":\"http:\/\/arquitecturadegalicia.eu\/blog\/cantina-da-cidade-da-cultura\/#primaryimage\"},\"image\":{\"@id\":\"http:\/\/arquitecturadegalicia.eu\/blog\/cantina-da-cidade-da-cultura\/#primaryimage\"},\"thumbnailUrl\":\"https:\/\/arquitecturadegalicia.eu\/blog\/wp-content\/uploads\/2013\/11\/en_c_01_27720.jpg\",\"datePublished\":\"2013-11-05T19:00:27+00:00\",\"dateModified\":\"2013-11-05T19:32:09+00:00\",\"breadcrumb\":{\"@id\":\"http:\/\/arquitecturadegalicia.eu\/blog\/cantina-da-cidade-da-cultura\/#breadcrumb\"},\"inLanguage\":\"es\",\"potentialAction\":[{\"@type\":\"ReadAction\",\"target\":[\"http:\/\/arquitecturadegalicia.eu\/blog\/cantina-da-cidade-da-cultura\/\"]}]},{\"@type\":\"ImageObject\",\"inLanguage\":\"es\",\"@id\":\"http:\/\/arquitecturadegalicia.eu\/blog\/cantina-da-cidade-da-cultura\/#primaryimage\",\"url\":\"https:\/\/arquitecturadegalicia.eu\/blog\/wp-content\/uploads\/2013\/11\/en_c_01_27720.jpg\",\"contentUrl\":\"https:\/\/arquitecturadegalicia.eu\/blog\/wp-content\/uploads\/2013\/11\/en_c_01_27720.jpg\",\"width\":620,\"height\":465},{\"@type\":\"BreadcrumbList\",\"@id\":\"http:\/\/arquitecturadegalicia.eu\/blog\/cantina-da-cidade-da-cultura\/#breadcrumb\",\"itemListElement\":[{\"@type\":\"ListItem\",\"position\":1,\"name\":\"Portada\",\"item\":\"https:\/\/arquitecturadegalicia.eu\/blog\/\"},{\"@type\":\"ListItem\",\"position\":2,\"name\":\"Cantina da Cidade da Cultura\"}]},{\"@type\":\"WebSite\",\"@id\":\"https:\/\/arquitecturadegalicia.eu\/blog\/#website\",\"url\":\"https:\/\/arquitecturadegalicia.eu\/blog\/\",\"name\":\"AG\",\"description\":\"Arquitectura de Galicia\",\"publisher\":{\"@id\":\"https:\/\/arquitecturadegalicia.eu\/blog\/#organization\"},\"potentialAction\":[{\"@type\":\"SearchAction\",\"target\":{\"@type\":\"EntryPoint\",\"urlTemplate\":\"https:\/\/arquitecturadegalicia.eu\/blog\/?s={search_term_string}\"},\"query-input\":{\"@type\":\"PropertyValueSpecification\",\"valueRequired\":true,\"valueName\":\"search_term_string\"}}],\"inLanguage\":\"es\"},{\"@type\":\"Organization\",\"@id\":\"https:\/\/arquitecturadegalicia.eu\/blog\/#organization\",\"name\":\"Arquitectura de Galicia\",\"url\":\"https:\/\/arquitecturadegalicia.eu\/blog\/\",\"logo\":{\"@type\":\"ImageObject\",\"inLanguage\":\"es\",\"@id\":\"https:\/\/arquitecturadegalicia.eu\/blog\/#\/schema\/logo\/image\/\",\"url\":\"https:\/\/arquitecturadegalicia.eu\/blog\/wp-content\/uploads\/2017\/01\/arquitecturacurrents2.png\",\"contentUrl\":\"https:\/\/arquitecturadegalicia.eu\/blog\/wp-content\/uploads\/2017\/01\/arquitecturacurrents2.png\",\"width\":840,\"height\":640,\"caption\":\"Arquitectura de Galicia\"},\"image\":{\"@id\":\"https:\/\/arquitecturadegalicia.eu\/blog\/#\/schema\/logo\/image\/\"},\"sameAs\":[\"https:\/\/www.facebook.com\/ArquitecturadeGalicia\/\",\"https:\/\/x.com\/arquigaliciaeu\",\"https:\/\/www.instagram.com\/arquigaliciaeu\/\"]},{\"@type\":\"Person\",\"@id\":\"https:\/\/arquitecturadegalicia.eu\/blog\/#\/schema\/person\/a51297ea3eeddd32ccbd89a218e148f1\",\"name\":\"Iago Valverde\",\"image\":{\"@type\":\"ImageObject\",\"inLanguage\":\"es\",\"@id\":\"https:\/\/arquitecturadegalicia.eu\/blog\/#\/schema\/person\/image\/\",\"url\":\"https:\/\/secure.gravatar.com\/avatar\/eb8a9f2f10ff79db5c78989d92f1e8b2?s=96&d=mm&r=g\",\"contentUrl\":\"https:\/\/secure.gravatar.com\/avatar\/eb8a9f2f10ff79db5c78989d92f1e8b2?s=96&d=mm&r=g\",\"caption\":\"Iago Valverde\"},\"description\":\"Nigr\u00e1n | Edici\u00f3n de artigos e xeolocalizaci\u00f3n | Arquitecto en formaci\u00f3n na ETSAC e cursando PFC. Interesado en urbanismo, arquitectura, pol\u00edtica, e todo aquilo que \u00e9 complexo e vital\",\"url\":\"https:\/\/arquitecturadegalicia.eu\/blog\/author\/iago-valverde\/\"}]}<\/script>\n<!-- \/ Yoast SEO plugin. -->","yoast_head_json":{"title":"Cantina da Cidade da Cultura | AG","robots":{"index":"index","follow":"follow","max-snippet":"max-snippet:-1","max-image-preview":"max-image-preview:large","max-video-preview":"max-video-preview:-1"},"canonical":"http:\/\/arquitecturadegalicia.eu\/blog\/cantina-da-cidade-da-cultura\/","og_locale":"es_ES","og_type":"article","og_title":"Cantina da Cidade da Cultura | AG","og_description":"\"La cantina como modelo de establecimiento tradicional en Galicia, concepto que permite su reinterpretaci\u00f3n a trav\u00e9s de un filtro moderno. Abstrayendo esta idea, las mesas se disponen alargadas y en paralelo, bajo unos \u00e1rboles esquem\u00e1ticos que evocan las romer\u00edas a la sombra de las carballeiras\" Estudio N\u00f3mada","og_url":"http:\/\/arquitecturadegalicia.eu\/blog\/cantina-da-cidade-da-cultura\/","og_site_name":"AG","article_publisher":"https:\/\/www.facebook.com\/ArquitecturadeGalicia\/","article_published_time":"2013-11-05T19:00:27+00:00","article_modified_time":"2013-11-05T19:32:09+00:00","og_image":[{"width":620,"height":465,"url":"http:\/\/arquitecturadegalicia.eu\/blog\/wp-content\/uploads\/2013\/11\/en_c_01_27720.jpg","type":"image\/jpeg"}],"author":"Iago Valverde","twitter_card":"summary_large_image","twitter_creator":"@arquigaliciaeu","twitter_site":"@arquigaliciaeu","twitter_misc":{"Escrito por":"Iago Valverde","Tiempo de lectura":"2 minutos"},"schema":{"@context":"https:\/\/schema.org","@graph":[{"@type":"Article","@id":"http:\/\/arquitecturadegalicia.eu\/blog\/cantina-da-cidade-da-cultura\/#article","isPartOf":{"@id":"http:\/\/arquitecturadegalicia.eu\/blog\/cantina-da-cidade-da-cultura\/"},"author":{"name":"Iago Valverde","@id":"https:\/\/arquitecturadegalicia.eu\/blog\/#\/schema\/person\/a51297ea3eeddd32ccbd89a218e148f1"},"headline":"Cantina da Cidade da Cultura","datePublished":"2013-11-05T19:00:27+00:00","dateModified":"2013-11-05T19:32:09+00:00","mainEntityOfPage":{"@id":"http:\/\/arquitecturadegalicia.eu\/blog\/cantina-da-cidade-da-cultura\/"},"wordCount":341,"commentCount":0,"publisher":{"@id":"https:\/\/arquitecturadegalicia.eu\/blog\/#organization"},"image":{"@id":"http:\/\/arquitecturadegalicia.eu\/blog\/cantina-da-cidade-da-cultura\/#primaryimage"},"thumbnailUrl":"https:\/\/arquitecturadegalicia.eu\/blog\/wp-content\/uploads\/2013\/11\/en_c_01_27720.jpg","keywords":["2011","estudio n\u00f3mada","interiorismo"],"articleSection":["Santiago de Compostela"],"inLanguage":"es","potentialAction":[{"@type":"CommentAction","name":"Comment","target":["http:\/\/arquitecturadegalicia.eu\/blog\/cantina-da-cidade-da-cultura\/#respond"]}]},{"@type":"WebPage","@id":"http:\/\/arquitecturadegalicia.eu\/blog\/cantina-da-cidade-da-cultura\/","url":"http:\/\/arquitecturadegalicia.eu\/blog\/cantina-da-cidade-da-cultura\/","name":"Cantina da Cidade da Cultura | AG","isPartOf":{"@id":"https:\/\/arquitecturadegalicia.eu\/blog\/#website"},"primaryImageOfPage":{"@id":"http:\/\/arquitecturadegalicia.eu\/blog\/cantina-da-cidade-da-cultura\/#primaryimage"},"image":{"@id":"http:\/\/arquitecturadegalicia.eu\/blog\/cantina-da-cidade-da-cultura\/#primaryimage"},"thumbnailUrl":"https:\/\/arquitecturadegalicia.eu\/blog\/wp-content\/uploads\/2013\/11\/en_c_01_27720.jpg","datePublished":"2013-11-05T19:00:27+00:00","dateModified":"2013-11-05T19:32:09+00:00","breadcrumb":{"@id":"http:\/\/arquitecturadegalicia.eu\/blog\/cantina-da-cidade-da-cultura\/#breadcrumb"},"inLanguage":"es","potentialAction":[{"@type":"ReadAction","target":["http:\/\/arquitecturadegalicia.eu\/blog\/cantina-da-cidade-da-cultura\/"]}]},{"@type":"ImageObject","inLanguage":"es","@id":"http:\/\/arquitecturadegalicia.eu\/blog\/cantina-da-cidade-da-cultura\/#primaryimage","url":"https:\/\/arquitecturadegalicia.eu\/blog\/wp-content\/uploads\/2013\/11\/en_c_01_27720.jpg","contentUrl":"https:\/\/arquitecturadegalicia.eu\/blog\/wp-content\/uploads\/2013\/11\/en_c_01_27720.jpg","width":620,"height":465},{"@type":"BreadcrumbList","@id":"http:\/\/arquitecturadegalicia.eu\/blog\/cantina-da-cidade-da-cultura\/#breadcrumb","itemListElement":[{"@type":"ListItem","position":1,"name":"Portada","item":"https:\/\/arquitecturadegalicia.eu\/blog\/"},{"@type":"ListItem","position":2,"name":"Cantina da Cidade da Cultura"}]},{"@type":"WebSite","@id":"https:\/\/arquitecturadegalicia.eu\/blog\/#website","url":"https:\/\/arquitecturadegalicia.eu\/blog\/","name":"AG","description":"Arquitectura de Galicia","publisher":{"@id":"https:\/\/arquitecturadegalicia.eu\/blog\/#organization"},"potentialAction":[{"@type":"SearchAction","target":{"@type":"EntryPoint","urlTemplate":"https:\/\/arquitecturadegalicia.eu\/blog\/?s={search_term_string}"},"query-input":{"@type":"PropertyValueSpecification","valueRequired":true,"valueName":"search_term_string"}}],"inLanguage":"es"},{"@type":"Organization","@id":"https:\/\/arquitecturadegalicia.eu\/blog\/#organization","name":"Arquitectura de Galicia","url":"https:\/\/arquitecturadegalicia.eu\/blog\/","logo":{"@type":"ImageObject","inLanguage":"es","@id":"https:\/\/arquitecturadegalicia.eu\/blog\/#\/schema\/logo\/image\/","url":"https:\/\/arquitecturadegalicia.eu\/blog\/wp-content\/uploads\/2017\/01\/arquitecturacurrents2.png","contentUrl":"https:\/\/arquitecturadegalicia.eu\/blog\/wp-content\/uploads\/2017\/01\/arquitecturacurrents2.png","width":840,"height":640,"caption":"Arquitectura de Galicia"},"image":{"@id":"https:\/\/arquitecturadegalicia.eu\/blog\/#\/schema\/logo\/image\/"},"sameAs":["https:\/\/www.facebook.com\/ArquitecturadeGalicia\/","https:\/\/x.com\/arquigaliciaeu","https:\/\/www.instagram.com\/arquigaliciaeu\/"]},{"@type":"Person","@id":"https:\/\/arquitecturadegalicia.eu\/blog\/#\/schema\/person\/a51297ea3eeddd32ccbd89a218e148f1","name":"Iago Valverde","image":{"@type":"ImageObject","inLanguage":"es","@id":"https:\/\/arquitecturadegalicia.eu\/blog\/#\/schema\/person\/image\/","url":"https:\/\/secure.gravatar.com\/avatar\/eb8a9f2f10ff79db5c78989d92f1e8b2?s=96&d=mm&r=g","contentUrl":"https:\/\/secure.gravatar.com\/avatar\/eb8a9f2f10ff79db5c78989d92f1e8b2?s=96&d=mm&r=g","caption":"Iago Valverde"},"description":"Nigr\u00e1n | Edici\u00f3n de artigos e xeolocalizaci\u00f3n | Arquitecto en formaci\u00f3n na ETSAC e cursando PFC. Interesado en urbanismo, arquitectura, pol\u00edtica, e todo aquilo que \u00e9 complexo e vital","url":"https:\/\/arquitecturadegalicia.eu\/blog\/author\/iago-valverde\/"}]}},"jetpack_featured_media_url":"https:\/\/arquitecturadegalicia.eu\/blog\/wp-content\/uploads\/2013\/11\/en_c_01_27720.jpg","jetpack_shortlink":"https:\/\/wp.me\/p2NHs2-2zb","jetpack_sharing_enabled":true,"_links":{"self":[{"href":"https:\/\/arquitecturadegalicia.eu\/blog\/wp-json\/wp\/v2\/posts\/9869","targetHints":{"allow":["GET"]}}],"collection":[{"href":"https:\/\/arquitecturadegalicia.eu\/blog\/wp-json\/wp\/v2\/posts"}],"about":[{"href":"https:\/\/arquitecturadegalicia.eu\/blog\/wp-json\/wp\/v2\/types\/post"}],"author":[{"embeddable":true,"href":"https:\/\/arquitecturadegalicia.eu\/blog\/wp-json\/wp\/v2\/users\/8"}],"replies":[{"embeddable":true,"href":"https:\/\/arquitecturadegalicia.eu\/blog\/wp-json\/wp\/v2\/comments?post=9869"}],"version-history":[{"count":15,"href":"https:\/\/arquitecturadegalicia.eu\/blog\/wp-json\/wp\/v2\/posts\/9869\/revisions"}],"predecessor-version":[{"id":12599,"href":"https:\/\/arquitecturadegalicia.eu\/blog\/wp-json\/wp\/v2\/posts\/9869\/revisions\/12599"}],"wp:featuredmedia":[{"embeddable":true,"href":"https:\/\/arquitecturadegalicia.eu\/blog\/wp-json\/wp\/v2\/media\/9871"}],"wp:attachment":[{"href":"https:\/\/arquitecturadegalicia.eu\/blog\/wp-json\/wp\/v2\/media?parent=9869"}],"wp:term":[{"taxonomy":"category","embeddable":true,"href":"https:\/\/arquitecturadegalicia.eu\/blog\/wp-json\/wp\/v2\/categories?post=9869"},{"taxonomy":"post_tag","embeddable":true,"href":"https:\/\/arquitecturadegalicia.eu\/blog\/wp-json\/wp\/v2\/tags?post=9869"},{"taxonomy":"ano","embeddable":true,"href":"https:\/\/arquitecturadegalicia.eu\/blog\/wp-json\/wp\/v2\/ano?post=9869"},{"taxonomy":"arquitectos","embeddable":true,"href":"https:\/\/arquitecturadegalicia.eu\/blog\/wp-json\/wp\/v2\/arquitectos?post=9869"},{"taxonomy":"tipoloxia","embeddable":true,"href":"https:\/\/arquitecturadegalicia.eu\/blog\/wp-json\/wp\/v2\/tipoloxia?post=9869"}],"curies":[{"name":"wp","href":"https:\/\/api.w.org\/{rel}","templated":true}]}}