{"id":11,"name":"Adri\u00e1n Capelo","url":"","description":"<strong>Pontevedra | Dese\u00f1o gr\u00e1fico, fotograf\u00eda e\u00a0edici\u00f3n de artigos<\/strong> | Estudiante de Arquitectura na ETSA de A Coru\u00f1a. Fai \u00e1s veces de fot\u00f3grafo, dese\u00f1ador gr\u00e1fico ou m\u00fasico | <strong><a href=\"http:\\\\adriancapelo.tumblr.com\">M\u00e1is informaci\u00f3n sobre Adri\u00e1n<\/a><\/strong>","link":"https:\/\/arquitecturadegalicia.eu\/blog\/author\/adriancapelo\/","slug":"adriancapelo","avatar_urls":{"24":"https:\/\/secure.gravatar.com\/avatar\/f106f10a14512409fee37ea940dd22e4?s=24&d=mm&r=g","48":"https:\/\/secure.gravatar.com\/avatar\/f106f10a14512409fee37ea940dd22e4?s=48&d=mm&r=g","96":"https:\/\/secure.gravatar.com\/avatar\/f106f10a14512409fee37ea940dd22e4?s=96&d=mm&r=g"},"meta":[],"yoast_head":"<!-- This site is optimized with the Yoast SEO plugin v24.1 - https:\/\/yoast.com\/wordpress\/plugins\/seo\/ -->\n<title>Adri\u00e1n Capelo, Autor en AG<\/title>\n<meta name=\"robots\" content=\"index, follow, max-snippet:-1, max-image-preview:large, max-video-preview:-1\" \/>\n<link rel=\"canonical\" href=\"https:\/\/arquitecturadegalicia.eu\/blog\/author\/adriancapelo\/\" \/>\n<meta property=\"og:locale\" content=\"es_ES\" \/>\n<meta property=\"og:type\" content=\"profile\" \/>\n<meta property=\"og:title\" content=\"Adri\u00e1n Capelo, Autor en AG\" \/>\n<meta property=\"og:url\" content=\"https:\/\/arquitecturadegalicia.eu\/blog\/author\/adriancapelo\/\" \/>\n<meta property=\"og:site_name\" content=\"AG\" \/>\n<meta property=\"og:image\" content=\"https:\/\/secure.gravatar.com\/avatar\/f106f10a14512409fee37ea940dd22e4?s=500&d=mm&r=g\" \/>\n<meta name=\"twitter:card\" content=\"summary_large_image\" \/>\n<meta name=\"twitter:site\" content=\"@arquigaliciaeu\" \/>\n<script type=\"application\/ld+json\" class=\"yoast-schema-graph\">{\"@context\":\"https:\/\/schema.org\",\"@graph\":[{\"@type\":\"ProfilePage\",\"@id\":\"https:\/\/arquitecturadegalicia.eu\/blog\/author\/adriancapelo\/\",\"url\":\"https:\/\/arquitecturadegalicia.eu\/blog\/author\/adriancapelo\/\",\"name\":\"Adri\u00e1n Capelo, Autor en AG\",\"isPartOf\":{\"@id\":\"https:\/\/arquitecturadegalicia.eu\/blog\/#website\"},\"breadcrumb\":{\"@id\":\"https:\/\/arquitecturadegalicia.eu\/blog\/author\/adriancapelo\/#breadcrumb\"},\"inLanguage\":\"es\",\"potentialAction\":[{\"@type\":\"ReadAction\",\"target\":[\"https:\/\/arquitecturadegalicia.eu\/blog\/author\/adriancapelo\/\"]}]},{\"@type\":\"BreadcrumbList\",\"@id\":\"https:\/\/arquitecturadegalicia.eu\/blog\/author\/adriancapelo\/#breadcrumb\",\"itemListElement\":[{\"@type\":\"ListItem\",\"position\":1,\"name\":\"Portada\",\"item\":\"https:\/\/arquitecturadegalicia.eu\/blog\/\"},{\"@type\":\"ListItem\",\"position\":2,\"name\":\"Archivos por Adri\u00e1n Capelo\"}]},{\"@type\":\"WebSite\",\"@id\":\"https:\/\/arquitecturadegalicia.eu\/blog\/#website\",\"url\":\"https:\/\/arquitecturadegalicia.eu\/blog\/\",\"name\":\"AG\",\"description\":\"Arquitectura de Galicia\",\"publisher\":{\"@id\":\"https:\/\/arquitecturadegalicia.eu\/blog\/#organization\"},\"potentialAction\":[{\"@type\":\"SearchAction\",\"target\":{\"@type\":\"EntryPoint\",\"urlTemplate\":\"https:\/\/arquitecturadegalicia.eu\/blog\/?s={search_term_string}\"},\"query-input\":{\"@type\":\"PropertyValueSpecification\",\"valueRequired\":true,\"valueName\":\"search_term_string\"}}],\"inLanguage\":\"es\"},{\"@type\":\"Organization\",\"@id\":\"https:\/\/arquitecturadegalicia.eu\/blog\/#organization\",\"name\":\"Arquitectura de Galicia\",\"url\":\"https:\/\/arquitecturadegalicia.eu\/blog\/\",\"logo\":{\"@type\":\"ImageObject\",\"inLanguage\":\"es\",\"@id\":\"https:\/\/arquitecturadegalicia.eu\/blog\/#\/schema\/logo\/image\/\",\"url\":\"https:\/\/arquitecturadegalicia.eu\/blog\/wp-content\/uploads\/2017\/01\/arquitecturacurrents2.png\",\"contentUrl\":\"https:\/\/arquitecturadegalicia.eu\/blog\/wp-content\/uploads\/2017\/01\/arquitecturacurrents2.png\",\"width\":840,\"height\":640,\"caption\":\"Arquitectura de Galicia\"},\"image\":{\"@id\":\"https:\/\/arquitecturadegalicia.eu\/blog\/#\/schema\/logo\/image\/\"},\"sameAs\":[\"https:\/\/www.facebook.com\/ArquitecturadeGalicia\/\",\"https:\/\/x.com\/arquigaliciaeu\",\"https:\/\/www.instagram.com\/arquigaliciaeu\/\"]},{\"@type\":\"Person\",\"@id\":\"https:\/\/arquitecturadegalicia.eu\/blog\/#\/schema\/person\/02decbe073ba6ac287ee8b22fc7c953e\",\"name\":\"Adri\u00e1n Capelo\",\"image\":{\"@type\":\"ImageObject\",\"inLanguage\":\"es\",\"@id\":\"https:\/\/arquitecturadegalicia.eu\/blog\/#\/schema\/person\/image\/\",\"url\":\"https:\/\/secure.gravatar.com\/avatar\/f106f10a14512409fee37ea940dd22e4?s=96&d=mm&r=g\",\"contentUrl\":\"https:\/\/secure.gravatar.com\/avatar\/f106f10a14512409fee37ea940dd22e4?s=96&d=mm&r=g\",\"caption\":\"Adri\u00e1n Capelo\"},\"description\":\"Pontevedra | Dese\u00f1o gr\u00e1fico, fotograf\u00eda e\u00a0edici\u00f3n de artigos | Estudiante de Arquitectura na ETSA de A Coru\u00f1a. Fai \u00e1s veces de fot\u00f3grafo, dese\u00f1ador gr\u00e1fico ou m\u00fasico | M\u00e1is informaci\u00f3n sobre Adri\u00e1n\",\"mainEntityOfPage\":{\"@id\":\"https:\/\/arquitecturadegalicia.eu\/blog\/author\/adriancapelo\/\"}}]}<\/script>\n<!-- \/ Yoast SEO plugin. -->","yoast_head_json":{"title":"Adri\u00e1n Capelo, Autor en AG","robots":{"index":"index","follow":"follow","max-snippet":"max-snippet:-1","max-image-preview":"max-image-preview:large","max-video-preview":"max-video-preview:-1"},"canonical":"https:\/\/arquitecturadegalicia.eu\/blog\/author\/adriancapelo\/","og_locale":"es_ES","og_type":"profile","og_title":"Adri\u00e1n Capelo, Autor en AG","og_url":"https:\/\/arquitecturadegalicia.eu\/blog\/author\/adriancapelo\/","og_site_name":"AG","og_image":[{"url":"https:\/\/secure.gravatar.com\/avatar\/f106f10a14512409fee37ea940dd22e4?s=500&d=mm&r=g","type":"","width":"","height":""}],"twitter_card":"summary_large_image","twitter_site":"@arquigaliciaeu","schema":{"@context":"https:\/\/schema.org","@graph":[{"@type":"ProfilePage","@id":"https:\/\/arquitecturadegalicia.eu\/blog\/author\/adriancapelo\/","url":"https:\/\/arquitecturadegalicia.eu\/blog\/author\/adriancapelo\/","name":"Adri\u00e1n Capelo, Autor en AG","isPartOf":{"@id":"https:\/\/arquitecturadegalicia.eu\/blog\/#website"},"breadcrumb":{"@id":"https:\/\/arquitecturadegalicia.eu\/blog\/author\/adriancapelo\/#breadcrumb"},"inLanguage":"es","potentialAction":[{"@type":"ReadAction","target":["https:\/\/arquitecturadegalicia.eu\/blog\/author\/adriancapelo\/"]}]},{"@type":"BreadcrumbList","@id":"https:\/\/arquitecturadegalicia.eu\/blog\/author\/adriancapelo\/#breadcrumb","itemListElement":[{"@type":"ListItem","position":1,"name":"Portada","item":"https:\/\/arquitecturadegalicia.eu\/blog\/"},{"@type":"ListItem","position":2,"name":"Archivos por Adri\u00e1n Capelo"}]},{"@type":"WebSite","@id":"https:\/\/arquitecturadegalicia.eu\/blog\/#website","url":"https:\/\/arquitecturadegalicia.eu\/blog\/","name":"AG","description":"Arquitectura de Galicia","publisher":{"@id":"https:\/\/arquitecturadegalicia.eu\/blog\/#organization"},"potentialAction":[{"@type":"SearchAction","target":{"@type":"EntryPoint","urlTemplate":"https:\/\/arquitecturadegalicia.eu\/blog\/?s={search_term_string}"},"query-input":{"@type":"PropertyValueSpecification","valueRequired":true,"valueName":"search_term_string"}}],"inLanguage":"es"},{"@type":"Organization","@id":"https:\/\/arquitecturadegalicia.eu\/blog\/#organization","name":"Arquitectura de Galicia","url":"https:\/\/arquitecturadegalicia.eu\/blog\/","logo":{"@type":"ImageObject","inLanguage":"es","@id":"https:\/\/arquitecturadegalicia.eu\/blog\/#\/schema\/logo\/image\/","url":"https:\/\/arquitecturadegalicia.eu\/blog\/wp-content\/uploads\/2017\/01\/arquitecturacurrents2.png","contentUrl":"https:\/\/arquitecturadegalicia.eu\/blog\/wp-content\/uploads\/2017\/01\/arquitecturacurrents2.png","width":840,"height":640,"caption":"Arquitectura de Galicia"},"image":{"@id":"https:\/\/arquitecturadegalicia.eu\/blog\/#\/schema\/logo\/image\/"},"sameAs":["https:\/\/www.facebook.com\/ArquitecturadeGalicia\/","https:\/\/x.com\/arquigaliciaeu","https:\/\/www.instagram.com\/arquigaliciaeu\/"]},{"@type":"Person","@id":"https:\/\/arquitecturadegalicia.eu\/blog\/#\/schema\/person\/02decbe073ba6ac287ee8b22fc7c953e","name":"Adri\u00e1n Capelo","image":{"@type":"ImageObject","inLanguage":"es","@id":"https:\/\/arquitecturadegalicia.eu\/blog\/#\/schema\/person\/image\/","url":"https:\/\/secure.gravatar.com\/avatar\/f106f10a14512409fee37ea940dd22e4?s=96&d=mm&r=g","contentUrl":"https:\/\/secure.gravatar.com\/avatar\/f106f10a14512409fee37ea940dd22e4?s=96&d=mm&r=g","caption":"Adri\u00e1n Capelo"},"description":"Pontevedra | Dese\u00f1o gr\u00e1fico, fotograf\u00eda e\u00a0edici\u00f3n de artigos | Estudiante de Arquitectura na ETSA de A Coru\u00f1a. Fai \u00e1s veces de fot\u00f3grafo, dese\u00f1ador gr\u00e1fico ou m\u00fasico | M\u00e1is informaci\u00f3n sobre Adri\u00e1n","mainEntityOfPage":{"@id":"https:\/\/arquitecturadegalicia.eu\/blog\/author\/adriancapelo\/"}}]}},"_links":{"self":[{"href":"https:\/\/arquitecturadegalicia.eu\/blog\/wp-json\/wp\/v2\/users\/11","targetHints":{"allow":["GET"]}}],"collection":[{"href":"https:\/\/arquitecturadegalicia.eu\/blog\/wp-json\/wp\/v2\/users"}]}}